{"id":200337,"date":"2026-09-04T14:04:10","date_gmt":"2026-09-04T14:04:10","guid":{"rendered":"https:\/\/www.europesays.com\/afrique\/200337\/"},"modified":"2026-09-04T14:04:10","modified_gmt":"2026-09-04T14:04:10","slug":"ooredoo-tunisie-renouvelle-son-partenariat-historique-avec-le-club-africain","status":"publish","type":"post","link":"https:\/\/www.europesays.com\/afrique\/200337\/","title":{"rendered":"Ooredoo Tunisie renouvelle son partenariat historique avec le Club Africain"},"content":{"rendered":"<p class=\"wp-block-paragraph\">Ooredoo Tunisie a annonc\u00e9, ce jeudi 4 septembre, le renouvellement de son partenariat avec le Club Africain. Cette collaboration, qui remonte \u00e0 2008 selon les deux partenaires, se poursuit avec l\u2019objectif de soutenir le club dans ses diff\u00e9rentes activit\u00e9s sportives et de d\u00e9velopper de nouvelles initiatives destin\u00e9es notamment aux supporters et \u00e0 la jeunesse.<\/p>\n<p>Une collaboration qui se poursuit<\/p>\n<p class=\"wp-block-paragraph\">Le renouvellement de cet accord confirme la poursuite de la relation entre Ooredoo Tunisie et le Club Africain.<\/p>\n<p class=\"wp-block-paragraph\">Les deux partenaires pr\u00e9sentent cette collaboration comme l\u2019une des relations de sponsoring sportif les plus durables en Tunisie. Au fil des ann\u00e9es, Ooredoo a accompagn\u00e9 le club dans ses diff\u00e9rentes activit\u00e9s et dans le d\u00e9veloppement de plusieurs de ses \u00e9quipes.<\/p>\n<p class=\"wp-block-paragraph\">Le partenariat doit \u00e9galement continuer \u00e0 soutenir les ambitions sportives du Club Africain, sur le plan national comme continental.<\/p>\n<p><img loading=\"lazy\" decoding=\"async\" width=\"1024\" height=\"683\" src=\"data:image\/svg+xml,%3Csvg%20xmlns=\" http:=\"\" alt=\"\" data-lazy- data-lazy- data-lazy-src=\"https:\/\/www.europesays.com\/afrique\/wp-content\/uploads\/2026\/09\/L86A6795-1024x683.jpg\"\/><img loading=\"lazy\" decoding=\"async\" width=\"1024\" height=\"683\" src=\"https:\/\/www.europesays.com\/afrique\/wp-content\/uploads\/2026\/09\/L86A6795-1024x683.jpg\" alt=\"\"  \/><\/p>\n<p>Ooredoo mise sur le sport et la jeunesse<\/p>\n<p class=\"wp-block-paragraph\">\u00c0 l\u2019occasion de ce renouvellement, le directeur g\u00e9n\u00e9ral d\u2019Ooredoo Tunisie, Eyas Assaf, a soulign\u00e9 l\u2019importance de la continuit\u00e9 de cette collaboration.<\/p>\n<p class=\"wp-block-paragraph\">\u00ab Nous sommes heureux de poursuivre notre partenariat avec le Club Africain, qui remonte \u00e0 2008 et compte parmi les partenariats importants d\u2019Ooredoo en Tunisie. Au fil des ann\u00e9es, cette relation a d\u00e9montr\u00e9 que les partenariats r\u00e9ussis reposent sur la confiance, la continuit\u00e9 et une vision partag\u00e9e. Aujourd\u2019hui, nous renouvelons notre engagement \u00e0 soutenir le Club Africain et \u00e0 l\u2019accompagner dans son parcours, \u00e0 la hauteur de son histoire et de la place particuli\u00e8re qu\u2019il occupe aupr\u00e8s de ses supporters et dans le sport tunisien.<\/p>\n<p class=\"wp-block-paragraph\">Chez Ooredoo, nous sommes convaincus que le sport ne se r\u00e9sume pas \u00e0 la comp\u00e9tition. Il constitue un espace o\u00f9 s\u2019expriment l\u2019ambition, la pers\u00e9v\u00e9rance et l\u2019esprit d\u2019\u00e9quipe, tout en repr\u00e9sentant un vecteur important d\u2019\u00e9mancipation pour les jeunes. Nous continuerons ainsi \u00e0 investir dans des initiatives et des partenariats qui contribuent au d\u00e9veloppement du sport tunisien et cr\u00e9ent un impact positif et durable. \u00bb, a-t-il notamment d\u00e9clar\u00e9.<\/p>\n<p class=\"wp-block-paragraph\">L\u2019op\u00e9rateur affirme vouloir poursuivre son engagement en faveur du sport tunisien et soutenir des initiatives contribuant \u00e0 l\u2019accompagnement des jeunes.<\/p>\n<p class=\"wp-block-paragraph\">Pour Ooredoo, le sport constitue \u00e9galement un espace permettant de promouvoir des valeurs telles que l\u2019ambition, la pers\u00e9v\u00e9rance et l\u2019esprit d\u2019\u00e9quipe.<\/p>\n<p>Le Club Africain salue la continuit\u00e9 du partenariat<\/p>\n<p class=\"wp-block-paragraph\">De son c\u00f4t\u00e9, le pr\u00e9sident du Club Africain, Mohsen Trabelsi, a salu\u00e9 la poursuite de cette collaboration historique. Selon lui, le renouvellement du partenariat doit permettre au club de poursuivre son d\u00e9veloppement et de renforcer ses capacit\u00e9s pour r\u00e9pondre \u00e0 ses ambitions sportives. Le pr\u00e9sident du Club Africain a \u00e9galement mis en avant la vision commune d\u00e9velopp\u00e9e par les deux partenaires au fil des ann\u00e9es.<\/p>\n<p class=\"wp-block-paragraph\">\u00ab Poursuivre notre aventure avec Ooredoo est une d\u00e9marche naturelle pour nous. Notre partenariat, qui remonte \u00e0 2008, repose sur des objectifs communs et une vision partag\u00e9e. Nous appr\u00e9cions pleinement le soutien continu d\u2019Ooredoo et sommes impatients de poursuivre notre collaboration afin d\u2019accompagner le club et de renforcer sa position dans le sport tunisien et continental. \u00bb, a-t-il d\u00e9clar\u00e9 de son c\u00f4t\u00e9.<\/p>\n<p><img loading=\"lazy\" decoding=\"async\" width=\"1024\" height=\"683\" src=\"data:image\/svg+xml,%3Csvg%20xmlns=\" http:=\"\" alt=\"\" data-lazy- data-lazy- data-lazy-src=\"https:\/\/www.europesays.com\/afrique\/wp-content\/uploads\/2026\/09\/L86A6869-1024x683.jpg\"\/><img loading=\"lazy\" decoding=\"async\" width=\"1024\" height=\"683\" src=\"https:\/\/www.europesays.com\/afrique\/wp-content\/uploads\/2026\/09\/L86A6869-1024x683.jpg\" alt=\"\"  \/><\/p>\n<p>Lefri9i Mobile parmi les initiatives d\u00e9velopp\u00e9es<\/p>\n<p class=\"wp-block-paragraph\">La collaboration entre Ooredoo et le Club Africain ne se limite pas au sponsoring sportif traditionnel.<\/p>\n<p class=\"wp-block-paragraph\">L\u2019op\u00e9rateur a notamment d\u00e9velopp\u00e9 des services et initiatives num\u00e9riques destin\u00e9s aux supporters du club, dont \u00ab Lefri9i Mobile \u00bb.<\/p>\n<p class=\"wp-block-paragraph\">Cette offre s\u2019inscrit dans une strat\u00e9gie visant \u00e0 utiliser les outils num\u00e9riques pour renforcer le lien entre les supporters et leur club.<\/p>\n<p class=\"wp-block-paragraph\">Les deux partenaires indiquent vouloir explorer de nouvelles opportunit\u00e9s de collaboration et lancer de nouvelles initiatives dans le cadre de la poursuite de leur partenariat.<\/p>\n<p class=\"wp-block-paragraph\">Ce renouvellement intervient dans la continuit\u00e9 d\u2019une relation d\u00e9j\u00e0 ancienne entre l\u2019op\u00e9rateur et le Club Africain, alors que les deux parties affichent leur volont\u00e9 de maintenir cette coop\u00e9ration autour du d\u00e9veloppement du sport tunisien et de l\u2019accompagnement des nouvelles g\u00e9n\u00e9rations d\u2019athl\u00e8tes.<\/p>\n<p class=\"wp-block-paragraph\">Lire aussi :<\/p>\n","protected":false},"excerpt":{"rendered":"Ooredoo Tunisie a annonc\u00e9, ce jeudi 4 septembre, le renouvellement de son partenariat avec le Club Africain. Cette&hellip;\n","protected":false},"author":2,"featured_media":200338,"comment_status":"","ping_status":"","sticky":false,"template":"","format":"standard","meta":{"footnotes":"","_share_on_mastodon":"0"},"categories":[120],"tags":[5070,18883,676,124],"class_list":["post-200337","post","type-post","status-publish","format-standard","has-post-thumbnail","category-tunisie","tag-club-africain","tag-ooredoo-tunisie","tag-partenariat","tag-tunisie"],"share_on_mastodon":{"url":"https:\/\/pubeurope.com\/@afrique\/117213153695374966","error":""},"_links":{"self":[{"href":"https:\/\/www.europesays.com\/afrique\/wp-json\/wp\/v2\/posts\/200337","targetHints":{"allow":["GET"]}}],"collection":[{"href":"https:\/\/www.europesays.com\/afrique\/wp-json\/wp\/v2\/posts"}],"about":[{"href":"https:\/\/www.europesays.com\/afrique\/wp-json\/wp\/v2\/types\/post"}],"author":[{"embeddable":true,"href":"https:\/\/www.europesays.com\/afrique\/wp-json\/wp\/v2\/users\/2"}],"replies":[{"embeddable":true,"href":"https:\/\/www.europesays.com\/afrique\/wp-json\/wp\/v2\/comments?post=200337"}],"version-history":[{"count":0,"href":"https:\/\/www.europesays.com\/afrique\/wp-json\/wp\/v2\/posts\/200337\/revisions"}],"wp:featuredmedia":[{"embeddable":true,"href":"https:\/\/www.europesays.com\/afrique\/wp-json\/wp\/v2\/media\/200338"}],"wp:attachment":[{"href":"https:\/\/www.europesays.com\/afrique\/wp-json\/wp\/v2\/media?parent=200337"}],"wp:term":[{"taxonomy":"category","embeddable":true,"href":"https:\/\/www.europesays.com\/afrique\/wp-json\/wp\/v2\/categories?post=200337"},{"taxonomy":"post_tag","embeddable":true,"href":"https:\/\/www.europesays.com\/afrique\/wp-json\/wp\/v2\/tags?post=200337"}],"curies":[{"name":"wp","href":"https:\/\/api.w.org\/{rel}","templated":true}]}}