{"id":200344,"date":"2026-09-04T14:11:14","date_gmt":"2026-09-04T14:11:14","guid":{"rendered":"https:\/\/www.europesays.com\/afrique\/200344\/"},"modified":"2026-09-04T14:11:14","modified_gmt":"2026-09-04T14:11:14","slug":"megafeux-en-europe-plus-dun-demi-million-dhectares-ont-brule-au-cours-de-lete","status":"publish","type":"post","link":"https:\/\/www.europesays.com\/afrique\/200344\/","title":{"rendered":"M\u00e9gafeux en Europe : plus d&rsquo;un demi-million d&rsquo;hectares ont br\u00fbl\u00e9 au cours de l&rsquo;\u00e9t\u00e9"},"content":{"rendered":"<p>Pr\u00e8s de 540.000 hectares sont partis en fum\u00e9e dans l&rsquo;Union europ\u00e9enne depuis la mi-juin, selon le syst\u00e8me satellitaire europ\u00e9en Effis.Pr\u00e8s de 1.000 incendies ont \u00e9t\u00e9 recens\u00e9s sur la p\u00e9riode.Le bilan de l&rsquo;\u00e9t\u00e9 2026 reste \u00e0 ce stade inf\u00e9rieur \u00e0 ceux de 2025 et de 2007.<\/p>\n<p id=\"body-_R_17v7tm_-block-6\" data-module=\"article-paragraph\" class=\"jsx-2921227388 Paragraph\">Des for\u00eats calcin\u00e9es \u00e0 perte de vue. Le bilan des incendies g\u00e9ants qui ont touch\u00e9 l&rsquo;Europe cet \u00e9t\u00e9 est sans appel. Depuis la mi-juin, pr\u00e8s de 540.000 hectares sont partis en fum\u00e9e dans l&rsquo;Union europ\u00e9enne, soit plus de 1.000 incendies recens\u00e9s, selon les donn\u00e9es satellitaires du Syst\u00e8me europ\u00e9en d&rsquo;information sur les feux de for\u00eat (Effis). Depuis le d\u00e9but de l&rsquo;ann\u00e9e 2026, le bilan monte \u00e0 647.000 hectares.\u00a0<\/p>\n<p data-module=\"article-paragraph\" class=\"jsx-2921227388 Paragraph Paragraph__End\">Le total des surfaces calcin\u00e9es sur cette p\u00e9riode estivale est largement sup\u00e9rieur \u00e0 la moyenne des vingt ann\u00e9es pr\u00e9c\u00e9dentes. Il reste toutefois en dessous du record de 2025, o\u00f9 des incendies avaient alors consum\u00e9 plus de 800.000 hectares, et de celui de l&rsquo;\u00e9t\u00e9 2007 avec quelques dizaines de milliers d&rsquo;hectares de plus, selon une analyse AFP des donn\u00e9es d&rsquo;Effis, remontant jusqu&rsquo;en 2006.<\/p>\n<p><a href=\"https:\/\/www.tf1info.fr\/environnement-ecologie\/il-en-reste-860-000-hectares-apres-les-incendies-quel-avenir-pour-le-pin-maritime-dans-les-landes-de-gascogne-2459287.html\" rel=\"nofollow noopener\" class=\"jsx-958316424 Link flex\" target=\"_blank\"><img decoding=\"async\" src=\"https:\/\/www.europesays.com\/afrique\/wp-content\/uploads\/2026\/09\/foret-brulee-gironde-aout-2026-2027-312811-0@1x.jpeg\" alt=\"Cette vue a\u00e9rienne montre une monoculture de pins maritimes compl\u00e8tement br\u00fbl\u00e9e sur la commune du Porge, en Gironde, le 1er ao\u00fbt 2026.\" loading=\"lazy\" importance=\"low\" fetchpriority=\"low\" class=\"\" copyright=\"Pierre Larrieu \/ Hans Lucas via AFP\" aria-hidden=\"true\"\/><\/p>\n<p class=\"jsx-4054529586 ReadMoreArticle__Title\">Lire aussi<\/p>\n<p class=\"jsx-4054529586\">\u00ab\u00a0Il en reste 860.000 hectares\u00a0\u00bb : apr\u00e8s les incendies, quel avenir pour le pin maritime dans les Landes de Gascogne ?<\/p>\n<p><\/a>Trois m\u00e9gafeux, dont celui en Gironde<\/p>\n<p id=\"body-_R_17v7tm_-block-10\" data-module=\"article-paragraph\" class=\"jsx-2921227388 Paragraph\">Cette ann\u00e9e, les feux les plus d\u00e9vastateurs se sont majoritairement produits en juillet, alors qu&rsquo;ils s\u00e9vissent plus souvent en ao\u00fbt. Pour la seule p\u00e9riode s&rsquo;\u00e9tendant du 16 au 22 juillet, cela repr\u00e9sente 190.000 hectares br\u00fbl\u00e9s.\u00a0<\/p>\n<p data-module=\"article-paragraph\" class=\"jsx-2921227388 Paragraph Paragraph__End\">Cette p\u00e9riode a \u00e9t\u00e9 marqu\u00e9e par trois feux hors norme : deux en Espagne et un en France. Dans la province espagnole d\u2019\u00c1vila, proche de Madrid, <a href=\"https:\/\/www.tf1info.fr\/international\/tout-etait-enflamme-en-espagne-le-feu-xxl-dans-la-region-de-madrid-continue-de-gagner-du-terrain-2455009.html\" rel=\"nofollow noopener\" target=\"_blank\">l&rsquo;incendie du 22 juillet<\/a> a ravag\u00e9 plus de 42.000 hectares. Le m\u00eame jour, <a href=\"https:\/\/www.tf1info.fr\/environnement-ecologie\/en-direct-megafeux-un-defi-francais-editions-speciales-sur-tf1-au-plus-pres-des-sinistres-incendies-gironde-var-drome-landes-2026-2461333.html\" rel=\"nofollow noopener\" target=\"_blank\">le m\u00e9gafeu<\/a> pr\u00e8s de Bordeaux (Gironde) a d\u00e9truit <a href=\"https:\/\/www.tf1info.fr\/societe\/incendies-en-gironde-dans-les-landes-et-dans-le-var-le-cout-des-dommages-evalue-a-500-millions-d-euros-selon-une-premiere-estimation-2461038.html\" rel=\"nofollow noopener\" target=\"_blank\">37.000 hectares de for\u00eat<\/a>. En ao\u00fbt, \u00e0 nouveau en Espagne, dans la province de Huelva, 44.000 hectares sont partis en fum\u00e9e. Au total, quatre des quinze plus gros feux des dix derni\u00e8res ann\u00e9es se sont produits cet \u00e9t\u00e9, selon les donn\u00e9es d&rsquo;Effis. \u00a0<\/p>\n","protected":false},"excerpt":{"rendered":"Pr\u00e8s de 540.000 hectares sont partis en fum\u00e9e dans l&rsquo;Union europ\u00e9enne depuis la mi-juin, selon le syst\u00e8me satellitaire&hellip;\n","protected":false},"author":2,"featured_media":200345,"comment_status":"","ping_status":"","sticky":false,"template":"","format":"standard","meta":{"footnotes":"","_share_on_mastodon":"0"},"categories":[2],"tags":[818,242,1358,29133,843,1062,18,10455,53591,251,2226,69,34534,1022,5470],"class_list":["post-200344","post","type-post","status-publish","format-standard","has-post-thumbnail","category-europe","tag-actu","tag-actualites","tag-article-video","tag-canicule","tag-changement-climatique","tag-espagne","tag-europe","tag-incendie","tag-incendies-un-ete-2026-de-tous-les-dangers-en-france","tag-info","tag-secheresse","tag-union-europeenne","tag-vagues-de-chaleur","tag-video","tag-video-environnement"],"share_on_mastodon":{"url":"https:\/\/pubeurope.com\/@afrique\/117213179859753264","error":""},"_links":{"self":[{"href":"https:\/\/www.europesays.com\/afrique\/wp-json\/wp\/v2\/posts\/200344","targetHints":{"allow":["GET"]}}],"collection":[{"href":"https:\/\/www.europesays.com\/afrique\/wp-json\/wp\/v2\/posts"}],"about":[{"href":"https:\/\/www.europesays.com\/afrique\/wp-json\/wp\/v2\/types\/post"}],"author":[{"embeddable":true,"href":"https:\/\/www.europesays.com\/afrique\/wp-json\/wp\/v2\/users\/2"}],"replies":[{"embeddable":true,"href":"https:\/\/www.europesays.com\/afrique\/wp-json\/wp\/v2\/comments?post=200344"}],"version-history":[{"count":0,"href":"https:\/\/www.europesays.com\/afrique\/wp-json\/wp\/v2\/posts\/200344\/revisions"}],"wp:featuredmedia":[{"embeddable":true,"href":"https:\/\/www.europesays.com\/afrique\/wp-json\/wp\/v2\/media\/200345"}],"wp:attachment":[{"href":"https:\/\/www.europesays.com\/afrique\/wp-json\/wp\/v2\/media?parent=200344"}],"wp:term":[{"taxonomy":"category","embeddable":true,"href":"https:\/\/www.europesays.com\/afrique\/wp-json\/wp\/v2\/categories?post=200344"},{"taxonomy":"post_tag","embeddable":true,"href":"https:\/\/www.europesays.com\/afrique\/wp-json\/wp\/v2\/tags?post=200344"}],"curies":[{"name":"wp","href":"https:\/\/api.w.org\/{rel}","templated":true}]}}