{"id":200371,"date":"2026-09-04T14:52:17","date_gmt":"2026-09-04T14:52:17","guid":{"rendered":"https:\/\/www.europesays.com\/afrique\/200371\/"},"modified":"2026-09-04T14:52:17","modified_gmt":"2026-09-04T14:52:17","slug":"disparitions-la-presse-de-tunisie","status":"publish","type":"post","link":"https:\/\/www.europesays.com\/afrique\/200371\/","title":{"rendered":"Disparitions\u00a0! &#8211; La Presse de Tunisie"},"content":{"rendered":"<p class=\"p3\">\u00c0 Tarente, le d\u00e9corum m\u00e9diterran\u00e9en s\u2019est mu\u00e9 en th\u00e9\u00e2tre d\u2019une d\u00e9robade am\u00e8re. Quatre athl\u00e8tes tunisiens, envoy\u00e9s pour d\u00e9fendre l\u2019honneur \u00a0du drapeau, ont choisi la nuit et l\u2019exil plut\u00f4t que l\u2019ar\u00e8ne. Quatre silhouettes \u00e9vapor\u00e9es dans l\u2019inconnu, laissant derri\u00e8re elles un surv\u00eatement national devenu trop lourd \u00e0 porter. Face \u00e0 ce camouflet, le minist\u00e8re de la Jeunesse et des Sports s\u2019enferre dans son r\u00e9flexe pavlovien : d\u00e9mentir l\u2019\u00e9vidence, minimiser la saign\u00e9e, puis brandir l\u2019anath\u00e8me contre la trahison. Mais \u00e0 force de nier le feu qui couve, les d\u00e9n\u00e9gations officielles finissent par br\u00fbler les derniers lambeaux de notre cr\u00e9dibilit\u00e9.<\/p>\n<p class=\"p4\">Pour ces athl\u00e8tes, il s\u2019agit d\u2019un saut dans la pr\u00e9carit\u00e9 clandestine qui hypoth\u00e8que lourdement l\u2019avenir des jeunes espoirs rest\u00e9s au pays, bient\u00f4t condamn\u00e9s \u00e0 voir les portes consulaires se fermer sous le soup\u00e7on g\u00e9n\u00e9ralis\u00e9. Mais une fois le bl\u00e2me pos\u00e9, aurons-nous le courage de nous regarder dans le miroir ? Tous ces athl\u00e8tes ont-ils tort, ou ne sont-ils que le sympt\u00f4me aigu d\u2019une gestion du sport \u00e0 l\u2019agonie ?<\/p>\n<p class=\"p4\">On exige d\u2019eux le sacrifice absolu, des muscles forg\u00e9s dans le d\u00e9nuement, une d\u00e9votion sans faille pour un hymne national chant\u00e9 le ventre creux. Pourtant, derri\u00e8re les m\u00e9dailles \u00e9ph\u00e9m\u00e8res et les embrassades de fa\u00e7ade sur le tarmac de Carthage, la r\u00e9alit\u00e9 de nos champions individuels est un calvaire silencieux: bourses fam\u00e9liques vers\u00e9es au compte-gouttes, \u00e9quipements obsol\u00e8tes, salles d\u00e9labr\u00e9es et avenir plomb\u00e9 par l\u2019incertitude. Le minist\u00e8re finance les balbutiements d\u2019un talent pour mieux l\u2019abandonner au sommet de son art, transformant la Tunisie en une \u00e9trange p\u00e9pini\u00e8re qui \u00e9l\u00e8ve ses champions pour les offrir \u00e0 l\u2019exil.<\/p>\n<p class=\"p4\">Le v\u00e9ritable patriotisme ne consiste pas \u00e0 sommer un jeune de mourir \u00e0 petit feu pour un \u00e9cusson, mais \u00e0 lui b\u00e2tir un horizon o\u00f9 l\u2019effort trouve sa juste r\u00e9compense. La trag\u00e9die n\u2019est plus seulement de savoir pourquoi ces quatre sportifs ont fui dans les ruelles italiennes, mais comment l\u2019amour du maillot a pu devenir un risque pour leur propre survie. Et pendant ce temps, on continue \u00e0 g\u00e9rer le sport par l\u2019indiff\u00e9rence et le d\u00e9ni bureaucratique.<\/p>\n","protected":false},"excerpt":{"rendered":"\u00c0 Tarente, le d\u00e9corum m\u00e9diterran\u00e9en s\u2019est mu\u00e9 en th\u00e9\u00e2tre d\u2019une d\u00e9robade am\u00e8re. Quatre athl\u00e8tes tunisiens, envoy\u00e9s pour d\u00e9fendre&hellip;\n","protected":false},"author":2,"featured_media":200372,"comment_status":"","ping_status":"","sticky":false,"template":"","format":"standard","meta":{"footnotes":"","_share_on_mastodon":"0"},"categories":[120],"tags":[124],"class_list":["post-200371","post","type-post","status-publish","format-standard","has-post-thumbnail","category-tunisie","tag-tunisie"],"share_on_mastodon":{"url":"https:\/\/pubeurope.com\/@afrique\/117213340843005006","error":""},"_links":{"self":[{"href":"https:\/\/www.europesays.com\/afrique\/wp-json\/wp\/v2\/posts\/200371","targetHints":{"allow":["GET"]}}],"collection":[{"href":"https:\/\/www.europesays.com\/afrique\/wp-json\/wp\/v2\/posts"}],"about":[{"href":"https:\/\/www.europesays.com\/afrique\/wp-json\/wp\/v2\/types\/post"}],"author":[{"embeddable":true,"href":"https:\/\/www.europesays.com\/afrique\/wp-json\/wp\/v2\/users\/2"}],"replies":[{"embeddable":true,"href":"https:\/\/www.europesays.com\/afrique\/wp-json\/wp\/v2\/comments?post=200371"}],"version-history":[{"count":0,"href":"https:\/\/www.europesays.com\/afrique\/wp-json\/wp\/v2\/posts\/200371\/revisions"}],"wp:featuredmedia":[{"embeddable":true,"href":"https:\/\/www.europesays.com\/afrique\/wp-json\/wp\/v2\/media\/200372"}],"wp:attachment":[{"href":"https:\/\/www.europesays.com\/afrique\/wp-json\/wp\/v2\/media?parent=200371"}],"wp:term":[{"taxonomy":"category","embeddable":true,"href":"https:\/\/www.europesays.com\/afrique\/wp-json\/wp\/v2\/categories?post=200371"},{"taxonomy":"post_tag","embeddable":true,"href":"https:\/\/www.europesays.com\/afrique\/wp-json\/wp\/v2\/tags?post=200371"}],"curies":[{"name":"wp","href":"https:\/\/api.w.org\/{rel}","templated":true}]}}