{"id":200388,"date":"2026-09-04T15:10:47","date_gmt":"2026-09-04T15:10:47","guid":{"rendered":"https:\/\/www.europesays.com\/afrique\/200388\/"},"modified":"2026-09-04T15:10:47","modified_gmt":"2026-09-04T15:10:47","slug":"egypte-la-croissance-economique-accelere-a-51-et-depasse-les-previsions-internationales","status":"publish","type":"post","link":"https:\/\/www.europesays.com\/afrique\/200388\/","title":{"rendered":"\u00c9gypte : La croissance \u00e9conomique acc\u00e9l\u00e8re \u00e0 5,1 % et d\u00e9passe les pr\u00e9visions internationales"},"content":{"rendered":"<p>Port\u00e9e par le dynamisme de son industrie manufacturi\u00e8re et le redressement de ses flux strat\u00e9giques, l&rsquo;\u00e9conomie \u00e9gyptienne affiche une performance sup\u00e9rieure aux attentes des bailleurs de fonds internationaux.<\/p>\n<p><img loading=\"lazy\" decoding=\"async\" width=\"353\" height=\"500\" alt=\"\" style=\"max-width:100%; height:auto;\" class=\"perfmatters-lazy\" src=\"https:\/\/www.europesays.com\/afrique\/wp-content\/uploads\/2026\/07\/Pigier-journee.webp\"\/><\/p>\n<p>L\u2019activit\u00e9 \u00e9conomique en \u00c9gypte a enregistr\u00e9 une progression solide de 5,1 % au cours de l\u2019exercice fiscal 2025\/2026, cl\u00f4tur\u00e9 le 30 juin. Ce r\u00e9sultat traduit une nette acc\u00e9l\u00e9ration du rythme d\u2019expansion nationale, mat\u00e9rialis\u00e9e par un gain de 0,7 point de pourcentage par rapport au taux de 4,4 % comptabilis\u00e9 lors de l\u2019exercice budg\u00e9taire pr\u00e9c\u00e9dent.<\/p>\n<p>Ces donn\u00e9es macro\u00e9conomiques officielles ont \u00e9t\u00e9 rendues publiques par le gouvernement et le Conseil des ministres \u00e9gyptien le jeudi 3 septembre 2026. La publication de ces chiffres confirme le redressement graduel des agr\u00e9gats productifs du pays, engag\u00e9 dans une s\u00e9rie de r\u00e9formes destin\u00e9es \u00e0 consolider ses \u00e9quilibres fondamentaux.<\/p>\n<p>Avec un produit int\u00e9rieur brut en hausse de 5,1 %, Le Caire d\u00e9passe les projections et estimations initiales \u00e9tablies par les grandes institutions financi\u00e8res multilat\u00e9rales. Le Fonds mon\u00e9taire international (FMI) ainsi que la Banque mondiale avaient en effet anticip\u00e9 une trajectoire plus mod\u00e9r\u00e9e pour cette p\u00e9riode, sous-estimant la r\u00e9sistance de l\u2019appareil productif int\u00e9rieur.<\/p>\n<p>Cette vitalit\u00e9 renouvel\u00e9e repose en grande partie sur les performances de l\u2019industrie manufacturi\u00e8re non p\u00e9troli\u00e8re, qui s\u2019est impos\u00e9e comme le principal moteur de l\u2019acc\u00e9l\u00e9ration avec une progression annuelle de 9 %. Les branches du commerce ainsi que le secteur des t\u00e9l\u00e9communications ont \u00e9galement fourni un apport substantiel \u00e0 la cr\u00e9ation de valeur globale sur l\u2019ensemble du cycle budg\u00e9taire.<\/p>\n<p>Le retour des devises et du transit maritime<\/p>\n<p>La dynamique globale a par ailleurs b\u00e9n\u00e9fici\u00e9 de la reprise op\u00e9rationnelle des activit\u00e9s li\u00e9es au canal de Suez, corridor strat\u00e9gique pour les recettes publiques du pays. En parall\u00e8le, l\u2019essor soutenu de la fr\u00e9quentation touristique, illustr\u00e9 par un bond de 6,5 % de la branche des h\u00f4tels et restaurants, a consolid\u00e9 l\u2019\u00e9lan de reprise \u00e9conomique au terme de cet exercice.<\/p>\n","protected":false},"excerpt":{"rendered":"Port\u00e9e par le dynamisme de son industrie manufacturi\u00e8re et le redressement de ses flux strat\u00e9giques, l&rsquo;\u00e9conomie \u00e9gyptienne affiche&hellip;\n","protected":false},"author":2,"featured_media":200389,"comment_status":"","ping_status":"","sticky":false,"template":"","format":"standard","meta":{"footnotes":"","_share_on_mastodon":"0"},"categories":[122],"tags":[2016,445,4501,7,2173,139,32536,5997],"class_list":["post-200388","post","type-post","status-publish","format-standard","has-post-thumbnail","category-egypte","tag-accelere","tag-croissance","tag-depasse","tag-economie","tag-economique","tag-egypte","tag-internationales","tag-previsions"],"share_on_mastodon":{"url":"https:\/\/pubeurope.com\/@afrique\/117213411821177893","error":""},"_links":{"self":[{"href":"https:\/\/www.europesays.com\/afrique\/wp-json\/wp\/v2\/posts\/200388","targetHints":{"allow":["GET"]}}],"collection":[{"href":"https:\/\/www.europesays.com\/afrique\/wp-json\/wp\/v2\/posts"}],"about":[{"href":"https:\/\/www.europesays.com\/afrique\/wp-json\/wp\/v2\/types\/post"}],"author":[{"embeddable":true,"href":"https:\/\/www.europesays.com\/afrique\/wp-json\/wp\/v2\/users\/2"}],"replies":[{"embeddable":true,"href":"https:\/\/www.europesays.com\/afrique\/wp-json\/wp\/v2\/comments?post=200388"}],"version-history":[{"count":0,"href":"https:\/\/www.europesays.com\/afrique\/wp-json\/wp\/v2\/posts\/200388\/revisions"}],"wp:featuredmedia":[{"embeddable":true,"href":"https:\/\/www.europesays.com\/afrique\/wp-json\/wp\/v2\/media\/200389"}],"wp:attachment":[{"href":"https:\/\/www.europesays.com\/afrique\/wp-json\/wp\/v2\/media?parent=200388"}],"wp:term":[{"taxonomy":"category","embeddable":true,"href":"https:\/\/www.europesays.com\/afrique\/wp-json\/wp\/v2\/categories?post=200388"},{"taxonomy":"post_tag","embeddable":true,"href":"https:\/\/www.europesays.com\/afrique\/wp-json\/wp\/v2\/tags?post=200388"}],"curies":[{"name":"wp","href":"https:\/\/api.w.org\/{rel}","templated":true}]}}