{"id":200403,"date":"2026-09-04T15:24:32","date_gmt":"2026-09-04T15:24:32","guid":{"rendered":"https:\/\/www.europesays.com\/afrique\/200403\/"},"modified":"2026-09-04T15:24:32","modified_gmt":"2026-09-04T15:24:32","slug":"cote-divoire-gendarmerie-nationale-312-commandos-dont-20-femmes-au-service-de-la-patrie-et-de-la-loi","status":"publish","type":"post","link":"https:\/\/www.europesays.com\/afrique\/200403\/","title":{"rendered":"C\u00f4te d&rsquo;Ivoire : Gendarmerie Nationale, 312 commandos dont 20 femmes au service de la patrie et de la loi"},"content":{"rendered":"<p>\u00a9 Koaci.com &#8211; vendredi 04 septembre 2026 &#8211; 11:26<\/p>\n<p>La c\u00e9r\u00e9monie jeudi (DR)\u00a0<\/p>\n<p>La caserne de Gendarmerie d\u2019Agban (Abidjan)\u00a0a accueilli le jeudi 03 septembre 2026, la c\u00e9r\u00e9monie de remise de brevets et <a href=\"https:\/\/www.koaci.com\/recherche?search=attributs\" rel=\"nofollow noopener\" target=\"_blank\">attributs<\/a> \u00e0 312 <a href=\"https:\/\/www.koaci.com\/recherche?search=Gendarmes\" rel=\"nofollow noopener\" target=\"_blank\">Gendarmes<\/a> commando.\u00a0<\/p>\n<p>Ladite c\u00e9r\u00e9monie s&rsquo;est d\u00e9roul\u00e9e en pr\u00e9sence du commandant sup\u00e9rieur de la Gendarmerie nationale, le g\u00e9n\u00e9ral de corps d&rsquo;arm\u00e9e Alexandre <a href=\"https:\/\/www.koaci.com\/recherche?search=Apalo+Tour%C3%A9\" rel=\"nofollow noopener\" target=\"_blank\">Apalo Tour\u00e9<\/a> et du Directeur de Cabinet du Vice-Premier Ministre, Ministre de la D\u00e9fense.\u00a0<\/p>\n<p>Il s\u2019agit de 305 sous-officiers et sept officiers, ont achev\u00e9 plusieurs mois de formation dispens\u00e9e \u00e0 l\u2019\u00c9cole de gendarmerie de Toroguh\u00e9, sur le site Providence \u00e0 Issia, ainsi que sur le plan d\u2019eau d\u2019Ediakro, dans ville de Dimbokro.<\/p>\n<p>Notons que, la promotion compte \u00e9galement 20 femmes. A cette occasion, le directeur de stage, le Lieutenant-Colonel DIGBEU Kokoubo Sylvain Lenoir, a soulign\u00e9 que cette c\u00e9r\u00e9monie marque votre int\u00e9gration dans la famille des <a href=\"https:\/\/www.koaci.com\/recherche?search=commandos\" rel=\"nofollow noopener\" target=\"_blank\">commandos<\/a> de la Gendarmerie nationale, avant de rappeler.\u00a0\u00ab Le commando est au service de la patrie et de la loi. \u00bb<\/p>\n<p>le directeur de cabinet du vice-Premier ministre, ministre de la D\u00e9fense, <a href=\"https:\/\/www.koaci.com\/recherche?search=Jean-Claude+Malan\" rel=\"nofollow noopener\" target=\"_blank\">Jean-Claude Malan<\/a>, a f\u00e9licit\u00e9 les nouveaux <a href=\"https:\/\/www.koaci.com\/recherche?search=commandos\" rel=\"nofollow noopener\" target=\"_blank\">commandos<\/a> et les a exhort\u00e9s \u00e0 demeurer des <a href=\"https:\/\/www.koaci.com\/recherche?search=commandos\" rel=\"nofollow noopener\" target=\"_blank\">commandos<\/a> \u00e0 vie.<\/p>\n<p><\/p>\n<p>\u00ab Chers <a href=\"https:\/\/www.koaci.com\/recherche?search=commandos\" rel=\"nofollow noopener\" target=\"_blank\">commandos<\/a>, en vous remettant vos <a href=\"https:\/\/www.koaci.com\/recherche?search=attributs\" rel=\"nofollow noopener\" target=\"_blank\">attributs<\/a>, la Gendarmerie nationale vous juge aptes \u00e0 accomplir des missions dont la r\u00e9ussite exige davantage de d\u00e9termination, d\u2019engagement et de courage. Vous devriez \u00eatre \u00e0 la hauteur des attentes et des espoirs plac\u00e9s en vous afin d\u2019\u00e9crire, \u00e0 votre tour, cette belle page de l\u2019histoire de la Gendarmerie nationale, comme l\u2019ont fait tous ceux qui vous ont pr\u00e9c\u00e9d\u00e9s \u00bb, a-t-il d\u00e9clar\u00e9.<\/p>\n<p>Pour sa part, le commandant sup\u00e9rieur de la Gendarmerie nationale, le g\u00e9n\u00e9ral de corps d\u2019arm\u00e9e Alexandre <a href=\"https:\/\/www.koaci.com\/recherche?search=Apalo+Tour%C3%A9\" rel=\"nofollow noopener\" target=\"_blank\">Apalo Tour\u00e9<\/a>, a recommand\u00e9 aux nouveaux <a href=\"https:\/\/www.koaci.com\/recherche?search=commandos\" rel=\"nofollow noopener\" target=\"_blank\">commandos<\/a> de faire preuve de loyaut\u00e9 envers la R\u00e9publique en toutes circonstances, de courage face aux difficult\u00e9s et de discipline dans l\u2019action.<\/p>\n<p>Notons que, le b\u00e9ret rouge et les <a href=\"https:\/\/www.koaci.com\/recherche?search=attributs\" rel=\"nofollow noopener\" target=\"_blank\">attributs<\/a> re\u00e7us par les <a href=\"https:\/\/www.koaci.com\/recherche?search=commandos\" rel=\"nofollow noopener\" target=\"_blank\">commandos<\/a> stagiaires marquent la fin de la formation et symbolisent le courage, la bravoure, la discipline ainsi que la loyaut\u00e9 envers la R\u00e9publique.\u00a0<\/p>\n<p>Donatien Kautcha, Abidjan\u00a0<\/p>\n<p><\/p>\n","protected":false},"excerpt":{"rendered":"\u00a9 Koaci.com &#8211; vendredi 04 septembre 2026 &#8211; 11:26 La c\u00e9r\u00e9monie jeudi (DR)\u00a0 La caserne de Gendarmerie d\u2019Agban&hellip;\n","protected":false},"author":2,"featured_media":200404,"comment_status":"","ping_status":"","sticky":false,"template":"","format":"standard","meta":{"footnotes":"","_share_on_mastodon":"0"},"categories":[154],"tags":[281,280,216,251,279,294],"class_list":["post-200403","post","type-post","status-publish","format-standard","has-post-thumbnail","category-cote-divoire","tag-actualite","tag-article","tag-cote-divoire","tag-info","tag-koaci","tag-koaci-cote-d"],"share_on_mastodon":{"url":"https:\/\/pubeurope.com\/@afrique\/117213466568635240","error":""},"_links":{"self":[{"href":"https:\/\/www.europesays.com\/afrique\/wp-json\/wp\/v2\/posts\/200403","targetHints":{"allow":["GET"]}}],"collection":[{"href":"https:\/\/www.europesays.com\/afrique\/wp-json\/wp\/v2\/posts"}],"about":[{"href":"https:\/\/www.europesays.com\/afrique\/wp-json\/wp\/v2\/types\/post"}],"author":[{"embeddable":true,"href":"https:\/\/www.europesays.com\/afrique\/wp-json\/wp\/v2\/users\/2"}],"replies":[{"embeddable":true,"href":"https:\/\/www.europesays.com\/afrique\/wp-json\/wp\/v2\/comments?post=200403"}],"version-history":[{"count":0,"href":"https:\/\/www.europesays.com\/afrique\/wp-json\/wp\/v2\/posts\/200403\/revisions"}],"wp:featuredmedia":[{"embeddable":true,"href":"https:\/\/www.europesays.com\/afrique\/wp-json\/wp\/v2\/media\/200404"}],"wp:attachment":[{"href":"https:\/\/www.europesays.com\/afrique\/wp-json\/wp\/v2\/media?parent=200403"}],"wp:term":[{"taxonomy":"category","embeddable":true,"href":"https:\/\/www.europesays.com\/afrique\/wp-json\/wp\/v2\/categories?post=200403"},{"taxonomy":"post_tag","embeddable":true,"href":"https:\/\/www.europesays.com\/afrique\/wp-json\/wp\/v2\/tags?post=200403"}],"curies":[{"name":"wp","href":"https:\/\/api.w.org\/{rel}","templated":true}]}}