{"id":200407,"date":"2026-09-04T15:30:08","date_gmt":"2026-09-04T15:30:08","guid":{"rendered":"https:\/\/www.europesays.com\/afrique\/200407\/"},"modified":"2026-09-04T15:30:08","modified_gmt":"2026-09-04T15:30:08","slug":"afrique-du-sud-un-pret-de-300-millions-deuros-accorde-par-la-france-et-lallemagne-pour-moderniser-les-metropoles","status":"publish","type":"post","link":"https:\/\/www.europesays.com\/afrique\/200407\/","title":{"rendered":"Afrique du Sud : un pr\u00eat de 300 millions d&rsquo;euros accord\u00e9 par la France et l&rsquo;Allemagne pour moderniser les m\u00e9tropoles"},"content":{"rendered":"<p>L&rsquo;Afrique du Sud mobilise 300 millions d&rsquo;euros aupr\u00e8s de Paris et Berlin pour r\u00e9habiliter ses infrastructures urbaines critiques. Ce financement cibl\u00e9 vise \u00e0 transformer la gestion des services publics dans les plus grandes agglom\u00e9rations du pays.<\/p>\n<p><img loading=\"lazy\" decoding=\"async\" width=\"353\" height=\"500\" alt=\"\" style=\"max-width:100%; height:auto;\" class=\"perfmatters-lazy\" src=\"https:\/\/www.europesays.com\/afrique\/wp-content\/uploads\/2026\/07\/Pigier-journee.webp\"\/><\/p>\n<p>Le gouvernement sud-africain a conclu avec succ\u00e8s la n\u00e9gociation d\u2019un pr\u00eat concessionnel conjoint de 300 millions d\u2019euros, repr\u00e9sentant environ 348 millions de dollars ou 5,6 milliards de rands, aupr\u00e8s de partenaires europ\u00e9ens. Cet accord bilat\u00e9ral conclu avec l\u2019Allemagne et la France apporte une bouff\u00e9e d\u2019oxyg\u00e8ne financi\u00e8re aux autorit\u00e9s de Pretoria pour consolider la gestion budg\u00e9taire de leurs services d\u2019utilit\u00e9 publique.<\/p>\n<p>Dans le d\u00e9tail de l\u2019architecture financi\u00e8re, l\u2019enveloppe globale provient de deux grands bailleurs institutionnels du continent europ\u00e9en. La banque publique de d\u00e9veloppement allemande KfW participe \u00e0 hauteur de 200 millions d\u2019euros, tandis que l\u2019Agence fran\u00e7aise de d\u00e9veloppement (AFD) compl\u00e8te le dispositif par un engagement de 100 millions d\u2019euros sous forme de financement concessionnel \u00e0 conditions pr\u00e9f\u00e9rentielles.<\/p>\n<p>Les capitaux mobilis\u00e9s sont int\u00e9gralement confi\u00e9s au Tr\u00e9sor national dans le cadre du programme de r\u00e9forme des services commerciaux m\u00e9tropolitains, d\u00e9sign\u00e9 sous l\u2019acronyme MTSR. Cette feuille de route institutionnelle vise \u00e0 restructurer en profondeur et \u00e0 redresser trois piliers essentiels de la vie citoyenne : l\u2019acc\u00e8s \u00e0 l\u2019\u00e9lectricit\u00e9, la distribution d\u2019eau potable associ\u00e9e \u00e0 l\u2019assainissement, ainsi que le syst\u00e8me global de collecte et de gestion des d\u00e9chets.<\/p>\n<p>L\u2019initiative gouvernementale concentre ses interventions sur les huit plus grandes municipalit\u00e9s m\u00e9tropolitaines du territoire sud-africain : Johannesburg, Le Cap, eThekwini, Ekurhuleni, Tshwane, Nelson Mandela Bay, Mangaung et Buffalo City. Ces m\u00e9gapoles concentrent le c\u0153ur de l\u2019activit\u00e9 \u00e9conomique du pays et desservent quotidiennement une population cumul\u00e9e sup\u00e9rieure \u00e0 22 millions d\u2019habitants.<\/p>\n<p>Modernisation des r\u00e9seaux et transition \u00e9nerg\u00e9tique<\/p>\n<p>Cet engagement financier s\u2019inscrit au c\u0153ur du volet municipal du plan d\u2019investissement pour une transition \u00e9nerg\u00e9tique juste, connu sous le label JET-IP. Les montants d\u00e9bloqu\u00e9s ont pour objectif technique imm\u00e9diat de moderniser les r\u00e9seaux de distribution d\u2019\u00e9lectricit\u00e9 locaux, tout en comblant le lourd d\u00e9ficit de maintenance qui affecte la durabilit\u00e9 des infrastructures urbaines sud-africaines.<\/p>\n","protected":false},"excerpt":{"rendered":"L&rsquo;Afrique du Sud mobilise 300 millions d&rsquo;euros aupr\u00e8s de Paris et Berlin pour r\u00e9habiliter ses infrastructures urbaines critiques.&hellip;\n","protected":false},"author":2,"featured_media":200408,"comment_status":"","ping_status":"","sticky":false,"template":"","format":"standard","meta":{"footnotes":"","_share_on_mastodon":"0"},"categories":[123],"tags":[46474,6,140,3056,23888,7,13635,453,46880,407,4689],"class_list":["post-200407","post","type-post","status-publish","format-standard","has-post-thumbnail","category-afrique-du-sud","tag-accorde","tag-afrique","tag-afrique-du-sud","tag-allemagne","tag-drsquo","tag-economie","tag-euros","tag-france","tag-lrsquo","tag-millions","tag-pret"],"share_on_mastodon":{"url":"https:\/\/pubeurope.com\/@afrique\/117213490553614354","error":""},"_links":{"self":[{"href":"https:\/\/www.europesays.com\/afrique\/wp-json\/wp\/v2\/posts\/200407","targetHints":{"allow":["GET"]}}],"collection":[{"href":"https:\/\/www.europesays.com\/afrique\/wp-json\/wp\/v2\/posts"}],"about":[{"href":"https:\/\/www.europesays.com\/afrique\/wp-json\/wp\/v2\/types\/post"}],"author":[{"embeddable":true,"href":"https:\/\/www.europesays.com\/afrique\/wp-json\/wp\/v2\/users\/2"}],"replies":[{"embeddable":true,"href":"https:\/\/www.europesays.com\/afrique\/wp-json\/wp\/v2\/comments?post=200407"}],"version-history":[{"count":0,"href":"https:\/\/www.europesays.com\/afrique\/wp-json\/wp\/v2\/posts\/200407\/revisions"}],"wp:featuredmedia":[{"embeddable":true,"href":"https:\/\/www.europesays.com\/afrique\/wp-json\/wp\/v2\/media\/200408"}],"wp:attachment":[{"href":"https:\/\/www.europesays.com\/afrique\/wp-json\/wp\/v2\/media?parent=200407"}],"wp:term":[{"taxonomy":"category","embeddable":true,"href":"https:\/\/www.europesays.com\/afrique\/wp-json\/wp\/v2\/categories?post=200407"},{"taxonomy":"post_tag","embeddable":true,"href":"https:\/\/www.europesays.com\/afrique\/wp-json\/wp\/v2\/tags?post=200407"}],"curies":[{"name":"wp","href":"https:\/\/api.w.org\/{rel}","templated":true}]}}