{"id":200423,"date":"2026-09-04T15:45:33","date_gmt":"2026-09-04T15:45:33","guid":{"rendered":"https:\/\/www.europesays.com\/afrique\/200423\/"},"modified":"2026-09-04T15:45:33","modified_gmt":"2026-09-04T15:45:33","slug":"cote-divoire-plateau-recherche-pour-le-vol-dun-telephone-lors-dune-ceremonie-un-homme-interpelle-quelques-heures-apres","status":"publish","type":"post","link":"https:\/\/www.europesays.com\/afrique\/200423\/","title":{"rendered":"C\u00f4te d&rsquo;Ivoire : Plateau, recherch\u00e9 pour le vol d&rsquo;un t\u00e9l\u00e9phone lors d&rsquo;une c\u00e9r\u00e9monie, un homme interpell\u00e9 quelques heures apr\u00e8s"},"content":{"rendered":"<p>\u00a0<\/p>\n<p>\u00a0<\/p>\n<p>\u00a0<\/p>\n<p>\u00a0<\/p>\n<p>        <a href=\"https:\/\/www.koaci.com\/index.php\/publicite\/redirect\/encart-1_131_173?redirect_url=https%3A%2F%2Fcoop-finance.com%2F\" target=\"_blank\" rel=\"nofollow noopener\"><br \/>\n            <img decoding=\"async\" src=\"https:\/\/www.europesays.com\/afrique\/wp-content\/uploads\/2026\/04\/1775156950_616_1_jpg_1766915908.jpg\" width=\"100%\"\/><br \/>\n        <\/a><\/p>\n<p>\u00a0<\/p>\n<p>\u00a9 Koaci.com &#8211; vendredi 04 septembre 2026 &#8211; 11:22<\/p>\n<p>Les mis en cause (Ph Koaci) <\/p>\n<p>L\u2019enqu\u00eate n\u2019aura pas tra\u00een\u00e9. Recherch\u00e9 dans le cadre d\u2019une affaire de vol de t\u00e9l\u00e9phone portable commis lors d\u2019une c\u00e9r\u00e9monie au <a href=\"https:\/\/www.koaci.com\/recherche?search=Plateau\" rel=\"nofollow noopener\" target=\"_blank\">Plateau<\/a>, un homme a \u00e9t\u00e9 interpell\u00e9 jeudi 3 septembre 2026, quelques heures seulement apr\u00e8s la diffusion de son avis de recherche.<\/p>\n<p>Les faits remontent au mardi 1er septembre. Une participante \u00e0 une c\u00e9r\u00e9monie organis\u00e9e dans une salle \u00e0 <a href=\"https:\/\/www.koaci.com\/recherche?search=Abidjan\" rel=\"nofollow noopener\" target=\"_blank\">Abidjan<\/a>&#8211;<a href=\"https:\/\/www.koaci.com\/recherche?search=Plateau\" rel=\"nofollow noopener\" target=\"_blank\">Plateau<\/a> constate la disparition de son iPhone 17 Pro Max. Une plainte est d\u00e9pos\u00e9e aupr\u00e8s des services de <a href=\"https:\/\/www.koaci.com\/recherche?search=police\" rel=\"nofollow noopener\" target=\"_blank\">police<\/a>, qui ouvrent aussit\u00f4t une enqu\u00eate.<\/p>\n<p>Les investigations permettent notamment aux enqu\u00eateurs d\u2019exploiter les images des cam\u00e9ras de surveillance install\u00e9es dans la salle. Sur les enregistrements, un homme est identifi\u00e9 et son comportement attire l\u2019attention des policiers.<\/p>\n<p>Les v\u00e9rifications effectu\u00e9es dans le cadre de l\u2019enqu\u00eate font appara\u00eetre, selon les \u00e9l\u00e9ments recueillis, que le suspect aurait l\u2019habitude de se rendre \u00e0 des c\u00e9r\u00e9monies en se pr\u00e9sentant comme journaliste. Une qualit\u00e9 qui lui permettrait de circuler parmi les participants et de passer relativement inaper\u00e7u. Il profiterait ensuite de moments d\u2019inattention pour s\u2019emparer d\u2019objets de valeur.<\/p>\n<p>Jeudi, un avis de recherche est diffus\u00e9 afin de permettre son identification et son interpellation. Quelques heures plus tard, un homme correspondant au signalement se pr\u00e9sente au Parc des <a href=\"https:\/\/www.koaci.com\/recherche?search=Exposition\" rel=\"nofollow noopener\" target=\"_blank\">Exposition<\/a>s d\u2019<a href=\"https:\/\/www.koaci.com\/recherche?search=Abidjan\" rel=\"nofollow noopener\" target=\"_blank\">Abidjan<\/a>, o\u00f9 se tient une autre c\u00e9r\u00e9monie. L\u00e0 encore, il se pr\u00e9sente comme journaliste.<\/p>\n<p><\/p>\n<p>\u00a0<\/p>\n<p>Reconnu gr\u00e2ce aux informations diffus\u00e9es dans le cadre des recherches, il est discr\u00e8tement conduit dans un endroit \u00e0 l\u2019\u00e9cart de la c\u00e9r\u00e9monie, afin d\u2019\u00e9viter toute agitation. L\u2019alerte est ensuite donn\u00e9e au Commissariat de Police du 1er arrondissement d\u2019<a href=\"https:\/\/www.koaci.com\/recherche?search=Abidjan\" rel=\"nofollow noopener\" target=\"_blank\">Abidjan<\/a>&#8211;<a href=\"https:\/\/www.koaci.com\/recherche?search=Plateau\" rel=\"nofollow noopener\" target=\"_blank\">Plateau<\/a>.<\/p>\n<p>Un \u00e9quipage se rend rapidement sur les lieux et proc\u00e8de \u00e0 son interpellation. Conduit au commissariat, l\u2019homme est identifi\u00e9 sous les initiales C. T. B., n\u00e9 en 1970 \u00e0 Dimbokro et se d\u00e9clarant journaliste.<\/p>\n<p>Les enqu\u00eateurs lui pr\u00e9sentent alors les images issues des cam\u00e9ras de surveillance, qui constituent l\u2019un des principaux \u00e9l\u00e9ments recueillis dans le dossier. \u00c0 l\u2019issue des premi\u00e8res investigations, le Procureur de la R\u00e9publique donne instruction de le d\u00e9f\u00e9rer \u00e0 son parquet. Il devra r\u00e9pondre des faits qui lui sont reproch\u00e9s.<\/p>\n<p>Cette interpellation, intervenue le jour m\u00eame de la diffusion de l\u2019avis de recherche, illustre surtout la rapidit\u00e9 avec laquelle les enqu\u00eateurs ont exploit\u00e9 les renseignements disponibles et recoup\u00e9 les informations recueillies.<\/p>\n<p>L\u2019affaire rappelle \u00e9galement la vigilance n\u00e9cessaire lors des c\u00e9r\u00e9monies, cocktails et autres \u00e9v\u00e9nements r\u00e9unissant un grand nombre de personnes. Dans ce type de rassemblement, un moment d\u2019inattention peut parfois suffire \u00e0 faire dispara\u00eetre un t\u00e9l\u00e9phone, un portefeuille ou tout autre objet de valeur.<\/p>\n<p><\/p>\n<p>\u00a0<\/p>\n<p>Les autorit\u00e9s invitent donc les participants \u00e0 rester particuli\u00e8rement attentifs \u00e0 leurs effets personnels, y compris lorsqu\u2019ils se trouvent dans des lieux o\u00f9 le sentiment de s\u00e9curit\u00e9 peut sembler acquis.<\/p>\n<p>Jean Chresus, <a href=\"https:\/\/www.koaci.com\/recherche?search=Abidjan\" rel=\"nofollow noopener\" target=\"_blank\">Abidjan<\/a><\/p>\n<p><\/p>\n<p>\u00a0<\/p>\n<p>\u00a0<\/p>\n<p>                    <img decoding=\"async\" src=\"https:\/\/www.europesays.com\/afrique\/wp-content\/uploads\/2026\/04\/1775156951_759_user0.jpg\" width=\"50\" alt=\"\" class=\"KoaciRounded\"\/><\/p>\n<p>\u00a0 Par Koaci<\/p>\n<p>\u00a0<\/p>\n<p>\u00a0<\/p>\n","protected":false},"excerpt":{"rendered":"\u00a0 \u00a0 \u00a0 \u00a0 \u00a0 \u00a9 Koaci.com &#8211; vendredi 04 septembre 2026 &#8211; 11:22 Les mis en cause&hellip;\n","protected":false},"author":2,"featured_media":200424,"comment_status":"","ping_status":"","sticky":false,"template":"","format":"standard","meta":{"footnotes":"","_share_on_mastodon":"0"},"categories":[154],"tags":[281,280,216,251,279,294],"class_list":["post-200423","post","type-post","status-publish","format-standard","has-post-thumbnail","category-cote-divoire","tag-actualite","tag-article","tag-cote-divoire","tag-info","tag-koaci","tag-koaci-cote-d"],"share_on_mastodon":{"url":"https:\/\/pubeurope.com\/@afrique\/117213549484288061","error":""},"_links":{"self":[{"href":"https:\/\/www.europesays.com\/afrique\/wp-json\/wp\/v2\/posts\/200423","targetHints":{"allow":["GET"]}}],"collection":[{"href":"https:\/\/www.europesays.com\/afrique\/wp-json\/wp\/v2\/posts"}],"about":[{"href":"https:\/\/www.europesays.com\/afrique\/wp-json\/wp\/v2\/types\/post"}],"author":[{"embeddable":true,"href":"https:\/\/www.europesays.com\/afrique\/wp-json\/wp\/v2\/users\/2"}],"replies":[{"embeddable":true,"href":"https:\/\/www.europesays.com\/afrique\/wp-json\/wp\/v2\/comments?post=200423"}],"version-history":[{"count":0,"href":"https:\/\/www.europesays.com\/afrique\/wp-json\/wp\/v2\/posts\/200423\/revisions"}],"wp:featuredmedia":[{"embeddable":true,"href":"https:\/\/www.europesays.com\/afrique\/wp-json\/wp\/v2\/media\/200424"}],"wp:attachment":[{"href":"https:\/\/www.europesays.com\/afrique\/wp-json\/wp\/v2\/media?parent=200423"}],"wp:term":[{"taxonomy":"category","embeddable":true,"href":"https:\/\/www.europesays.com\/afrique\/wp-json\/wp\/v2\/categories?post=200423"},{"taxonomy":"post_tag","embeddable":true,"href":"https:\/\/www.europesays.com\/afrique\/wp-json\/wp\/v2\/tags?post=200423"}],"curies":[{"name":"wp","href":"https:\/\/api.w.org\/{rel}","templated":true}]}}