{"id":200425,"date":"2026-09-04T15:53:25","date_gmt":"2026-09-04T15:53:25","guid":{"rendered":"https:\/\/www.europesays.com\/afrique\/200425\/"},"modified":"2026-09-04T15:53:25","modified_gmt":"2026-09-04T15:53:25","slug":"afrique-du-sud-yellow-door-energy-et-nedbank-bouclent-le-financement-du-parc-solaire-lion-thorn","status":"publish","type":"post","link":"https:\/\/www.europesays.com\/afrique\/200425\/","title":{"rendered":"Afrique du Sud : Yellow Door Energy et Nedbank bouclent le financement du parc solaire Lion Thorn"},"content":{"rendered":"<p>Le producteur ind\u00e9pendant Yellow Door Energy a boucl\u00e9 le montage financier d&rsquo;une future centrale photovolta\u00efque de 49 MWp dans la province du Nord-Ouest. L&rsquo;infrastructure approvisionnera des acteurs industriels majeurs d\u00e8s son raccordement.<\/p>\n<p><img loading=\"lazy\" decoding=\"async\" width=\"353\" height=\"500\" alt=\"\" style=\"max-width:100%; height:auto;\" class=\"perfmatters-lazy\" src=\"https:\/\/www.europesays.com\/afrique\/wp-content\/uploads\/2026\/07\/Pigier-journee.webp\"\/><\/p>\n<p>Le producteur ind\u00e9pendant d\u2019\u00e9nergie Yellow Door Energy et l\u2019institution bancaire sud-africaine Nedbank CIB ont officialis\u00e9 le bouclage financier du projet de parc solaire Lion Thorn le 2 septembre 2026. Cet accord financier d\u00e9cisif permet de mobiliser les capitaux n\u00e9cessaires au d\u00e9ploiement de cette infrastructure \u00e9nerg\u00e9tique d\u2019envergure, con\u00e7ue pour soutenir l\u2019approvisionnement en \u00e9lectricit\u00e9 propre sur le territoire sud-africain.<\/p>\n<p>D\u2019une capacit\u00e9 install\u00e9e de 49 MWp, la future centrale photovolta\u00efque sera implant\u00e9e \u00e0 Leeudoringstad, une localit\u00e9 situ\u00e9e au c\u0153ur de la province du Nord-Ouest. Le choix de ce site strat\u00e9gique tire parti des conditions d\u2019ensoleillement optimales de la r\u00e9gion afin de garantir un rendement maximal des futures installations au sol.<\/p>\n<p>Sur le plan commercial, le projet s\u2019appuie sur des accords d\u2019achat d\u2019\u00e9lectricit\u00e9 \u00e0 long terme, commun\u00e9ment d\u00e9sign\u00e9s sous l\u2019appellation PPA, conclus avec deux partenaires de premier plan. L\u2019\u00e9nergie produite sera ainsi achet\u00e9e par le groupe cimentier PPC ainsi que par le distributeur priv\u00e9 PowerX, une structure titulaire d\u2019une licence officielle d\u00e9livr\u00e9e par le r\u00e9gulateur national de l\u2019\u00e9nergie, la NERSA.<\/p>\n<p>Le calendrier op\u00e9rationnel pr\u00e9voit le coup d\u2019envoi des travaux de g\u00e9nie civil et de montage des panneaux solaires pour le mois de septembre 2026. La phase de construction s\u2019\u00e9tendra sur plusieurs mois afin de pr\u00e9parer une entr\u00e9e en service commercial programm\u00e9e dans le courant de l\u2019ann\u00e9e 2028.<\/p>\n<p>Une production annuelle de 115 GWh attendue d\u00e8s la mise en service<\/p>\n<p>D\u00e8s sa premi\u00e8re ann\u00e9e d\u2019exploitation compl\u00e8te, le parc solaire g\u00e9n\u00e9rera un volume estim\u00e9 \u00e0 115 GWh d\u2019\u00e9lectricit\u00e9 renouvelable inject\u00e9e dans les circuits industriels et de distribution. Ce niveau d\u2019activit\u00e9 \u00e9vitera le rejet annuel d\u2019environ 104 190 tonnes de dioxyde de carbone, all\u00e9geant significativement l\u2019empreinte environnementale du secteur productif local.<\/p>\n","protected":false},"excerpt":{"rendered":"Le producteur ind\u00e9pendant Yellow Door Energy a boucl\u00e9 le montage financier d&rsquo;une future centrale photovolta\u00efque de 49 MWp&hellip;\n","protected":false},"author":2,"featured_media":200426,"comment_status":"","ping_status":"","sticky":false,"template":"","format":"standard","meta":{"footnotes":"","_share_on_mastodon":"0"},"categories":[123],"tags":[6,140,60992,60991,7,1798,544,11167,12254,1051,60990],"class_list":["post-200425","post","type-post","status-publish","format-standard","has-post-thumbnail","category-afrique-du-sud","tag-afrique","tag-afrique-du-sud","tag-bouclent","tag-door","tag-economie","tag-energy","tag-financement","tag-nedbank","tag-parc","tag-solaire","tag-yellow"],"share_on_mastodon":{"url":"https:\/\/pubeurope.com\/@afrique\/117213580912385254","error":""},"_links":{"self":[{"href":"https:\/\/www.europesays.com\/afrique\/wp-json\/wp\/v2\/posts\/200425","targetHints":{"allow":["GET"]}}],"collection":[{"href":"https:\/\/www.europesays.com\/afrique\/wp-json\/wp\/v2\/posts"}],"about":[{"href":"https:\/\/www.europesays.com\/afrique\/wp-json\/wp\/v2\/types\/post"}],"author":[{"embeddable":true,"href":"https:\/\/www.europesays.com\/afrique\/wp-json\/wp\/v2\/users\/2"}],"replies":[{"embeddable":true,"href":"https:\/\/www.europesays.com\/afrique\/wp-json\/wp\/v2\/comments?post=200425"}],"version-history":[{"count":0,"href":"https:\/\/www.europesays.com\/afrique\/wp-json\/wp\/v2\/posts\/200425\/revisions"}],"wp:featuredmedia":[{"embeddable":true,"href":"https:\/\/www.europesays.com\/afrique\/wp-json\/wp\/v2\/media\/200426"}],"wp:attachment":[{"href":"https:\/\/www.europesays.com\/afrique\/wp-json\/wp\/v2\/media?parent=200425"}],"wp:term":[{"taxonomy":"category","embeddable":true,"href":"https:\/\/www.europesays.com\/afrique\/wp-json\/wp\/v2\/categories?post=200425"},{"taxonomy":"post_tag","embeddable":true,"href":"https:\/\/www.europesays.com\/afrique\/wp-json\/wp\/v2\/tags?post=200425"}],"curies":[{"name":"wp","href":"https:\/\/api.w.org\/{rel}","templated":true}]}}