{"id":200427,"date":"2026-09-04T15:57:09","date_gmt":"2026-09-04T15:57:09","guid":{"rendered":"https:\/\/www.europesays.com\/afrique\/200427\/"},"modified":"2026-09-04T15:57:09","modified_gmt":"2026-09-04T15:57:09","slug":"tunisie-affaire-du-complot-contre-la-surete-de-letat-lunion-europeenne-affiche-sa-preoccupation","status":"publish","type":"post","link":"https:\/\/www.europesays.com\/afrique\/200427\/","title":{"rendered":"Tunisie. Affaire du \u00ab\u00a0complot contre la s\u00fbret\u00e9 de l&rsquo;Etat\u00a0\u00bb : l&rsquo;Union europ\u00e9enne affiche sa \u00ab\u00a0pr\u00e9occupation\u00a0\u00bb"},"content":{"rendered":"<p>L&rsquo;Union europ\u00e9enne a exprim\u00e9 vendredi 4 septembre sa \u00ab\u00a0pr\u00e9occupation\u00a0\u00bb apr\u00e8s la confirmation par la Cour de cassation tunisienne <a href=\"https:\/\/www.africaradio.com\/actualite-116322-tunisie-la-cour-de-cassation-confirme-les-lourdes-peines-dans-l-affaire-du-complot-contre-l-etat\" target=\"_blank\" rel=\"noopener nofollow\">des lourdes condamnations prononc\u00e9es contre une quarantaine de personnes dans l&rsquo;affaire du \u00ab\u00a0complot contre la s\u00fbret\u00e9 de l&rsquo;\u00c9tat\u00a0\u00bb<\/a>. Plusieurs figures de l&rsquo;opposition et de la soci\u00e9t\u00e9 civile sont concern\u00e9es.<\/p>\n<p>Parmi les personnes incarc\u00e9r\u00e9es figurent notamment l&rsquo;opposant Ahmed N\u00e9jib Chebbi, l&rsquo;avocat Ayachi Hammami, le responsable d&rsquo;Ennahdha Abdelhamid Jlassi, l&rsquo;ancien ministre Ghazi Chaouachi et la militante Cha\u00efma Issa.<\/p>\n<p>Des doutes sur le proc\u00e8s \u00e9quitable<\/p>\n<p>\u00ab\u00a0L&rsquo;Union europ\u00e9enne a pris acte avec pr\u00e9occupation des verdicts confirm\u00e9s par la Cour de cassation tunisienne le 3 septembre\u00a0\u00bb, a d\u00e9clar\u00e9 le porte-parole de la diplomatie europ\u00e9enne Christian Wigand. Bruxelles estime que \u00ab\u00a0certaines interrogations subsistent quant au plein respect des garanties li\u00e9es \u00e0 un proc\u00e8s \u00e9quitable\u00a0\u00bb.<\/p>\n<p>L&rsquo;UE d\u00e9plore \u00e9galement que des contacts avec des diplomates \u00e9trangers, notamment europ\u00e9ens, aient pu \u00eatre utilis\u00e9s comme \u00ab\u00a0motif d&rsquo;inculpation ou \u00e9l\u00e9ment \u00e0 charge\u00a0\u00bb. Elle appelle les autorit\u00e9s tunisiennes \u00e0 \u00ab\u00a0r\u00e9tablir les conditions n\u00e9cessaires pour que le pluralisme et les voix ind\u00e9pendantes puissent contribuer au d\u00e9veloppement du pays\u00a0\u00bb.<\/p>\n<p>Des condamnations jusqu&rsquo;\u00e0 45 ans<\/p>\n<p>Jeudi 3 septembre, la Cour de cassation a rejet\u00e9 les recours dans cette affaire, rendant d\u00e9finitives les condamnations, qui peuvent atteindre 45 ans de prison. Plusieurs avocats avaient d\u00e9nonc\u00e9 les conditions de l&rsquo;audience, dont la date aurait \u00e9t\u00e9 communiqu\u00e9e tardivement, compliquant la pr\u00e9paration de la d\u00e9fense.<\/p>\n<p>Avant l&rsquo;audience, Amnesty International avait appel\u00e9 \u00e0 l&rsquo;annulation de condamnations jug\u00e9es \u00ab\u00a0iniques\u00a0\u00bb et \u00e0 la lib\u00e9ration des d\u00e9tenus.<\/p>\n<p>Depuis le coup de force du pr\u00e9sident Ka\u00efs Saied en juillet 2021, l&rsquo;opposition et des organisations de la soci\u00e9t\u00e9 civile d\u00e9noncent un recul des droits et libert\u00e9s en Tunisie.<\/p>\n","protected":false},"excerpt":{"rendered":"L&rsquo;Union europ\u00e9enne a exprim\u00e9 vendredi 4 septembre sa \u00ab\u00a0pr\u00e9occupation\u00a0\u00bb apr\u00e8s la confirmation par la Cour de cassation tunisienne&hellip;\n","protected":false},"author":2,"featured_media":200428,"comment_status":"","ping_status":"","sticky":false,"template":"","format":"standard","meta":{"footnotes":"","_share_on_mastodon":"0"},"categories":[120],"tags":[124],"class_list":["post-200427","post","type-post","status-publish","format-standard","has-post-thumbnail","category-tunisie","tag-tunisie"],"share_on_mastodon":{"url":"https:\/\/pubeurope.com\/@afrique\/117213597613602335","error":""},"_links":{"self":[{"href":"https:\/\/www.europesays.com\/afrique\/wp-json\/wp\/v2\/posts\/200427","targetHints":{"allow":["GET"]}}],"collection":[{"href":"https:\/\/www.europesays.com\/afrique\/wp-json\/wp\/v2\/posts"}],"about":[{"href":"https:\/\/www.europesays.com\/afrique\/wp-json\/wp\/v2\/types\/post"}],"author":[{"embeddable":true,"href":"https:\/\/www.europesays.com\/afrique\/wp-json\/wp\/v2\/users\/2"}],"replies":[{"embeddable":true,"href":"https:\/\/www.europesays.com\/afrique\/wp-json\/wp\/v2\/comments?post=200427"}],"version-history":[{"count":0,"href":"https:\/\/www.europesays.com\/afrique\/wp-json\/wp\/v2\/posts\/200427\/revisions"}],"wp:featuredmedia":[{"embeddable":true,"href":"https:\/\/www.europesays.com\/afrique\/wp-json\/wp\/v2\/media\/200428"}],"wp:attachment":[{"href":"https:\/\/www.europesays.com\/afrique\/wp-json\/wp\/v2\/media?parent=200427"}],"wp:term":[{"taxonomy":"category","embeddable":true,"href":"https:\/\/www.europesays.com\/afrique\/wp-json\/wp\/v2\/categories?post=200427"},{"taxonomy":"post_tag","embeddable":true,"href":"https:\/\/www.europesays.com\/afrique\/wp-json\/wp\/v2\/tags?post=200427"}],"curies":[{"name":"wp","href":"https:\/\/api.w.org\/{rel}","templated":true}]}}