{"id":200458,"date":"2026-09-04T16:34:12","date_gmt":"2026-09-04T16:34:12","guid":{"rendered":"https:\/\/www.europesays.com\/afrique\/200458\/"},"modified":"2026-09-04T16:34:12","modified_gmt":"2026-09-04T16:34:12","slug":"la-diaspora-burkinabe-de-cote-divoire-mobilise-1515-milliards-de-fcfa","status":"publish","type":"post","link":"https:\/\/www.europesays.com\/afrique\/200458\/","title":{"rendered":"La diaspora burkinab\u00e8 de C\u00f4te d\u2019Ivoire mobilise 151,5 milliards de FCFA"},"content":{"rendered":"<p>Loin des Eurobonds, dont les taux d\u2019int\u00e9r\u00eat d\u00e9passent parfois les 10 %, le Burkina Faso vient de lancer un \u00ab Diaspora Bond \u00bb, destin\u00e9 \u00e0 sa diaspora de C\u00f4te d\u2019Ivoire.<\/p>\n<p>Le<a href=\"https:\/\/actucameroun.com\/2026\/07\/15\/burkina-faso-deux-diplomates-de-lunion-europeenne-declares-persona-non-grata\/\" rel=\"nofollow noopener\" target=\"_blank\"> Burkina Faso<\/a> a mobilis\u00e9 avec succ\u00e8s 151,5 milliards de FCFA gr\u00e2ce \u00e0 l\u2019\u00e9mission de ses premiers \u00ab Diaspora Bonds \u00bb (ou Emprunt Patriotique), d\u00e9passant largement l\u2019objectif initial de 125 milliards de FCFA. Ce r\u00e9sultat exceptionnel se traduit par un taux de r\u00e9alisation de 121,2 %.)<\/p>\n<p>L\u2019\u00e9v\u00e9nement a \u00e9t\u00e9 officialis\u00e9 \u00e0 Abidjan le 3 septembre 2026, lors de l\u2019introduction et de la premi\u00e8re cotation de ces titres \u00e0 la Bourse R\u00e9gionale des Valeurs Mobili\u00e8res (BRVM). L\u2019op\u00e9ration met en lumi\u00e8re le r\u00f4le strat\u00e9gique de la diaspora burkinab\u00e8, notamment celle de C\u00f4te d\u2019Ivoire, comme levier majeur de souverainet\u00e9 \u00e9conomique.<\/p>\n<p>L\u2019entr\u00e9e sur le march\u00e9 secondaire de la BRVM permet d\u00e9sormais aux investisseurs de revendre leurs titres avant \u00e9ch\u00e9ance et dynamise l\u2019\u00e9pargne r\u00e9gionale.<\/p>\n<p>Une enveloppe de 85 milliards de FCFA a d\u2019ores et d\u00e9j\u00e0 \u00e9t\u00e9 affect\u00e9e \u00e0 des projets d\u2019industrialisation et de relance \u00e9conomique prioritaires pour l\u2019\u00c9tat burkinab\u00e8<\/p>\n<p>Allou\u00e9s \u00e0 CIM SAHEL pour accro\u00eetre la production locale et limiter la d\u00e9pendance aux importations de mat\u00e9riaux de construction. D\u00e9veloppement Industriel (30 milliards FCFA) : Conc\u00e9der \u00e0 SN-BRAFASO pour b\u00e2tir une nouvelle unit\u00e9 industrielle \u00e0 Bobo-Dioulasso, cr\u00e9atrice d\u2019emplois.<\/p>\n<p>Deux enveloppes distinctes de 20 milliards FCFA attribu\u00e9es \u00e0 la SOPAMIB. Elles visent \u00e0 relancer le projet minier de Taparko et \u00e0 remettre en exploitation la mine de Perkoa (ferm\u00e9e depuis l\u2019accident de 2022).<\/p>\n<p>\u00a0<\/p>\n","protected":false},"excerpt":{"rendered":"Loin des Eurobonds, dont les taux d\u2019int\u00e9r\u00eat d\u00e9passent parfois les 10 %, le Burkina Faso vient de lancer&hellip;\n","protected":false},"author":2,"featured_media":200459,"comment_status":"","ping_status":"","sticky":false,"template":"","format":"standard","meta":{"footnotes":"","_share_on_mastodon":"0"},"categories":[154],"tags":[242,12,4776,216,30893,7,80,126,46,20586],"class_list":["post-200458","post","type-post","status-publish","format-standard","has-post-thumbnail","category-cote-divoire","tag-actualites","tag-cameroun","tag-cemac","tag-cote-divoire","tag-douala","tag-economie","tag-news","tag-politique","tag-sport","tag-yaounde"],"share_on_mastodon":{"url":"https:\/\/pubeurope.com\/@afrique\/117213741885086696","error":""},"_links":{"self":[{"href":"https:\/\/www.europesays.com\/afrique\/wp-json\/wp\/v2\/posts\/200458","targetHints":{"allow":["GET"]}}],"collection":[{"href":"https:\/\/www.europesays.com\/afrique\/wp-json\/wp\/v2\/posts"}],"about":[{"href":"https:\/\/www.europesays.com\/afrique\/wp-json\/wp\/v2\/types\/post"}],"author":[{"embeddable":true,"href":"https:\/\/www.europesays.com\/afrique\/wp-json\/wp\/v2\/users\/2"}],"replies":[{"embeddable":true,"href":"https:\/\/www.europesays.com\/afrique\/wp-json\/wp\/v2\/comments?post=200458"}],"version-history":[{"count":0,"href":"https:\/\/www.europesays.com\/afrique\/wp-json\/wp\/v2\/posts\/200458\/revisions"}],"wp:featuredmedia":[{"embeddable":true,"href":"https:\/\/www.europesays.com\/afrique\/wp-json\/wp\/v2\/media\/200459"}],"wp:attachment":[{"href":"https:\/\/www.europesays.com\/afrique\/wp-json\/wp\/v2\/media?parent=200458"}],"wp:term":[{"taxonomy":"category","embeddable":true,"href":"https:\/\/www.europesays.com\/afrique\/wp-json\/wp\/v2\/categories?post=200458"},{"taxonomy":"post_tag","embeddable":true,"href":"https:\/\/www.europesays.com\/afrique\/wp-json\/wp\/v2\/tags?post=200458"}],"curies":[{"name":"wp","href":"https:\/\/api.w.org\/{rel}","templated":true}]}}