{"id":200465,"date":"2026-09-04T16:43:14","date_gmt":"2026-09-04T16:43:14","guid":{"rendered":"https:\/\/www.europesays.com\/afrique\/200465\/"},"modified":"2026-09-04T16:43:14","modified_gmt":"2026-09-04T16:43:14","slug":"affaire-du-complot-lue-reagit-a-la-decision-de-la-cour-de-cassation","status":"publish","type":"post","link":"https:\/\/www.europesays.com\/afrique\/200465\/","title":{"rendered":"Affaire du complot : L\u2019UE r\u00e9agit \u00e0 la d\u00e9cision de la Cour de cassation"},"content":{"rendered":"<p class=\"wp-block-paragraph\">L\u2019Union europ\u00e9enne a r\u00e9agi, ce vendredi 4 septembre 2026, \u00e0 la d\u00e9cision rendue la veille par la Cour de cassation dans l\u2019affaire dite du \u00ab complot contre la s\u00fbret\u00e9 de l\u2019\u00c9tat \u00bb. Tout en r\u00e9affirmant son engagement en faveur de son partenariat avec la Tunisie, l\u2019UE fait part de pr\u00e9occupations concernant certains aspects de la proc\u00e9dure.<\/p>\n<p>L\u2019UE \u00e9voque les garanties d\u2019un proc\u00e8s \u00e9quitable<\/p>\n<p class=\"wp-block-paragraph\"><a href=\"https:\/\/www.eeas.europa.eu\/eeas\/tunisie-declaration-du-porte-parole-1_en\" rel=\"nofollow noopener\" target=\"_blank\">Dans une d\u00e9claration publi\u00e9e par le Service europ\u00e9en pour l\u2019action ext\u00e9rieure (SEAE)<\/a>, l\u2019Union europ\u00e9enne indique avoir pris acte \u00ab avec pr\u00e9occupation \u00bb des verdicts confirm\u00e9s le 3 septembre par la Cour de cassation.<\/p>\n<p class=\"wp-block-paragraph\">L\u2019UE estime que certaines interrogations subsistent concernant le plein respect des garanties li\u00e9es \u00e0 un proc\u00e8s \u00e9quitable. Elle rappelle, \u00e0 cette occasion, l\u2019importance qu\u2019elle accorde au respect des droits de l\u2019Homme, notamment \u00e0 la libert\u00e9 d\u2019expression et au droit \u00e0 un proc\u00e8s \u00e9quitable, des questions qu\u2019elle indique aborder r\u00e9guli\u00e8rement dans ses \u00e9changes avec les autorit\u00e9s tunisiennes.<\/p>\n<p class=\"wp-block-paragraph\">La d\u00e9claration europ\u00e9enne intervient au lendemain de la d\u00e9cision de la Cour de cassation concernant les 46 pourvois introduits dans cette affaire. Selon la TAP, 44 ont \u00e9t\u00e9 rejet\u00e9s sur le fond et deux sur la forme.<\/p>\n<p class=\"has-medium-font-size wp-block-paragraph\">Lire aussi: <a href=\"https:\/\/www.webdo.tn\/fr\/actualite\/national\/affaire-du-complot-1-les-condamnations-deviennent-definitives-apres-le-rejet-des-46-pourvois\/403484\/\" rel=\"nofollow noopener\" target=\"_blank\">Affaire du complot 1 : Les condamnations deviennent d\u00e9finitives apr\u00e8s le rejet des 46 pourvois<\/a><\/p>\n<p class=\"wp-block-paragraph\">Le communiqu\u00e9 europ\u00e9en revient \u00e9galement sur la question des contacts diplomatiques. \u00ab L\u2019Union europ\u00e9enne d\u00e9plore que des contacts avec des diplomates accr\u00e9dit\u00e9s en Tunisie, y compris europ\u00e9ens, aient \u00e9t\u00e9 utilis\u00e9s comme motif d\u2019inculpation ou \u00e9l\u00e9ment \u00e0 charge. \u00bb<\/p>\n<p class=\"wp-block-paragraph\">Bruxelles appelle \u00e9galement \u00e0 pr\u00e9server les conditions permettant au pluralisme et aux voix ind\u00e9pendantes de contribuer au d\u00e9veloppement du pays.<\/p>\n<p>Le partenariat avec la Tunisie r\u00e9affirm\u00e9<\/p>\n<p class=\"wp-block-paragraph\">Parall\u00e8lement \u00e0 ces observations, l\u2019Union europ\u00e9enne r\u00e9affirme son engagement en faveur de son partenariat avec la Tunisie et son soutien au peuple tunisien.<\/p>\n<p class=\"wp-block-paragraph\">La d\u00e9claration du SEAE s\u2019inscrit ainsi dans le suivi europ\u00e9en de cette affaire judiciaire, tout en r\u00e9affirmant la volont\u00e9 de l\u2019Union de poursuivre son partenariat avec la Tunisie.<\/p>\n","protected":false},"excerpt":{"rendered":"L\u2019Union europ\u00e9enne a r\u00e9agi, ce vendredi 4 septembre 2026, \u00e0 la d\u00e9cision rendue la veille par la Cour&hellip;\n","protected":false},"author":2,"featured_media":200466,"comment_status":"","ping_status":"","sticky":false,"template":"","format":"standard","meta":{"footnotes":"","_share_on_mastodon":"0"},"categories":[120],"tags":[60037,124,59695],"class_list":["post-200465","post","type-post","status-publish","format-standard","has-post-thumbnail","category-tunisie","tag-affaire-du-complot","tag-tunisie","tag-union-europenne"],"share_on_mastodon":{"url":"https:\/\/pubeurope.com\/@afrique\/117213777201471811","error":""},"_links":{"self":[{"href":"https:\/\/www.europesays.com\/afrique\/wp-json\/wp\/v2\/posts\/200465","targetHints":{"allow":["GET"]}}],"collection":[{"href":"https:\/\/www.europesays.com\/afrique\/wp-json\/wp\/v2\/posts"}],"about":[{"href":"https:\/\/www.europesays.com\/afrique\/wp-json\/wp\/v2\/types\/post"}],"author":[{"embeddable":true,"href":"https:\/\/www.europesays.com\/afrique\/wp-json\/wp\/v2\/users\/2"}],"replies":[{"embeddable":true,"href":"https:\/\/www.europesays.com\/afrique\/wp-json\/wp\/v2\/comments?post=200465"}],"version-history":[{"count":0,"href":"https:\/\/www.europesays.com\/afrique\/wp-json\/wp\/v2\/posts\/200465\/revisions"}],"wp:featuredmedia":[{"embeddable":true,"href":"https:\/\/www.europesays.com\/afrique\/wp-json\/wp\/v2\/media\/200466"}],"wp:attachment":[{"href":"https:\/\/www.europesays.com\/afrique\/wp-json\/wp\/v2\/media?parent=200465"}],"wp:term":[{"taxonomy":"category","embeddable":true,"href":"https:\/\/www.europesays.com\/afrique\/wp-json\/wp\/v2\/categories?post=200465"},{"taxonomy":"post_tag","embeddable":true,"href":"https:\/\/www.europesays.com\/afrique\/wp-json\/wp\/v2\/tags?post=200465"}],"curies":[{"name":"wp","href":"https:\/\/api.w.org\/{rel}","templated":true}]}}