{"id":200513,"date":"2026-09-04T17:53:11","date_gmt":"2026-09-04T17:53:11","guid":{"rendered":"https:\/\/www.europesays.com\/afrique\/200513\/"},"modified":"2026-09-04T17:53:11","modified_gmt":"2026-09-04T17:53:11","slug":"legypte-et-google-examinent-les-moyens-de-renforcer-leur-cooperation-dans-linnovation-et-les-technologies-educatives","status":"publish","type":"post","link":"https:\/\/www.europesays.com\/afrique\/200513\/","title":{"rendered":"L\u2019\u00c9gypte et Google examinent les moyens de renforcer leur coop\u00e9ration dans l\u2019innovation et les technologies \u00e9ducatives"},"content":{"rendered":"<p style=\"text-align: justify;\">Le ministre de l\u2019\u00c9ducation et de l\u2019Enseignement technique, Mohamed Abdel Latif, s\u2019est entretenu vendredi avec la vice-pr\u00e9sidente de Google, Cris Turner, afin d\u2019examiner les moyens de renforcer la coop\u00e9ration dans les domaines de l\u2019innovation, des technologies \u00e9ducatives et du d\u00e9veloppement de solutions et de plateformes num\u00e9riques d\u00e9di\u00e9es \u00e0 l\u2019\u00e9ducation.<\/p>\n<p style=\"text-align: justify;\">Les entretiens ont eu lieu en marge de la participation du ministre \u00e0 la r\u00e9union du Conseil ex\u00e9cutif de l\u2019UNICEF, au si\u00e8ge de l\u2019organisation \u00e0 New York.<\/p>\n<p style=\"text-align: justify;\">Lors de cette rencontre, le ministre a soulign\u00e9 la volont\u00e9 de son minist\u00e8re d\u2019\u00e9largir ses partenariats avec les institutions et entreprises technologiques internationales afin de contribuer au d\u00e9veloppement du syst\u00e8me \u00e9ducatif et de doter les \u00e9l\u00e8ves des comp\u00e9tences et connaissances n\u00e9cessaires pour s\u2019adapter aux \u00e9volutions rapides du march\u00e9 du travail.<\/p>\n<p style=\"text-align: justify;\">Pour sa part, Mme Turner a soulign\u00e9 l\u2019importance de renforcer les partenariats entre les gouvernements, les organisations internationales et le secteur technologique afin de soutenir la transformation num\u00e9rique de l\u2019\u00e9ducation.<\/p>\n<p style=\"text-align: justify;\">Elle a estim\u00e9 que ces partenariats permettraient de mettre la technologie au service des objectifs \u00e9ducatifs et d\u2019offrir des possibilit\u00e9s d\u2019apprentissage plus inclusives et \u00e9quitables.<\/p>\n<p style=\"text-align: justify;\">La r\u00e9union a \u00e9galement port\u00e9 sur les moyens de tirer parti de l\u2019expertise de Google dans les domaines de la technologie, de l\u2019innovation et de l\u2019intelligence artificielle (IA), afin de soutenir les efforts du minist\u00e8re de l\u2019\u00c9ducation visant \u00e0 mettre en place un syst\u00e8me \u00e9ducatif capable de suivre le rythme des \u00e9volutions technologiques, de renforcer les comp\u00e9tences num\u00e9riques des \u00e9l\u00e8ves et de les pr\u00e9parer \u00e0 utiliser les outils et applications d\u2019IA de mani\u00e8re \u00e9clair\u00e9e et efficace.<\/p>\n<p style=\"text-align: justify;\">Traduit par OGI<\/p>\n<p>            <a class=\"text-reader sound\" href=\"https:\/\/sis.gov.eg\/fr\/centre-m%C3%A9diatique\/actualit%C3%A9s\/l-%C3%A9gypte-et-google-examinent-les-moyens-de-renforcer-leur-coop%C3%A9ration-dans-l-innovation-et-les-technologies-%C3%A9ducatives\/javascript:void(0)\" data-text=\"L\u2019\u00c9gypte et Google examinent les moyens de renforcer leur coop\u00e9ration dans l\u2019innovation et les technologies \u00e9ducatives.  Cr\u00e9er un rendez-vous.  04 septembre 2026Date de derni\u00e8re mise \u00e0 jour.  04 septembre 2026.  Le ministre de l\u2019\u00c9ducation et de l\u2019Enseignement technique, Mohamed Abdel Latif, s\u2019est entretenu vendredi avec la vice-pr\u00e9sidente de Google, Cris Turner, afin d\u2019examiner les moyens de renforcer la coop\u00e9ration dans les domaines de l\u2019innovation, des technologies \u00e9ducatives et du d\u00e9veloppement de solutions et de plateformes num\u00e9riques d\u00e9di\u00e9es \u00e0 l\u2019\u00e9ducation.&#010;Les entretiens ont eu lieu en marge de la participation du ministre \u00e0 la r\u00e9union du Conseil ex\u00e9cutif de l\u2019UNICEF, au si\u00e8ge de l\u2019organisation \u00e0 New York.&#010;Lors de cette rencontre, le ministre a soulign\u00e9 la volont\u00e9 de son minist\u00e8re d\u2019\u00e9largir ses partenariats avec les institutions et entreprises technologiques internationales afin de contribuer au d\u00e9veloppement du syst\u00e8me \u00e9ducatif et de doter les \u00e9l\u00e8ves des comp\u00e9tences et connaissances n\u00e9cessaires pour s\u2019adapter aux \u00e9volutions rapides du march\u00e9 du travail.&#010;Pour sa part, Mme Turner a soulign\u00e9 l\u2019importance de renforcer les partenariats entre les gouvernements, les organisations internationales et le secteur technologique afin de soutenir la transformation num\u00e9rique de l\u2019\u00e9ducation.&#010;Elle a estim\u00e9 que ces partenariats permettraient de mettre la technologie au service des objectifs \u00e9ducatifs et d\u2019offrir des possibilit\u00e9s d\u2019apprentissage plus inclusives et \u00e9quitables.&#010;La r\u00e9union a \u00e9galement port\u00e9 sur les moyens de tirer parti de l\u2019expertise de Google dans les domaines de la technologie, de l\u2019innovation et de l\u2019intelligence artificielle (IA), afin de soutenir les efforts du minist\u00e8re de l\u2019\u00c9ducation visant \u00e0 mettre en place un syst\u00e8me \u00e9ducatif capable de suivre le rythme des \u00e9volutions technologiques, de renforcer les comp\u00e9tences num\u00e9riques des \u00e9l\u00e8ves et de les pr\u00e9parer \u00e0 utiliser les outils et applications d\u2019IA de mani\u00e8re \u00e9clair\u00e9e et efficace.&#010;Traduit par OGI.  \" data-toggle=\"tooltip\" data-placement=\"top\" title=\"jouer son\" rel=\"nofollow noopener\" target=\"_blank\">&#13;<br \/>\n                <img decoding=\"async\" src=\"https:\/\/sis.gov.eg\/Assets\/Images\/SVGs\/soundIcon.svg\"\/>&#13;<br \/>\n            <\/a><\/p>\n<p>\u00c9coutez le mot paragraphe<\/p>\n","protected":false},"excerpt":{"rendered":"Le ministre de l\u2019\u00c9ducation et de l\u2019Enseignement technique, Mohamed Abdel Latif, s\u2019est entretenu vendredi avec la vice-pr\u00e9sidente de&hellip;\n","protected":false},"author":2,"featured_media":200514,"comment_status":"","ping_status":"","sticky":false,"template":"","format":"standard","meta":{"footnotes":"","_share_on_mastodon":"0"},"categories":[122],"tags":[139],"class_list":["post-200513","post","type-post","status-publish","format-standard","has-post-thumbnail","category-egypte","tag-egypte"],"share_on_mastodon":{"url":"https:\/\/pubeurope.com\/@afrique\/117214052713311631","error":""},"_links":{"self":[{"href":"https:\/\/www.europesays.com\/afrique\/wp-json\/wp\/v2\/posts\/200513","targetHints":{"allow":["GET"]}}],"collection":[{"href":"https:\/\/www.europesays.com\/afrique\/wp-json\/wp\/v2\/posts"}],"about":[{"href":"https:\/\/www.europesays.com\/afrique\/wp-json\/wp\/v2\/types\/post"}],"author":[{"embeddable":true,"href":"https:\/\/www.europesays.com\/afrique\/wp-json\/wp\/v2\/users\/2"}],"replies":[{"embeddable":true,"href":"https:\/\/www.europesays.com\/afrique\/wp-json\/wp\/v2\/comments?post=200513"}],"version-history":[{"count":0,"href":"https:\/\/www.europesays.com\/afrique\/wp-json\/wp\/v2\/posts\/200513\/revisions"}],"wp:featuredmedia":[{"embeddable":true,"href":"https:\/\/www.europesays.com\/afrique\/wp-json\/wp\/v2\/media\/200514"}],"wp:attachment":[{"href":"https:\/\/www.europesays.com\/afrique\/wp-json\/wp\/v2\/media?parent=200513"}],"wp:term":[{"taxonomy":"category","embeddable":true,"href":"https:\/\/www.europesays.com\/afrique\/wp-json\/wp\/v2\/categories?post=200513"},{"taxonomy":"post_tag","embeddable":true,"href":"https:\/\/www.europesays.com\/afrique\/wp-json\/wp\/v2\/tags?post=200513"}],"curies":[{"name":"wp","href":"https:\/\/api.w.org\/{rel}","templated":true}]}}