{"id":200531,"date":"2026-09-04T18:12:12","date_gmt":"2026-09-04T18:12:12","guid":{"rendered":"https:\/\/www.europesays.com\/afrique\/200531\/"},"modified":"2026-09-04T18:12:12","modified_gmt":"2026-09-04T18:12:12","slug":"afrique-du-sud-un-ressortissant-du-lesotho-battu-a-mort-apres-un-vol-presume-dagneau","status":"publish","type":"post","link":"https:\/\/www.europesays.com\/afrique\/200531\/","title":{"rendered":"Afrique du Sud: un ressortissant du Lesotho battu \u00e0 mort apr\u00e8s un vol pr\u00e9sum\u00e9 d\u2019agneau"},"content":{"rendered":"<p>Douze personnes ont \u00e9t\u00e9 interpell\u00e9es en Afrique du Sud apr\u00e8s la mort violente d\u2019un berger lesothan accus\u00e9 de vol de b\u00e9tail. Les suspects, parmi lesquels dix ressortissants \u00e9trangers et deux Sud-Africains, sont poursuivis pour meurtre et doivent \u00eatre pr\u00e9sent\u00e9s \u00e0 la justice lundi.<\/p>\n<p><img loading=\"lazy\" decoding=\"async\" width=\"353\" height=\"500\" alt=\"\" style=\"max-width:100%; height:auto;\" class=\"perfmatters-lazy\" src=\"https:\/\/www.europesays.com\/afrique\/wp-content\/uploads\/2026\/07\/Pigier-journee.webp\"\/><\/p>\n<p class=\"wp-block-paragraph\">Douze personnes ont \u00e9t\u00e9 arr\u00eat\u00e9es en Afrique du Sud apr\u00e8s la mort violente d\u2019un berger \u00e9tranger (identifi\u00e9 comme un ressortissant du Lesotho selon la presse locale), soup\u00e7onn\u00e9 d\u2019avoir vol\u00e9 un agneau dans la province de l\u2019\u00c9tat libre. Les suspects, dont dix ressortissants \u00e9trangers et deux Sud-Africains, sont poursuivis pour meurtre. Les faits se sont produits jeudi \u00e0 Mashaeng Commonage, pr\u00e8s de Fouriesburg. Les forces de l\u2019ordre ont d\u00e9couvert le corps sans vie d\u2019un homme sur les lieux. D\u2019apr\u00e8s les premiers \u00e9l\u00e9ments communiqu\u00e9s par la police sud-africaine (SAPS), la victime pr\u00e9sentait plusieurs contusions sur le haut du corps ainsi que des blessures au niveau des yeux.<\/p>\n<p class=\"wp-block-paragraph\">Selon les enqu\u00eateurs, le d\u00e9funt, qui travaillait comme berger, aurait \u00e9t\u00e9 accus\u00e9 d\u2019avoir tu\u00e9 un agneau \u00e0 proximit\u00e9 d\u2019un barrage. Une partie de la carcasse aurait ensuite \u00e9t\u00e9 jet\u00e9e dans l\u2019eau, tandis que la t\u00eate et les pattes auraient \u00e9t\u00e9 retrouv\u00e9es par la suite. L\u2019enqu\u00eate a d\u2019abord conduit \u00e0 l\u2019interpellation d\u2019un homme qui aurait \u00e9t\u00e9 retrouv\u00e9 en possession du t\u00e9l\u00e9phone portable appartenant \u00e0 la victime. Les investigations se sont poursuivies et ont permis l\u2019arrestation de onze autres suspects.<\/p>\n<p class=\"wp-block-paragraph\">\u00c2g\u00e9s de 24 \u00e0 59 ans, les douze mis en cause comprennent dix ressortissants \u00e9trangers et deux habitants sud-africains du township de Mashaeng. Ils doivent compara\u00eetre lundi 7 septembre devant le tribunal de premi\u00e8re instance de Fouriesburg. La SAPS a par ailleurs appel\u00e9 les habitants \u00e0 signaler les faits suspects aux forces de l\u2019ordre plut\u00f4t que de chercher eux-m\u00eames \u00e0 sanctionner les personnes soup\u00e7onn\u00e9es d\u2019infractions. Les autorit\u00e9s assurent que les responsables identifi\u00e9s devront r\u00e9pondre de leurs actes devant la justice.<\/p>\n","protected":false},"excerpt":{"rendered":"Douze personnes ont \u00e9t\u00e9 interpell\u00e9es en Afrique du Sud apr\u00e8s la mort violente d\u2019un berger lesothan accus\u00e9 de&hellip;\n","protected":false},"author":2,"featured_media":200532,"comment_status":"","ping_status":"","sticky":false,"template":"","format":"standard","meta":{"footnotes":"","_share_on_mastodon":"0"},"categories":[123],"tags":[6,140,61029,61030,4747,387,52191,50871,115],"class_list":["post-200531","post","type-post","status-publish","format-standard","has-post-thumbnail","category-afrique-du-sud","tag-afrique","tag-afrique-du-sud","tag-battu","tag-dagneau","tag-lesotho","tag-mort","tag-presume","tag-ressortissant","tag-societe"],"share_on_mastodon":{"url":"https:\/\/pubeurope.com\/@afrique\/117214127769636421","error":""},"_links":{"self":[{"href":"https:\/\/www.europesays.com\/afrique\/wp-json\/wp\/v2\/posts\/200531","targetHints":{"allow":["GET"]}}],"collection":[{"href":"https:\/\/www.europesays.com\/afrique\/wp-json\/wp\/v2\/posts"}],"about":[{"href":"https:\/\/www.europesays.com\/afrique\/wp-json\/wp\/v2\/types\/post"}],"author":[{"embeddable":true,"href":"https:\/\/www.europesays.com\/afrique\/wp-json\/wp\/v2\/users\/2"}],"replies":[{"embeddable":true,"href":"https:\/\/www.europesays.com\/afrique\/wp-json\/wp\/v2\/comments?post=200531"}],"version-history":[{"count":0,"href":"https:\/\/www.europesays.com\/afrique\/wp-json\/wp\/v2\/posts\/200531\/revisions"}],"wp:featuredmedia":[{"embeddable":true,"href":"https:\/\/www.europesays.com\/afrique\/wp-json\/wp\/v2\/media\/200532"}],"wp:attachment":[{"href":"https:\/\/www.europesays.com\/afrique\/wp-json\/wp\/v2\/media?parent=200531"}],"wp:term":[{"taxonomy":"category","embeddable":true,"href":"https:\/\/www.europesays.com\/afrique\/wp-json\/wp\/v2\/categories?post=200531"},{"taxonomy":"post_tag","embeddable":true,"href":"https:\/\/www.europesays.com\/afrique\/wp-json\/wp\/v2\/tags?post=200531"}],"curies":[{"name":"wp","href":"https:\/\/api.w.org\/{rel}","templated":true}]}}