{"id":200533,"date":"2026-09-04T18:13:30","date_gmt":"2026-09-04T18:13:30","guid":{"rendered":"https:\/\/www.europesays.com\/afrique\/200533\/"},"modified":"2026-09-04T18:13:30","modified_gmt":"2026-09-04T18:13:30","slug":"italie-egypte-rome-inscrit-migration-formation-et-industrie-dans-larchitecture-du-plan-mattei","status":"publish","type":"post","link":"https:\/\/www.europesays.com\/afrique\/200533\/","title":{"rendered":"Italie-\u00c9gypte: Rome inscrit migration, formation et industrie dans l\u2019architecture du Plan Mattei"},"content":{"rendered":"\n<p class=\"themed-links break-words font-prose font-thin text-md leading-160\">  AGI &#8211; La visite effectu\u00e9e le 3 septembre au Caire par le vice-pr\u00e9sident du Conseil et ministre italien des Affaires \u00e9trang\u00e8res, Antonio Tajani, a confirm\u00e9 la place croissante de l\u2019\u00c9gypte dans la strat\u00e9gie m\u00e9diterran\u00e9enne de Rome. Migration, formation professionnelle, investissements et localisation industrielle ont constitu\u00e9 les principaux axes d\u2019une mission qui s\u2019inscrit d\u00e9sormais pleinement dans l\u2019architecture du Plan Mattei pour l\u2019Afrique. <\/p>\n<p class=\"themed-links break-words font-prose font-thin text-md leading-160\">  Tajani \u00e9tait accompagn\u00e9 du ministre de l\u2019Environnement et de la S\u00e9curit\u00e9 \u00e9nerg\u00e9tique, Gilberto Pichetto Fratin, et de la ministre du Travail, Marina Calderone. La d\u00e9l\u00e9gation a particip\u00e9 \u00e0 une r\u00e9union de la Commission mixte italo-\u00e9gyptienne, copr\u00e9sid\u00e9e avec le chef de la diplomatie \u00e9gyptienne Badr Abdelatty, ainsi qu\u2019\u00e0 un Business Forum r\u00e9unissant plus de 600 entrepreneurs des deux pays.  <\/p>\n<p>Rapprochement entre politique migratoire et coop\u00e9ration \u00e9conomique<\/p>\n<p class=\"themed-links break-words font-prose font-thin text-md leading-160\">  La d\u00e9claration sign\u00e9e \u00e0 l\u2019issue des travaux met en \u00e9vidence le rapprochement entre politique migratoire et coop\u00e9ration \u00e9conomique. Rome et Le Caire ont convenu de renforcer la lutte contre les d\u00e9parts irr\u00e9guliers, les r\u00e9seaux de passeurs et la traite des \u00eatres humains, tout en d\u00e9veloppant les retours volontaires et les m\u00e9canismes de r\u00e9int\u00e9gration. <\/p>\n<p>Cr\u00e9ation de voies l\u00e9gales de mobilit\u00e9 professionnelle<\/p>\n<p class=\"themed-links break-words font-prose font-thin text-md leading-160\">  Mais la partie la plus significative concerne la cr\u00e9ation de voies l\u00e9gales de mobilit\u00e9 professionnelle. Pour l\u2019Italie, qui fait face \u00e0 une demande persistante de main-d\u2019\u0153uvre dans plusieurs secteurs, l\u2019\u00c9gypte peut devenir \u00e0 la fois partenaire \u00e9conomique et bassin de comp\u00e9tences. <\/p>\n<p class=\"themed-links break-words font-prose font-thin text-md leading-160\">  Tajani a insist\u00e9 sur la n\u00e9cessit\u00e9 de former des jeunes \u00c9gyptiens susceptibles de travailler dans les entreprises italiennes avec des contrats r\u00e9guliers. La coop\u00e9ration doit notamment s\u2019appuyer sur l\u2019enseignement technique et professionnel et sur l\u2019exp\u00e9rience des ITS Academy italiennes. <\/p>\n<p class=\"themed-links break-words font-prose font-thin text-md leading-160\">  L\u2019objectif est de relier formation dans le pays d\u2019origine, besoins des entreprises et migration r\u00e9guli\u00e8re, dans une logique qui associe politique migratoire et strat\u00e9gie industrielle. Cette approche correspond \u00e0 l\u2019un des principes du Plan Mattei : faire de la coop\u00e9ration avec les pays africains un levier pour attirer les investissements, d\u00e9velopper la production locale et cr\u00e9er des emplois, plut\u00f4t qu\u2019un simple instrument d\u2019aide. <\/p>\n<p>Secteurs prioritaires: \u00e9nergies renouvelables, agriculture, eau, sant\u00e9, \u00e9ducation et industrie<\/p>\n<p class=\"themed-links break-words font-prose font-thin text-md leading-160\">  La d\u00e9claration bilat\u00e9rale identifie \u00e0 cet \u00e9gard plusieurs secteurs prioritaires : \u00e9nergies renouvelables, agriculture, eau, sant\u00e9, \u00e9ducation et industrie. L\u2019\u00c9gypte est d\u00e9j\u00e0 l\u2019un des principaux b\u00e9n\u00e9ficiaires de cette strat\u00e9gie. Pays prioritaire de la coop\u00e9ration italienne et l\u2019un des pays focus du Plan Mattei, elle devrait recevoir en 2026 quelque 26,2 millions d\u2019euros de financements pluriannuels sous forme de dons, tandis que des projets pour environ 150,8 millions sont actuellement en cours. <\/p>\n<p>Les \u00e9changes bilat\u00e9raux ont progress\u00e9 de 11,7 % pour atteindre 5,9 milliards d\u2019euros<\/p>\n<p class=\"themed-links break-words font-prose font-thin text-md leading-160\">  Le Caire b\u00e9n\u00e9ficiera \u00e9galement de 7,31 millions d\u2019euros dans le cadre du nouveau m\u00e9canisme italien de conversion de la dette envers plusieurs pays africains. La dimension \u00e9conomique reste centrale. En 2025, les \u00e9changes bilat\u00e9raux ont progress\u00e9 de 11,7 % pour atteindre 5,9 milliards d\u2019euros. <\/p>\n<p class=\"themed-links break-words font-prose font-thin text-md leading-160\">  L\u2019\u00c9gypte repr\u00e9sente d\u00e9sormais la quatri\u00e8me destination des exportations italiennes en Afrique, derri\u00e8re la Tunisie, l\u2019Alg\u00e9rie et le Maroc. Les exportations italiennes ont atteint 2,9 milliards d\u2019euros, tandis que les ventes \u00e9gyptiennes vers l\u2019Italie ont progress\u00e9 \u00e0 trois milliards. La visite a enfin confirm\u00e9 l\u2019intensit\u00e9 du dialogue politique. <\/p>\n<p class=\"themed-links break-words font-prose font-thin text-md leading-160\">  Tajani a \u00e9t\u00e9 re\u00e7u par le pr\u00e9sident Abdel Fattah al-Sissi, qui a invit\u00e9 Giorgia Meloni \u00e0 se rendre en \u00c9gypte. <\/p>\n<p class=\"themed-links break-words font-prose font-thin text-md leading-160\">  Pour Rome, cette sixi\u00e8me mission du chef de la diplomatie italienne depuis le d\u00e9but de son mandat t\u00e9moigne d\u2019une relation qui d\u00e9passe d\u00e9sormais la gestion des crises m\u00e9diterran\u00e9ennes: l\u2019enjeu est de transformer l\u2019axe Rome-Le Caire en l\u2019un des principaux piliers \u00e9conomiques et migratoires du Plan Mattei.  <\/p>\n","protected":false},"excerpt":{"rendered":"AGI &#8211; La visite effectu\u00e9e le 3 septembre au Caire par le vice-pr\u00e9sident du Conseil et ministre italien&hellip;\n","protected":false},"author":2,"featured_media":200534,"comment_status":"","ping_status":"","sticky":false,"template":"","format":"standard","meta":{"footnotes":"","_share_on_mastodon":"0"},"categories":[122],"tags":[45784,139,61031,5262],"class_list":["post-200533","post","type-post","status-publish","format-standard","has-post-thumbnail","category-egypte","tag-antonio-tajani","tag-egypte","tag-italia-egitto","tag-plan-mattei"],"share_on_mastodon":{"url":"https:\/\/pubeurope.com\/@afrique\/117214131184147903","error":""},"_links":{"self":[{"href":"https:\/\/www.europesays.com\/afrique\/wp-json\/wp\/v2\/posts\/200533","targetHints":{"allow":["GET"]}}],"collection":[{"href":"https:\/\/www.europesays.com\/afrique\/wp-json\/wp\/v2\/posts"}],"about":[{"href":"https:\/\/www.europesays.com\/afrique\/wp-json\/wp\/v2\/types\/post"}],"author":[{"embeddable":true,"href":"https:\/\/www.europesays.com\/afrique\/wp-json\/wp\/v2\/users\/2"}],"replies":[{"embeddable":true,"href":"https:\/\/www.europesays.com\/afrique\/wp-json\/wp\/v2\/comments?post=200533"}],"version-history":[{"count":0,"href":"https:\/\/www.europesays.com\/afrique\/wp-json\/wp\/v2\/posts\/200533\/revisions"}],"wp:featuredmedia":[{"embeddable":true,"href":"https:\/\/www.europesays.com\/afrique\/wp-json\/wp\/v2\/media\/200534"}],"wp:attachment":[{"href":"https:\/\/www.europesays.com\/afrique\/wp-json\/wp\/v2\/media?parent=200533"}],"wp:term":[{"taxonomy":"category","embeddable":true,"href":"https:\/\/www.europesays.com\/afrique\/wp-json\/wp\/v2\/categories?post=200533"},{"taxonomy":"post_tag","embeddable":true,"href":"https:\/\/www.europesays.com\/afrique\/wp-json\/wp\/v2\/tags?post=200533"}],"curies":[{"name":"wp","href":"https:\/\/api.w.org\/{rel}","templated":true}]}}