{"id":200544,"date":"2026-09-04T18:30:34","date_gmt":"2026-09-04T18:30:34","guid":{"rendered":"https:\/\/www.europesays.com\/afrique\/200544\/"},"modified":"2026-09-04T18:30:34","modified_gmt":"2026-09-04T18:30:34","slug":"cote-divoire-usa-coordination-faci-armee-americaine-une-nouvelle-feuille-de-route-pour-inscrire-les-actions-dans-la-duree","status":"publish","type":"post","link":"https:\/\/www.europesays.com\/afrique\/200544\/","title":{"rendered":"C\u00f4te d&rsquo;Ivoire-USA : Coordination FACI-Arm\u00e9e Am\u00e9ricaine, une nouvelle feuille de route pour inscrire les actions dans la dur\u00e9e"},"content":{"rendered":"<p>\u00a9 Koaci.com &#8211; vendredi 04 septembre 2026 &#8211; 08:06<\/p>\n<p>Le CEMGA DES <a href=\"https:\/\/www.koaci.com\/recherche?search=FACI\" rel=\"nofollow noopener\" target=\"_blank\">FACI<\/a>, le Gnl <a href=\"https:\/\/www.koaci.com\/recherche?search=Lassina+Doumbia\" rel=\"nofollow noopener\" target=\"_blank\">Lassina Doumbia<\/a> (DR)\u00a0<\/p>\n<p>Les Forces Arm\u00e9es de C\u00f4te d&rsquo;Ivoire (<a href=\"https:\/\/www.koaci.com\/recherche?search=FACI\" rel=\"nofollow noopener\" target=\"_blank\">FACI<\/a>) et les \u00c9tats-Unis ont tenu, du 2 au 3 septembre 2026 \u00e0 l&rsquo;H\u00f4tel des Arm\u00e9es, un s\u00e9minaire de <a href=\"https:\/\/www.koaci.com\/recherche?search=coordination\" rel=\"nofollow noopener\" target=\"_blank\">coordination<\/a> de d\u00e9fense destin\u00e9 \u00e0 d\u00e9finir les grandes orientations de leur coop\u00e9ration militaire pour les cinq prochaines ann\u00e9es, rapporte une note des <a href=\"https:\/\/www.koaci.com\/recherche?search=FACI\" rel=\"nofollow noopener\" target=\"_blank\">FACI<\/a>.\u00a0<\/p>\n<p>\u00a0Pr\u00e9sid\u00e9e par le G\u00e9n\u00e9ral d&rsquo;Arm\u00e9e <a href=\"https:\/\/www.koaci.com\/recherche?search=Lassina+Doumbia\" rel=\"nofollow noopener\" target=\"_blank\">Lassina Doumbia<\/a>, Chef d&rsquo;\u00c9tat-Major G\u00e9n\u00e9ral des Arm\u00e9es (CEMGA), cette rencontre a r\u00e9uni les responsables militaires ivoiriens et plus de 40 experts am\u00e9ricains issus de diff\u00e9rentes composantes, autour de neuf domaines prioritaires de d\u00e9fense.<\/p>\n<p>\u00c0 l&rsquo;ouverture des travaux, le G\u00e9n\u00e9ral d&rsquo;Arm\u00e9e <a href=\"https:\/\/www.koaci.com\/recherche?search=Lassina+Doumbia\" rel=\"nofollow noopener\" target=\"_blank\">Lassina Doumbia<\/a> a salu\u00e9 la qualit\u00e9 des relations militaires entre la C\u00f4te d&rsquo;Ivoire et les \u00c9tats-Unis, ainsi que les r\u00e9sultats concrets enregistr\u00e9s au fil des ann\u00e9es en mati\u00e8re de formation, d&rsquo;\u00e9quipements et de renforcement des capacit\u00e9s op\u00e9rationnelles.<\/p>\n<p>\u00a0Il a notamment soulign\u00e9 la nouvelle dynamique impuls\u00e9e par l&rsquo;int\u00e9gration de la C\u00f4te d&rsquo;Ivoire au State Partnership Program (SPP) avec la Garde nationale de Pennsylvanie, qui vient enrichir une coop\u00e9ration bilat\u00e9rale d\u00e9j\u00e0 dense et diversifi\u00e9e.<\/p>\n<p>Durant deux jours, experts ivoiriens et am\u00e9ricains ont dress\u00e9 le bilan des activit\u00e9s conduites depuis 2024 avant d&rsquo;identifier conjointement les priorit\u00e9s \u00e0 d\u00e9velopper.<\/p>\n<p>\u00a0Les travaux en commissions ont ainsi permis de confronter les besoins exprim\u00e9s par les <a href=\"https:\/\/www.koaci.com\/recherche?search=FACI\" rel=\"nofollow noopener\" target=\"_blank\">FACI<\/a> aux diff\u00e9rentes possibilit\u00e9s de coop\u00e9ration offertes par la partie am\u00e9ricaine et de poser les bases d&rsquo;un plan d&rsquo;action bilat\u00e9ral pour la p\u00e9riode 2027-2031.\u00a0<\/p>\n<p><\/p>\n<p>Cette feuille de route doit permettre de mieux coordonner les initiatives, d&rsquo;inscrire les actions dans la dur\u00e9e et d&rsquo;assurer une plus grande coh\u00e9rence entre les diff\u00e9rents programmes de coop\u00e9ration.<\/p>\n<p>Ce s\u00e9minaire traduit ainsi une approche globale de la relation de d\u00e9fense entre la C\u00f4te d&rsquo;Ivoire et les \u00c9tats-Unis.<\/p>\n<p>\u00a0La pr\u00e9sence de plusieurs composantes am\u00e9ricaines aux c\u00f4t\u00e9s de la Garde nationale de Pennsylvanie t\u00e9moigne d&rsquo;une volont\u00e9 commune de f\u00e9d\u00e9rer les expertises et les m\u00e9canismes de coop\u00e9ration autour des priorit\u00e9s d\u00e9finies par les Forces Arm\u00e9es de C\u00f4te d&rsquo;Ivoire.<\/p>\n<p>La feuille de route issue de ces travaux ouvre ainsi une nouvelle s\u00e9quence dans la coop\u00e9ration de d\u00e9fense entre la C\u00f4te d\u2019Ivoire et les \u00c9tats-Unis.<\/p>\n<p>\u00a0En inscrivant les actions dans une vision partag\u00e9e \u00e0 moyen terme, elle permettra de mieux articuler les diff\u00e9rents m\u00e9canismes de coop\u00e9ration avec les priorit\u00e9s op\u00e9rationnelles des <a href=\"https:\/\/www.koaci.com\/recherche?search=FACI\" rel=\"nofollow noopener\" target=\"_blank\">FACI<\/a>.\u00a0<\/p>\n<p>Une d\u00e9marche qui illustre la volont\u00e9 des Forces Arm\u00e9es de C\u00f4te d\u2019Ivoire de tirer pleinement parti de partenariats diversifi\u00e9s pour d\u00e9velopper leurs comp\u00e9tences, renforcer leurs capacit\u00e9s et poursuivre, avec constance, la consolidation d\u2019un outil de d\u00e9fense moderne, performant et adapt\u00e9 aux ambitions strat\u00e9giques de la C\u00f4te d\u2019Ivoire<\/p>\n<p>Donatien Kautcha, Abidjan\u00a0<\/p>\n","protected":false},"excerpt":{"rendered":"\u00a9 Koaci.com &#8211; vendredi 04 septembre 2026 &#8211; 08:06 Le CEMGA DES FACI, le Gnl Lassina Doumbia (DR)\u00a0&hellip;\n","protected":false},"author":2,"featured_media":200545,"comment_status":"","ping_status":"","sticky":false,"template":"","format":"standard","meta":{"footnotes":"","_share_on_mastodon":"0"},"categories":[154],"tags":[281,280,216,251,279,294],"class_list":["post-200544","post","type-post","status-publish","format-standard","has-post-thumbnail","category-cote-divoire","tag-actualite","tag-article","tag-cote-divoire","tag-info","tag-koaci","tag-koaci-cote-d"],"share_on_mastodon":{"url":"https:\/\/pubeurope.com\/@afrique\/117214198008980819","error":""},"_links":{"self":[{"href":"https:\/\/www.europesays.com\/afrique\/wp-json\/wp\/v2\/posts\/200544","targetHints":{"allow":["GET"]}}],"collection":[{"href":"https:\/\/www.europesays.com\/afrique\/wp-json\/wp\/v2\/posts"}],"about":[{"href":"https:\/\/www.europesays.com\/afrique\/wp-json\/wp\/v2\/types\/post"}],"author":[{"embeddable":true,"href":"https:\/\/www.europesays.com\/afrique\/wp-json\/wp\/v2\/users\/2"}],"replies":[{"embeddable":true,"href":"https:\/\/www.europesays.com\/afrique\/wp-json\/wp\/v2\/comments?post=200544"}],"version-history":[{"count":0,"href":"https:\/\/www.europesays.com\/afrique\/wp-json\/wp\/v2\/posts\/200544\/revisions"}],"wp:featuredmedia":[{"embeddable":true,"href":"https:\/\/www.europesays.com\/afrique\/wp-json\/wp\/v2\/media\/200545"}],"wp:attachment":[{"href":"https:\/\/www.europesays.com\/afrique\/wp-json\/wp\/v2\/media?parent=200544"}],"wp:term":[{"taxonomy":"category","embeddable":true,"href":"https:\/\/www.europesays.com\/afrique\/wp-json\/wp\/v2\/categories?post=200544"},{"taxonomy":"post_tag","embeddable":true,"href":"https:\/\/www.europesays.com\/afrique\/wp-json\/wp\/v2\/tags?post=200544"}],"curies":[{"name":"wp","href":"https:\/\/api.w.org\/{rel}","templated":true}]}}