{"id":200546,"date":"2026-09-04T18:35:19","date_gmt":"2026-09-04T18:35:19","guid":{"rendered":"https:\/\/www.europesays.com\/afrique\/200546\/"},"modified":"2026-09-04T18:35:19","modified_gmt":"2026-09-04T18:35:19","slug":"nigeria-elections-generales-2027-linec-envisage-une-simulation-delection-presidentielle-2","status":"publish","type":"post","link":"https:\/\/www.europesays.com\/afrique\/200546\/","title":{"rendered":"Nigeria: Elections g\u00e9n\u00e9rales 2027, l&rsquo;INEC envisage une simulation d&rsquo;\u00e9lection pr\u00e9sidentielle"},"content":{"rendered":"<p>\u00a9 Koaci.com &#8211; vendredi 04 septembre 2026 &#8211; 16:57<\/p>\n<p>Des participants \u00e0 la 13e Conf\u00e9rence de l\u2019ACSPN (ph)<\/p>\n<p>La Commission Electorale Nationale Ind\u00e9pendante (INEC) au <a href=\"https:\/\/www.koaci.com\/recherche?search=Nigeria\" rel=\"nofollow noopener\" target=\"_blank\">Nigeria<\/a> envisage un audit complet de ses syst\u00e8mes technologiques \u00e9lectoraux et une<a href=\"https:\/\/www.koaci.com\/recherche?search=+simulation\" rel=\"nofollow noopener\" target=\"_blank\"> simulation<\/a> d&rsquo;\u00e9lection pr\u00e9sidentielle de 2027 en vue de tester les votes, la transmission \u00e9lectronique des r\u00e9sultats et l&rsquo;acc\u00e8s du public aux r\u00e9sultats dans des conditions similaires \u00e0 celles d&rsquo;une v\u00e9ritable \u00e9lection.<\/p>\n<p>Le pr\u00e9sident de l\u2019INEC, le professeur Joash Ojo Amupitan, a fait cette annonce le mercredi 02 septembre \u00e0 Abuja lors de la 13e Conf\u00e9rence internationale annuelle de l&rsquo;Association des chercheurs et professionnels de la communication du Nig\u00e9ria (ACSPN).<\/p>\n<p>Cette annonce intervient au moment o\u00f9 l\u2019ACSPN, l&rsquo;Agence nationale d&rsquo;orientation (NOA) et d&rsquo;autres acteurs ont appel\u00e9 \u00e0 une collaboration renforc\u00e9e pour lutter contre la d\u00e9sinformation et la m\u00e9sinformation.<\/p>\n<p>Audit du syst\u00e8me et<a href=\"https:\/\/www.koaci.com\/recherche?search=+simulation\" rel=\"nofollow noopener\" target=\"_blank\"> simulation<\/a> d&rsquo;\u00e9lection pr\u00e9sidentielle\u00a0<\/p>\n<p><\/p>\n<p>Dans le cadre des pr\u00e9paratifs des prochaines \u00e9lections dans le pays, Amupitan, qui \u00e9tait repr\u00e9sent\u00e9 par le Commissaire national, Professeur Sanni Adam, a pr\u00e9cis\u00e9 que l&rsquo;audit technologique propos\u00e9 portera sur la redondance du syst\u00e8me, les tests d&rsquo;intrusion et la planification de la reprise apr\u00e8s sinistre, soulignant que la Commission Electorale devra identifier et corriger les vuln\u00e9rabilit\u00e9s avant qu&rsquo;elles ne soient exploit\u00e9es lors d&rsquo;une \u00e9lection.<\/p>\n<p>Le pr\u00e9sident de l\u2019INEC a \u00e9galement r\u00e9v\u00e9l\u00e9 que la Commission \u00e9tudie la possibilit\u00e9 d&rsquo;organiser une<a href=\"https:\/\/www.koaci.com\/recherche?search=+simulation\" rel=\"nofollow noopener\" target=\"_blank\"> simulation<\/a> d&rsquo;\u00e9lection pr\u00e9sidentielle avant 2027 afin de tester en conditions r\u00e9elles du vote des \u00e9lecteurs, la transmission et la consultation des r\u00e9sultats, dans des conditions similaires pour le jour du scrutin.<\/p>\n<p>Apr\u00e8s avoir expliqu\u00e9 que ces mesures r\u00e9pondent directement aux inqui\u00e9tudes soulev\u00e9es quant \u00e0 la fiabilit\u00e9 des technologies \u00e9lectorales lors des \u00e9lections de 2023, Amupitan a averti que m\u00eame un fonctionnement technique irr\u00e9prochable le jour du scrutin ne suffira pas, \u00e0 lui seul, \u00e0 garantir l&rsquo;int\u00e9grit\u00e9 des \u00e9lections. Il s&rsquo;est inqui\u00e9t\u00e9 de l&rsquo;utilisation croissante de l&rsquo;intelligence artificielle pour produire de fausses vid\u00e9os, des enregistrements audio et des images convaincants, susceptibles d&rsquo;induire les \u00e9lecteurs en erreur.<\/p>\n<p>Appel \u00e0 collaboration<\/p>\n<p>En vue d\u2019une bonne organisation des \u00e9lections generale4s de 2027, Amupitan a propos\u00e9 une coop\u00e9ration renforc\u00e9e entre l&rsquo;INEC, les journalistes, les v\u00e9rificateurs de faits, les experts en communication et les plateformes technologiques.<\/p>\n<p><\/p>\n<p>Il a appel\u00e9 \u00e0 une r\u00e9ponse plus rapide face \u00e0 la d\u00e9sinformation, \u00e0 une plus grande transparence concernant les faiblesses technologiques et \u00e0 une meilleure information du public sur les processus \u00e9lectoraux.<\/p>\n<p>Mensah,<\/p>\n<p>Correspondant permanent de KOACI au Ghana, Togo et <a href=\"https:\/\/www.koaci.com\/recherche?search=Nigeria\" rel=\"nofollow noopener\" target=\"_blank\">Nigeria<\/a>\u00a0<\/p>\n<p>&#8211; Joindre la r\u00e9daction de koaci.com (+228) 98\u00a095 28 38 ou koaci.ghana@gmail.com \u2013<\/p>\n","protected":false},"excerpt":{"rendered":"\u00a9 Koaci.com &#8211; vendredi 04 septembre 2026 &#8211; 16:57 Des participants \u00e0 la 13e Conf\u00e9rence de l\u2019ACSPN (ph)&hellip;\n","protected":false},"author":2,"featured_media":200496,"comment_status":"","ping_status":"","sticky":false,"template":"","format":"standard","meta":{"footnotes":"","_share_on_mastodon":"0"},"categories":[176],"tags":[6655,281,280,974,7408,251,279,490,285,192,115],"class_list":["post-200546","post","type-post","status-publish","format-standard","has-post-thumbnail","category-nigeria","tag-6655","tag-actualite","tag-article","tag-elections","tag-generales","tag-info","tag-koaci","tag-koaci-nigeria","tag-l","tag-nigeria","tag-societe"],"share_on_mastodon":{"url":"https:\/\/pubeurope.com\/@afrique\/117214217707388249","error":""},"_links":{"self":[{"href":"https:\/\/www.europesays.com\/afrique\/wp-json\/wp\/v2\/posts\/200546","targetHints":{"allow":["GET"]}}],"collection":[{"href":"https:\/\/www.europesays.com\/afrique\/wp-json\/wp\/v2\/posts"}],"about":[{"href":"https:\/\/www.europesays.com\/afrique\/wp-json\/wp\/v2\/types\/post"}],"author":[{"embeddable":true,"href":"https:\/\/www.europesays.com\/afrique\/wp-json\/wp\/v2\/users\/2"}],"replies":[{"embeddable":true,"href":"https:\/\/www.europesays.com\/afrique\/wp-json\/wp\/v2\/comments?post=200546"}],"version-history":[{"count":0,"href":"https:\/\/www.europesays.com\/afrique\/wp-json\/wp\/v2\/posts\/200546\/revisions"}],"wp:featuredmedia":[{"embeddable":true,"href":"https:\/\/www.europesays.com\/afrique\/wp-json\/wp\/v2\/media\/200496"}],"wp:attachment":[{"href":"https:\/\/www.europesays.com\/afrique\/wp-json\/wp\/v2\/media?parent=200546"}],"wp:term":[{"taxonomy":"category","embeddable":true,"href":"https:\/\/www.europesays.com\/afrique\/wp-json\/wp\/v2\/categories?post=200546"},{"taxonomy":"post_tag","embeddable":true,"href":"https:\/\/www.europesays.com\/afrique\/wp-json\/wp\/v2\/tags?post=200546"}],"curies":[{"name":"wp","href":"https:\/\/api.w.org\/{rel}","templated":true}]}}