{"id":200558,"date":"2026-09-04T18:50:27","date_gmt":"2026-09-04T18:50:27","guid":{"rendered":"https:\/\/www.europesays.com\/afrique\/200558\/"},"modified":"2026-09-04T18:50:27","modified_gmt":"2026-09-04T18:50:27","slug":"leurope-termine-en-hausse-wall-street-dans-le-rouge-apres-le-rapport-sur-lemploi-04-09-2026-a-1838","status":"publish","type":"post","link":"https:\/\/www.europesays.com\/afrique\/200558\/","title":{"rendered":"L&rsquo;Europe termine en hausse, Wall Street dans le rouge apr\u00e8s le rapport sur l&#8217;emploi &#8211; 04\/09\/2026 \u00e0 18:38"},"content":{"rendered":"<p>        <img decoding=\"async\" src=\"https:\/\/www.europesays.com\/afrique\/wp-content\/uploads\/2026\/07\/1f505adf7db4122357b7213f5efba3e6-760x507.jpg\" alt=\"Le logo d'Euronext est visible sur le si\u00e8ge social situ\u00e9 dans le quartier d'affaires et financier de La D\u00e9fense, \u00e0 Courbevoie, pr\u00e8s de Paris\" loading=\"eager\" fetchpriority=\"high\" width=\"760\" height=\"507\" style=\"max-width: 100%!important; height: auto;\"\/><\/p>\n<p class=\"c-image-news__legend\">Le logo d&rsquo;Euronext est visible sur le si\u00e8ge social situ\u00e9 dans le quartier d&rsquo;affaires et financier de La D\u00e9fense, \u00e0 Courbevoie, pr\u00e8s de Paris<\/p>\n<p>\n par Coralie  Lamarque\n<\/p>\n<p>\n Les Bourses europ\u00e9ennes ont fini en hausse vendredi, bien que terminant la semaine sur une \u200cbaisse hebdomadaire, alors que le rapport sur l&#8217;emploi aux \u00c9tats-Unis fait remonter les anticipations d&rsquo;une hausse des taux par la Fed.\n<\/p>\n<p>\n \u00c0 Paris, le CAC 40 a perdu 0,09% \u00e0 8.278,77 points. \u00c0 Francfort, \u200ble Dax a avanc\u00e9 de 0,17% tandis qu&rsquo;\u00e0 Londres, le FTSE 100 a termin\u00e9 stable.\n<\/p>\n<p>\n L&rsquo;indice EuroStoxx 50 a progress\u00e9 de 0,21%, le FTSEurofirst 300 de 0,13% et le Stoxx 600 de 0,17%.\n<\/p>\n<p>\n Sur la semaine, le Stoxx 600 a abandonn\u00e9 0,76% et le CAC 40 a perdu 1,46%.\n<\/p>\n<p>\n \u00c0 l&rsquo;approche des r\u00e9unions des banques centrales europ\u00e9enne et am\u00e9ricaine, les investisseurs analysent attentivement les derni\u00e8res donn\u00e9es \u00e9conomiques disponibles \u200bafin d&rsquo;ajuster leurs pr\u00e9visions concernant les d\u00e9cisions de politique mon\u00e9taire.\n<\/p>\n<p>\n La semaine s&rsquo;ach\u00e8ve sur la publication du rapport sur l&#8217;emploi aux \u00c9tats-Unis pour le mois pr\u00e9c\u00e9dent, avec des chiffres sugg\u00e9rant une certaine r\u00e9silience du march\u00e9 de l&#8217;emploi, ce qui pourrait inciter la R\u00e9serve f\u00e9d\u00e9rale (Fed) \u200b\u00e0 op\u00e9rer un resserrement mon\u00e9taire pour contenir l&rsquo;inflation.\n<\/p>\n<p>\n La croissance de l&#8217;emploi aux \u00c9tats-Unis s&rsquo;est nettement acc\u00e9l\u00e9r\u00e9e \u2060en ao\u00fbt, avec 162.000 cr\u00e9ations tandis que les \u00e9conomistes interrog\u00e9s par Reuters pr\u00e9voyaient en moyenne 56.000 cr\u00e9ations nettes.\n<\/p>\n<p>\n Le chiffre de juillet a par ailleurs \u00e9t\u00e9 relev\u00e9 et fait appara\u00eetre \u200cd\u00e9sormais 21.000 postes cr\u00e9\u00e9s contre 23.000 d\u00e9truits en premi\u00e8re estimation.\n<\/p>\n<p>\n \u00ab\u00a0Le rapport sur l\u2019emploi d\u2019ao\u00fbt a dissip\u00e9 les derni\u00e8res inqui\u00e9tudes concernant le march\u00e9 du travail, pla\u00e7ant les donn\u00e9es sur l\u2019inflation qui seront publi\u00e9es la semaine prochaine au coeur de la d\u00e9cision du FOMC (comit\u00e9 de politique mon\u00e9taire de la Fed) sur les taux \u200bd\u2019int\u00e9r\u00eat attendue dans le courant du mois\u00a0\u00bb, a d\u00e9clar\u00e9 Jeff Schulze, responsable de \u200cla strat\u00e9gie \u00e9conomique et de march\u00e9 chez ClearBridge Investments.\n<\/p>\n<p>\n Par cons\u00e9quent, les op\u00e9rateurs rel\u00e8vent leurs anticipations pour la prochaine r\u00e9union de la R\u00e9serve \u2060f\u00e9d\u00e9rale am\u00e9ricaine (Fed), les 15 et 16 septembre, pariant d\u00e9sormais \u00e0 65% sur une hausse des taux, contre 55% avant la publication du rapport.\n<\/p>\n<p>\n En Europe, tandis que la r\u00e9union de la Banque centrale europ\u00e9enne (BCE) a lieu d\u00e8s la semaine prochaine, les 9 et 10 septembre, les march\u00e9s ont d\u00e9j\u00e0 largement int\u00e9gr\u00e9 la probabilit\u00e9 d&rsquo;une hausse de 25 points de base \u00e0 2,50%, face \u00e0 un contexte \u2060de prix \u00e9lev\u00e9s de l\u2019\u00e9nergie, d\u2019inflation persistante \u200cet d\u2019une \u00e9conomie de la zone euro r\u00e9siliente.\n<\/p>\n<p>\n VALEURS\n<\/p>\n<p>\n Aux valeurs, Volkswagen a bondi de 5,90% apr\u00e8s l&rsquo;approbation la veille par le conseil de surveillance du groupe d&rsquo;un \u2060vaste plan de transformation qui pourrait entra\u00eener la suppression d&rsquo;environ 50.000 emplois.\n<\/p>\n<p>\n \u00c0 Paris, Vivendi a recul\u00e9 de 6,70% apr\u00e8s avoir fait \u00e9tat jeudi soir d&rsquo;un chiffre d&rsquo;affaires semestriel en recul de 3,5%, \u200ccitant un effet de saisonnalit\u00e9 des lancements de jeux de Gameloft.\n<\/p>\n<p>\n GTT et Accor ont gagn\u00e9 3,94% et 2,47% respectivement, au gr\u00e9 de rel\u00e8vements de recommandations par les courtiers \u2060Berenberg et Morgan Stanley.\n<\/p>\n<p>\n \u00c0 WALL STREET\n<\/p>\n<p>\n \u00c0 l&rsquo;heure de la cl\u00f4ture en Europe, le Dow Jones perd 0,59%, le Standard &amp; Poor&rsquo;s 500 recule \u2060de 0,43% et le Nasdaq Composite c\u00e8de 0,41%.\n<\/p>\n<p>\n LES \u200cINDICATEURS DU JOUR\n<\/p>\n<p>\n En Allemagne, les commandes \u00e0 l&rsquo;industrie ont progress\u00e9 de 2,5% sur un mois en juillet, tandis que les \u00e9conomistes interrog\u00e9s par Reuters tablaient sur +0,3% apr\u00e8s +3,7% (r\u00e9vis\u00e9 de +3,1%) en juin.\n<\/p>\n<p>\n Dans la zone \u200beuro, les ventes au d\u00e9tail ont recul\u00e9 de 0,6% en juillet sur un mois, alors que les analystes \u200cinterrog\u00e9s par Reuters tablaient sur une hausse de 0,3% apr\u00e8s +0,2% en juin (r\u00e9vis\u00e9 de -0,3%).\n<\/p>\n<p>\n Aux \u00c9tats-Unis, le rapport publi\u00e9 par le d\u00e9partement du Travail a notamment montr\u00e9 que le taux de ch\u00f4mage s&rsquo;est \u00e9tabli \u00e0 4,1% en ao\u00fbt, comme \u200bpr\u00e9vu, apr\u00e8s le m\u00eame chiffre en juillet.\n<\/p>\n<p>\n CHANGES\n<\/p>\n<p>\n Le billet vert s&rsquo;appr\u00e9cie apr\u00e8s la publication du rapport sur l&#8217;emploi, bien que les chiffres sur l&rsquo;inflation pr\u00e9vus la semaine prochaine devraient avoir plus d&rsquo;impact sur la devise.\n<\/p>\n<p>\n Le dollar gagne 0,19% face \u00e0 un panier de devises de r\u00e9f\u00e9rence, tandis que l&rsquo;euro abandonne 0,03% \u00e0 1,1620 dollar.\n<\/p>\n<p>\n TAUX\n<\/p>\n<p>\n Le march\u00e9 obligataire am\u00e9ricain trime \u00e0 la suite du rapport sur l&#8217;emploi \u2060qui amplifie les pr\u00e9visions d&rsquo;une hausse des taux par la Fed.\n<\/p>\n<p>\n Le rendement des Treasuries \u00e0 dix ans prend 1,4 point de base \u00e0 4,7761%, tandis que le deux ans gagne 3,0 points de base \u00e0 4,3661%.\n<\/p>\n<p>\n Le rendement du Bund allemand \u00e0 dix ans a c\u00e9d\u00e9 0,2 point de base \u00e0 3,3360%, tout comme le deux ans qui a termin\u00e9 \u00e0 2,9304%.\n<\/p>\n<p>\n P\u00c9TROLE\n<\/p>\n<p>\n Les cours p\u00e9troliers sont en passe d&rsquo;enregistrer une hausse hebdomadaire de plus de 6%, face \u00e0 la r\u00e9surgence des frappes entre les \u00c9tats-Unis et l&rsquo;Iran qui accroissent les craintes concernant l&rsquo;approvisionnement mondial en hydrocarbures par le Moyen-Orient.\n<\/p>\n<p>\n Le Brent c\u00e8de 0,04% \u00e0 95,48 dollars le baril et le brut l\u00e9ger am\u00e9ricain (West Texas Intermediate, WTI) recule de 0,54% \u00e0 90,81 dollars.\n<\/p>\n<p>\n \u00c0 SUIVRE LUNDI 7 SEPTEMBRE :\n<\/p>\n<p>\n LA SITUATION SUR LES MARCH\u00c9S\n<\/p>\n<p>\n (Certaines donn\u00e9es peuvent accuser \u200bun l\u00e9ger d\u00e9calage)\n<\/p>\n<p>\n (R\u00e9dig\u00e9 par Coralie Lamarque, \u00e9dit\u00e9 par Zhifan Liu)<\/p>\n","protected":false},"excerpt":{"rendered":"Le logo d&rsquo;Euronext est visible sur le si\u00e8ge social situ\u00e9 dans le quartier d&rsquo;affaires et financier de La&hellip;\n","protected":false},"author":2,"featured_media":170744,"comment_status":"","ping_status":"","sticky":false,"template":"","format":"standard","meta":{"footnotes":"","_share_on_mastodon":"0"},"categories":[2],"tags":[593,591,601,598,18,596,595,592,597,594,599,600],"class_list":["post-200558","post","type-post","status-publish","format-standard","has-post-thumbnail","category-europe","tag-action-cac-40","tag-bourse-de-paris","tag-boursorama","tag-cotations","tag-europe","tag-indices-devises","tag-investir","tag-investissement","tag-marche-boursier","tag-sicav","tag-trackers","tag-warrants"],"share_on_mastodon":{"url":"https:\/\/pubeurope.com\/@afrique\/117214276890452656","error":""},"_links":{"self":[{"href":"https:\/\/www.europesays.com\/afrique\/wp-json\/wp\/v2\/posts\/200558","targetHints":{"allow":["GET"]}}],"collection":[{"href":"https:\/\/www.europesays.com\/afrique\/wp-json\/wp\/v2\/posts"}],"about":[{"href":"https:\/\/www.europesays.com\/afrique\/wp-json\/wp\/v2\/types\/post"}],"author":[{"embeddable":true,"href":"https:\/\/www.europesays.com\/afrique\/wp-json\/wp\/v2\/users\/2"}],"replies":[{"embeddable":true,"href":"https:\/\/www.europesays.com\/afrique\/wp-json\/wp\/v2\/comments?post=200558"}],"version-history":[{"count":0,"href":"https:\/\/www.europesays.com\/afrique\/wp-json\/wp\/v2\/posts\/200558\/revisions"}],"wp:featuredmedia":[{"embeddable":true,"href":"https:\/\/www.europesays.com\/afrique\/wp-json\/wp\/v2\/media\/170744"}],"wp:attachment":[{"href":"https:\/\/www.europesays.com\/afrique\/wp-json\/wp\/v2\/media?parent=200558"}],"wp:term":[{"taxonomy":"category","embeddable":true,"href":"https:\/\/www.europesays.com\/afrique\/wp-json\/wp\/v2\/categories?post=200558"},{"taxonomy":"post_tag","embeddable":true,"href":"https:\/\/www.europesays.com\/afrique\/wp-json\/wp\/v2\/tags?post=200558"}],"curies":[{"name":"wp","href":"https:\/\/api.w.org\/{rel}","templated":true}]}}