{"id":200561,"date":"2026-09-04T18:57:38","date_gmt":"2026-09-04T18:57:38","guid":{"rendered":"https:\/\/www.europesays.com\/afrique\/200561\/"},"modified":"2026-09-04T18:57:38","modified_gmt":"2026-09-04T18:57:38","slug":"cote-divoire-lutte-contre-lorpaillage-illegal-lancement-de-loperation-filet-vert-du-nord-dans-la-region-du-hambol","status":"publish","type":"post","link":"https:\/\/www.europesays.com\/afrique\/200561\/","title":{"rendered":"C\u00f4te d&rsquo;Ivoire : Lutte contre l&rsquo;orpaillage ill\u00e9gal, lancement de l&rsquo;op\u00e9ration \u00ab Filet Vert du Nord \u00bb dans la r\u00e9gion du Hambol"},"content":{"rendered":"<p>\u00a9 Koaci.com &#8211; vendredi 04 septembre 2026 &#8211; 07:45<\/p>\n<p>L\u2019<a href=\"https:\/\/www.koaci.com\/recherche?search=op%C3%A9ration\" rel=\"nofollow noopener\" target=\"_blank\">op\u00e9ration<\/a> \u00ab <a href=\"https:\/\/www.koaci.com\/recherche?search=Filet+Vert\" rel=\"nofollow noopener\" target=\"_blank\">Filet Vert<\/a> du Nord \u00bb dans la r\u00e9gion du <a href=\"https:\/\/www.koaci.com\/recherche?search=Hambol\" rel=\"nofollow noopener\" target=\"_blank\">Hambol<\/a> (DR)\u00a0<\/p>\n<p>Dans le cadre de la lutte contre l\u2019<a href=\"https:\/\/www.koaci.com\/recherche?search=orpaillage+ill%C3%A9gal\" rel=\"nofollow noopener\" target=\"_blank\">orpaillage ill\u00e9gal<\/a>, le Minist\u00e8re des Eaux et For\u00eats, \u00e0 travers la Brigade Sp\u00e9ciale de Surveillance et d\u2019Intervention (<a href=\"https:\/\/www.koaci.com\/recherche?search=BSSI\" rel=\"nofollow noopener\" target=\"_blank\">BSSI<\/a>), a proc\u00e9d\u00e9 au lancement de l\u2019<a href=\"https:\/\/www.koaci.com\/recherche?search=op%C3%A9ration\" rel=\"nofollow noopener\" target=\"_blank\">op\u00e9ration<\/a> \u00ab <a href=\"https:\/\/www.koaci.com\/recherche?search=Filet+Vert\" rel=\"nofollow noopener\" target=\"_blank\">Filet Vert<\/a> du Nord \u00bb dans la r\u00e9gion du <a href=\"https:\/\/www.koaci.com\/recherche?search=Hambol\" rel=\"nofollow noopener\" target=\"_blank\">Hambol<\/a>.\u00a0<\/p>\n<p>Cette <a href=\"https:\/\/www.koaci.com\/recherche?search=op%C3%A9ration\" rel=\"nofollow noopener\" target=\"_blank\">op\u00e9ration<\/a> de terrain \u00e9tait en action le mercredi 02 septembre 2026 dans les secteurs d\u2019Anzoumanakaha ainsi que la for\u00eat class\u00e9e de Kanagonon.\u00a0<\/p>\n<p>Cette intervention d\u2019envergure a permis de mettre au jour plusieurs pratiques ill\u00e9gales aux cons\u00e9quences particuli\u00e8rement graves pour l\u2019environnement et les ressources naturelles.<\/p>\n<p>Sur place, les \u00e9l\u00e9ments de la <a href=\"https:\/\/www.koaci.com\/recherche?search=BSSI\" rel=\"nofollow noopener\" target=\"_blank\">BSSI<\/a> ont constat\u00e9 de multiples infractions flagrantes lors d\u2019un contr\u00f4le d\u2019une entreprise l\u00e9galement \u00e9tablie, notamment :\u00a0Une exploitation mini\u00e8re s\u2019\u00e9tendant bien au-del\u00e0 des p\u00e9rim\u00e8tres autoris\u00e9s ; Un d\u00e9boisement massif, r\u00e9alis\u00e9 sans aucune autorisation administrative ; L\u2019usage prohib\u00e9 du mercure dans les proc\u00e9d\u00e9s d\u2019extraction, exposant gravement les sols et les cours d\u2019eau \u00e0 une pollution chimique.<\/p>\n<p><\/p>\n<p>Un premier bilan judiciaire et mat\u00e9riel de l\u2019<a href=\"https:\/\/www.koaci.com\/recherche?search=op%C3%A9ration\" rel=\"nofollow noopener\" target=\"_blank\">op\u00e9ration<\/a> a permis l\u2019interpellation de six (06) suspects : Sawadogo Tigaini, 30 ans, de nationalit\u00e9 burkinab\u00e8 ; Djelougou Marcel, 28 ans, de nationalit\u00e9 burkinab\u00e8 ; Gol\u00e9 Bi Lorou Parfait, 27 ans, de nationalit\u00e9 ivoirienne (contr\u00f4leur du site d\u2019exploitation) ; Sawadogo Kassim, 31 ans, de nationalit\u00e9 burkinab\u00e8 ; Bonkoungou Karim, 32 ans, de nationalit\u00e9 burkinab\u00e8 ; Sawadogo Salif, 27 ans, de nationalit\u00e9 burkinab\u00e8.\u00a0<\/p>\n<p>Ainsi que la saisie d\u2019un important lot de mat\u00e9riel roulant et technique, compos\u00e9 de : trois (03) pelleteuses, trois (03) motos, six (06) t\u00e9l\u00e9phones portables, un (01) GPS, une copie de l\u2019autorisation d\u2019exploitation.<\/p>\n<p>Les premiers \u00e9l\u00e9ments de la proc\u00e9dure ont \u00e9t\u00e9 communiqu\u00e9s \u00e0 Monsieur le Procureur du P\u00f4le p\u00e9nal \u00e9conomique et financier, en vue des suites judiciaires appropri\u00e9es.<\/p>\n<p>Notons qu\u2019\u00e0 travers l&rsquo;<a href=\"https:\/\/www.koaci.com\/recherche?search=op%C3%A9ration\" rel=\"nofollow noopener\" target=\"_blank\">op\u00e9ration<\/a> \u00ab <a href=\"https:\/\/www.koaci.com\/recherche?search=Filet+Vert\" rel=\"nofollow noopener\" target=\"_blank\">Filet Vert<\/a> du Nord \u00bb, le Minist\u00e8re des Eaux et For\u00eats, par l&rsquo;action d\u00e9termin\u00e9e de la <a href=\"https:\/\/www.koaci.com\/recherche?search=BSSI\" rel=\"nofollow noopener\" target=\"_blank\">BSSI<\/a>, r\u00e9it\u00e8re son engagement ferme dans la lutte contre toutes les activit\u00e9s ill\u00e9gales qui portent atteinte aux \u00e9cosyst\u00e8mes et compromettent la pr\u00e9servation du patrimoine naturel national.<\/p>\n<p>Donatien Kautcha, Abidjan\u00a0<\/p>\n<p><\/p>\n","protected":false},"excerpt":{"rendered":"\u00a9 Koaci.com &#8211; vendredi 04 septembre 2026 &#8211; 07:45 L\u2019op\u00e9ration \u00ab Filet Vert du Nord \u00bb dans la&hellip;\n","protected":false},"author":2,"featured_media":200562,"comment_status":"","ping_status":"","sticky":false,"template":"","format":"standard","meta":{"footnotes":"","_share_on_mastodon":"0"},"categories":[154],"tags":[281,280,216,251,279,294],"class_list":["post-200561","post","type-post","status-publish","format-standard","has-post-thumbnail","category-cote-divoire","tag-actualite","tag-article","tag-cote-divoire","tag-info","tag-koaci","tag-koaci-cote-d"],"share_on_mastodon":{"url":"https:\/\/pubeurope.com\/@afrique\/117214304213141019","error":""},"_links":{"self":[{"href":"https:\/\/www.europesays.com\/afrique\/wp-json\/wp\/v2\/posts\/200561","targetHints":{"allow":["GET"]}}],"collection":[{"href":"https:\/\/www.europesays.com\/afrique\/wp-json\/wp\/v2\/posts"}],"about":[{"href":"https:\/\/www.europesays.com\/afrique\/wp-json\/wp\/v2\/types\/post"}],"author":[{"embeddable":true,"href":"https:\/\/www.europesays.com\/afrique\/wp-json\/wp\/v2\/users\/2"}],"replies":[{"embeddable":true,"href":"https:\/\/www.europesays.com\/afrique\/wp-json\/wp\/v2\/comments?post=200561"}],"version-history":[{"count":0,"href":"https:\/\/www.europesays.com\/afrique\/wp-json\/wp\/v2\/posts\/200561\/revisions"}],"wp:featuredmedia":[{"embeddable":true,"href":"https:\/\/www.europesays.com\/afrique\/wp-json\/wp\/v2\/media\/200562"}],"wp:attachment":[{"href":"https:\/\/www.europesays.com\/afrique\/wp-json\/wp\/v2\/media?parent=200561"}],"wp:term":[{"taxonomy":"category","embeddable":true,"href":"https:\/\/www.europesays.com\/afrique\/wp-json\/wp\/v2\/categories?post=200561"},{"taxonomy":"post_tag","embeddable":true,"href":"https:\/\/www.europesays.com\/afrique\/wp-json\/wp\/v2\/tags?post=200561"}],"curies":[{"name":"wp","href":"https:\/\/api.w.org\/{rel}","templated":true}]}}