{"id":200650,"date":"2026-09-04T21:33:16","date_gmt":"2026-09-04T21:33:16","guid":{"rendered":"https:\/\/www.europesays.com\/afrique\/200650\/"},"modified":"2026-09-04T21:33:16","modified_gmt":"2026-09-04T21:33:16","slug":"tunisie-le-journaliste-mohamed-yousfi-arrete-par-la-police-04-09-2026-a-2212","status":"publish","type":"post","link":"https:\/\/www.europesays.com\/afrique\/200650\/","title":{"rendered":"Tunisie-Le journaliste Mohamed Yousfi arr\u00eat\u00e9 par la police &#8211; 04\/09\/2026 \u00e0 22:12"},"content":{"rendered":"<p>\n &#8211; La police tunisienne a<br \/>\nproc\u00e9d\u00e9 \u00e0 l&rsquo;arrestation du journaliste Mohamed Yousfi, un<br \/>\ncritique virulent du pr\u00e9sident tunisien Ka\u00efs Sa\u00efed, a d\u00e9clar\u00e9<br \/>\nvendredi \u00e0 Reuters Zied Dabbar, pr\u00e9sident du Syndicat national<br \/>\ndes journalistes tunisiens (SNJT).\n<\/p>\n<p>\n Mohamed Yousfi a \u00e9t\u00e9 interpell\u00e9 alors qu&rsquo;il se rendait dans<br \/>\nles studios de la radio Express FM, selon Zied Dabbar.\n<\/p>\n<p>\n Le journaliste a \u00e9t\u00e9 arr\u00eat\u00e9 pour \u00eatre interrog\u00e9, a rapport\u00e9<br \/>\nWalid Ben Rhouma, le pr\u00e9sentateur de la radio Express FM qui<br \/>\navait invit\u00e9 Mohem Yousfi dans son \u00e9mission.\n<\/p>\n<p>\n Les autorit\u00e9s tunisiennes n&rsquo;ont pas r\u00e9pondu dans l&rsquo;imm\u00e9diat<br \/>\n\u00e0 une demande de commentaire.\n<\/p>\n<p>\n Mohamed Yousfi, r\u00e9dacteur en chef du site internet<br \/>\nd&rsquo;investigation Al-Qatiba, est un critique virulent de la<br \/>\npolitique du pr\u00e9sident tunisien.\n<\/p>\n<p>\n Les principaux dirigeants de l&rsquo;opposition ainsi que des<br \/>\ndizaines de politiques, de journalistes, de militants et<br \/>\nd&rsquo;hommes d&rsquo;affaires ont \u00e9t\u00e9 emprisonn\u00e9s depuis que le pr\u00e9sident<br \/>\nKais Sa\u00efed s&rsquo;est arrog\u00e9 des pouvoirs \u00e9tendus en 2021.\n<\/p>\n<p>\n En 2022, le chef de l&rsquo;Etat a dissous le Conseil sup\u00e9rieur de<br \/>\nla magistrature et limog\u00e9 des dizaines de juges, une initiative<br \/>\nd\u00e9nonc\u00e9e par ses opposants qui y ont vu une op\u00e9ration destin\u00e9e \u00e0<br \/>\nsoumettre l&rsquo;appareil judiciaire. Ka\u00efs Sa\u00efed a justifi\u00e9 sa<br \/>\nd\u00e9cision en disant vouloir lutter contre la corruption.\n<\/p>\n<p>\n (Reportage de Tarek Amara; version fran\u00e7aise Zhifan Liu)<\/p>\n","protected":false},"excerpt":{"rendered":"&#8211; La police tunisienne a proc\u00e9d\u00e9 \u00e0 l&rsquo;arrestation du journaliste Mohamed Yousfi, un critique virulent du pr\u00e9sident tunisien&hellip;\n","protected":false},"author":2,"featured_media":2287,"comment_status":"","ping_status":"","sticky":false,"template":"","format":"standard","meta":{"footnotes":"","_share_on_mastodon":"0"},"categories":[120],"tags":[593,591,601,598,596,595,592,597,594,599,124,600],"class_list":["post-200650","post","type-post","status-publish","format-standard","has-post-thumbnail","category-tunisie","tag-action-cac-40","tag-bourse-de-paris","tag-boursorama","tag-cotations","tag-indices-devises","tag-investir","tag-investissement","tag-marche-boursier","tag-sicav","tag-trackers","tag-tunisie","tag-warrants"],"share_on_mastodon":{"url":"https:\/\/pubeurope.com\/@afrique\/117214917606176186","error":""},"_links":{"self":[{"href":"https:\/\/www.europesays.com\/afrique\/wp-json\/wp\/v2\/posts\/200650","targetHints":{"allow":["GET"]}}],"collection":[{"href":"https:\/\/www.europesays.com\/afrique\/wp-json\/wp\/v2\/posts"}],"about":[{"href":"https:\/\/www.europesays.com\/afrique\/wp-json\/wp\/v2\/types\/post"}],"author":[{"embeddable":true,"href":"https:\/\/www.europesays.com\/afrique\/wp-json\/wp\/v2\/users\/2"}],"replies":[{"embeddable":true,"href":"https:\/\/www.europesays.com\/afrique\/wp-json\/wp\/v2\/comments?post=200650"}],"version-history":[{"count":0,"href":"https:\/\/www.europesays.com\/afrique\/wp-json\/wp\/v2\/posts\/200650\/revisions"}],"wp:featuredmedia":[{"embeddable":true,"href":"https:\/\/www.europesays.com\/afrique\/wp-json\/wp\/v2\/media\/2287"}],"wp:attachment":[{"href":"https:\/\/www.europesays.com\/afrique\/wp-json\/wp\/v2\/media?parent=200650"}],"wp:term":[{"taxonomy":"category","embeddable":true,"href":"https:\/\/www.europesays.com\/afrique\/wp-json\/wp\/v2\/categories?post=200650"},{"taxonomy":"post_tag","embeddable":true,"href":"https:\/\/www.europesays.com\/afrique\/wp-json\/wp\/v2\/tags?post=200650"}],"curies":[{"name":"wp","href":"https:\/\/api.w.org\/{rel}","templated":true}]}}