{"id":200669,"date":"2026-09-04T22:28:22","date_gmt":"2026-09-04T22:28:22","guid":{"rendered":"https:\/\/www.europesays.com\/afrique\/200669\/"},"modified":"2026-09-04T22:28:22","modified_gmt":"2026-09-04T22:28:22","slug":"hommages-a-ratko-mladic-le-conseil-de-leurope-denonce-la-glorification-dun-criminel-de-guerre","status":"publish","type":"post","link":"https:\/\/www.europesays.com\/afrique\/200669\/","title":{"rendered":"Hommages \u00e0 Ratko Mladic: le Conseil de l&rsquo;Europe d\u00e9nonce la \u00abglorification d&rsquo;un criminel de guerre\u00bb"},"content":{"rendered":"<p class=\"mb-4 text-lg md:leading-8 break-words\">Alors que la d\u00e9pouille de l&rsquo;ancien soldat, condamn\u00e9 notamment pour le g\u00e9nocide de Srebrenica en 1995, a \u00e9t\u00e9 accueillie jeudi 3 septembre en <a data-ylk=\"slk:Serbie;elm:context_link;itc:0;sec:content-canvas;\" data-yga=\"{&quot;yLinkElement&quot;:&quot;link&quot;,&quot;yLinkElementType&quot;:&quot;article_link&quot;}\" href=\"https:\/\/www.rfi.fr\/fr\/tag\/serbie\/\" class=\"gtm-add-suggested-tag\" rel=\"noopener noreferrer nofollow\" target=\"_blank\">Serbie<\/a> avec les honneurs militaires, le commissaire aux droits humains du Conseil de l&rsquo;Europe, Michael O&rsquo;Flaherty, a dit \u00ab ex\u00e9crer la glorification publique \u00bb de <a data-ylk=\"slk:Ratko Mladic, d\u00e9c\u00e9d\u00e9 le 27 ao\u00fbt;elm:context_link;itc:0;sec:content-canvas;\" data-yga=\"{&quot;yLinkElement&quot;:&quot;link&quot;,&quot;yLinkElementType&quot;:&quot;article_link&quot;}\" href=\"https:\/\/www.rfi.fr\/fr\/europe\/20260827-ratko-mladic-le-boucher-des-balkans-ancien-chef-militaire-des-serbes-de-bosnie-est-mort\" rel=\"noopener noreferrer nofollow\" target=\"_blank\">Ratko Mladic, d\u00e9c\u00e9d\u00e9 le 27 ao\u00fbt<\/a> \u00e0 l&rsquo;\u00e2ge de 84 ans.<\/p>\n<p class=\"mb-4 text-lg md:leading-8 break-words\">Recouvert d&rsquo;un drapeau serbe, le cercueil a \u00e9t\u00e9 port\u00e9 par six militaires d&rsquo;un avion gouvernemental vers un fourgon, avant d&rsquo;\u00eatre transport\u00e9 en cort\u00e8ge sous escorte polici\u00e8re vers un h\u00f4pital militaire de Belgrade, a rapport\u00e9 la t\u00e9l\u00e9vision nationale RTS. Durant le vol, le cercueil \u00e9tait accompagn\u00e9 par le fils de <a data-ylk=\"slk:Ratko Mladic;elm:context_link;itc:0;sec:content-canvas;\" data-yga=\"{&quot;yLinkElement&quot;:&quot;link&quot;,&quot;yLinkElementType&quot;:&quot;article_link&quot;}\" href=\"https:\/\/www.rfi.fr\/fr\/tag\/ratko-mladic\/\" class=\"gtm-add-suggested-tag\" rel=\"noopener noreferrer nofollow\" target=\"_blank\">Ratko Mladic<\/a>, Darko, et par le ministre serbe de la Justice Nenad Vujic.<\/p>\n<p class=\"mb-4 text-lg md:leading-8 break-words\">Sur son trajet, le convoi a \u00e9t\u00e9 salu\u00e9 par des dizaines de jeunes hommes, rassembl\u00e9s sur des passerelles surplombant l&rsquo;autoroute. Ils arboraient des banderoles rendant hommage \u00e0 Mladic et allumaient des fumig\u00e8nes, selon des images diffus\u00e9es par des m\u00e9dias proches du gouvernement. Selon ces m\u00eames m\u00e9dias, un hommage public \u00e0 Ratko Mladic sera rendu le 7 septembre dans une \u00e9glise de Belgrade, <a data-ylk=\"slk:avant les fun\u00e9railles le m\u00eame jour;elm:context_link;itc:0;sec:content-canvas;\" data-yga=\"{&quot;yLinkElement&quot;:&quot;link&quot;,&quot;yLinkElementType&quot;:&quot;article_link&quot;}\" href=\"https:\/\/www.rfi.fr\/fr\/europe\/20260828-serbie-pol\u00e9mique-apr\u00e8s-l-annonce-d-obs\u00e8ques-nationales-pour-le-criminel-de-guerre-ratko-mladic\" rel=\"noopener noreferrer nofollow\" target=\"_blank\">avant les fun\u00e9railles le m\u00eame jour<\/a>, mais aucune annonce officielle n&rsquo;a encore \u00e9t\u00e9 publi\u00e9e.<\/p>\n<p class=\"mb-4 text-lg md:leading-8 break-words\">Plus t\u00f4t dans la journ\u00e9e, le pr\u00e9sident serbe <a data-ylk=\"slk:Aleksandar Vucic;elm:context_link;itc:0;sec:content-canvas;\" data-yga=\"{&quot;yLinkElement&quot;:&quot;link&quot;,&quot;yLinkElementType&quot;:&quot;article_link&quot;}\" href=\"https:\/\/www.rfi.fr\/fr\/tag\/aleksandar-vucic\/\" class=\"gtm-add-suggested-tag\" rel=\"noopener noreferrer nofollow\" target=\"_blank\">Aleksandar Vucic<\/a> a laiss\u00e9 entendre que le d\u00e9funt g\u00e9n\u00e9ral de l&rsquo;arm\u00e9e des Serbes de Bosnie serait enterr\u00e9 en Serbie. Il a \u00e9voqu\u00e9 une op\u00e9ration \u00ab difficile \u00bb pour \u00ab garantir la s\u00e9curit\u00e9 \u00bb de \u00ab dizaines de milliers de personnes \u00bb attendues \u00e0 l&rsquo;enterrement.<\/p>\n<p>La commissaire europ\u00e9enne en charge de l&rsquo;\u00e9largissement de l&rsquo;UE annule sa visite en Serbie<\/p>\n<p class=\"mb-4 text-lg md:leading-8 break-words\">La commissaire europ\u00e9enne Marta Kos, en charge de l&rsquo;\u00e9largissement de l&rsquo;union, a annul\u00e9, vendredi, une visite en Serbie en raison de cette \u00ab glorification \u00bb : \u00ab Ratko Mladic a \u00e9t\u00e9 condamn\u00e9 pour g\u00e9nocide, crimes contre l&rsquo;humanit\u00e9 et crimes de guerre, a-t-elle rappel\u00e9 sur les r\u00e9seaux sociaux. La glorification autour de son d\u00e9c\u00e8s est incompatible avec les valeurs sur lesquelles l&rsquo;UE s&rsquo;est construite \u00bb, et celles-ci ne sont \u00ab pas n\u00e9gociables \u00bb, a-t-elle insist\u00e9.<\/p>\n<p class=\"mb-4 text-lg md:leading-8 break-words\">Ces valeurs dont d\u00e9pend l&rsquo;accession \u00e0 l&rsquo;UE incluent \u00ab la confrontation avec le pass\u00e9, la r\u00e9conciliation sinc\u00e8re et le respect des victimes \u00bb, a fait valoir la responsable. Marta Kos, qui g\u00e8re au nom de Bruxelles les relations avec les pays candidats \u00e0 l&rsquo;Union europ\u00e9enne, devait se rendre \u00ab en mission \u00bb en Serbie le 9 septembre.<\/p>\n<p>Hommages en Bosnie<\/p>\n<p class=\"mb-4 text-lg md:leading-8 break-words\"><a data-ylk=\"slk:En Bosnie;elm:context_link;itc:0;sec:content-canvas;\" data-yga=\"{&quot;yLinkElement&quot;:&quot;link&quot;,&quot;yLinkElementType&quot;:&quot;article_link&quot;}\" href=\"https:\/\/www.rfi.fr\/fr\/europe\/20260828-bosnie-herz\u00e9govine-comment-les-m\u00e9dias-commentent-la-mort-de-ratko-mladict\" rel=\"noopener noreferrer nofollow\" target=\"_blank\">En Bosnie<\/a>, plusieurs milliers de personnes ont rendu hommage mardi 1er septembre \u00e0 Banja Luka, capitale de l&rsquo;entit\u00e9 serbe, \u00e0 Ratko Mladic. Le \u00ab boucher des Balkans \u00bb a \u00e9t\u00e9 condamn\u00e9 en 2017 \u00e0 la perp\u00e9tuit\u00e9 par le Tribunal p\u00e9nal international pour l&rsquo;ex-Yougoslavie (TPIY), pour g\u00e9nocide, crimes de guerre et crimes contre l&rsquo;humanit\u00e9 pendant la guerre de Bosnie. <a data-ylk=\"slk:Un verdict confirm\u00e9 en appel en 2021;elm:context_link;itc:0;sec:content-canvas;\" data-yga=\"{&quot;yLinkElement&quot;:&quot;link&quot;,&quot;yLinkElementType&quot;:&quot;article_link&quot;}\" href=\"https:\/\/www.rfi.fr\/fr\/en-bref\/20210608-la-justice-internationale-confirme-en-appel-la-condamnation-\u00e0-perp\u00e9tuit\u00e9-de-l-ancien-chef-militaire-serbe-de-bosnie-ratko-mladic\" rel=\"noopener noreferrer nofollow\" target=\"_blank\">Un verdict confirm\u00e9 en appel en 2021<\/a>. Ce conflit a fait pr\u00e8s de 100 000 morts de 1992 \u00e0 1995.<\/p>\n<p class=\"mb-4 text-lg md:leading-8 break-words\">\u00ab Une telle glorification constitue un crime au regard de la loi en <a data-ylk=\"slk:Bosnie-Herz\u00e9govine;elm:context_link;itc:0;sec:content-canvas;\" data-yga=\"{&quot;yLinkElement&quot;:&quot;link&quot;,&quot;yLinkElementType&quot;:&quot;article_link&quot;}\" href=\"https:\/\/www.rfi.fr\/fr\/tag\/bosnie-herz\u00e9govine\/\" class=\"gtm-add-suggested-tag\" rel=\"noopener noreferrer nofollow\" target=\"_blank\">Bosnie-Herz\u00e9govine<\/a> et ne rel\u00e8ve pas de la libert\u00e9 d&rsquo;expression au sens de la convention europ\u00e9enne des droits de l&rsquo;homme, rappelle Michael O&rsquo;Flaherty. J&rsquo;appelle les autorit\u00e9s \u00e0 s&rsquo;opposer \u00e0 la glorification de criminels de guerre condamn\u00e9s. \u00bb<\/p>\n<p class=\"mb-4 text-lg md:leading-8 break-words\">La Serbie et la Bosnie sont toutes deux membres du Conseil de l&rsquo;Europe, instance de 46 pays membres qui si\u00e8ge \u00e0 Strasbourg. Le Conseil est charg\u00e9 de faire appliquer la convention europ\u00e9enne des droits humains via la Cour europ\u00e9enne des droits humains (CEDH).<\/p>\n<p class=\"mb-4 text-lg md:leading-8 break-words\">\u00c0 lire aussi<a data-ylk=\"slk:Ratko Mladic a \u00e9t\u00e9 arr\u00eat\u00e9 en Serbie;elm:context_link;itc:0;sec:content-canvas;\" data-yga=\"{&quot;yLinkElement&quot;:&quot;link&quot;,&quot;yLinkElementType&quot;:&quot;article_link&quot;}\" href=\"https:\/\/www.rfi.fr\/fr\/europe\/5min\/20110526-ratko-mladic-ete-arrete-serbie\" class=\"a-read-more__link\" rel=\"noopener noreferrer nofollow\" target=\"_blank\">Ratko Mladic a \u00e9t\u00e9 arr\u00eat\u00e9 en Serbie<\/a><\/p>\n","protected":false},"excerpt":{"rendered":"Alors que la d\u00e9pouille de l&rsquo;ancien soldat, condamn\u00e9 notamment pour le g\u00e9nocide de Srebrenica en 1995, a \u00e9t\u00e9&hellip;\n","protected":false},"author":2,"featured_media":200670,"comment_status":"","ping_status":"","sticky":false,"template":"","format":"standard","meta":{"footnotes":"","_share_on_mastodon":"0"},"categories":[2],"tags":[61079,61082,18,61083,61084,61081,61085,61078,61080,10471],"class_list":["post-200669","post","type-post","status-publish","format-standard","has-post-thumbnail","category-europe","tag-contre-lhumanite-et-crimes-de-guerre","tag-ete-condamne-pour-genocide","tag-europe","tag-la-serbie","tag-le-conseil-est","tag-marta-kos","tag-membres-qui-siege-a-strasbourg","tag-michael-oflaherty","tag-ratko-mladic","tag-serbie"],"share_on_mastodon":{"url":"https:\/\/pubeurope.com\/@afrique\/117215133908975597","error":""},"_links":{"self":[{"href":"https:\/\/www.europesays.com\/afrique\/wp-json\/wp\/v2\/posts\/200669","targetHints":{"allow":["GET"]}}],"collection":[{"href":"https:\/\/www.europesays.com\/afrique\/wp-json\/wp\/v2\/posts"}],"about":[{"href":"https:\/\/www.europesays.com\/afrique\/wp-json\/wp\/v2\/types\/post"}],"author":[{"embeddable":true,"href":"https:\/\/www.europesays.com\/afrique\/wp-json\/wp\/v2\/users\/2"}],"replies":[{"embeddable":true,"href":"https:\/\/www.europesays.com\/afrique\/wp-json\/wp\/v2\/comments?post=200669"}],"version-history":[{"count":0,"href":"https:\/\/www.europesays.com\/afrique\/wp-json\/wp\/v2\/posts\/200669\/revisions"}],"wp:featuredmedia":[{"embeddable":true,"href":"https:\/\/www.europesays.com\/afrique\/wp-json\/wp\/v2\/media\/200670"}],"wp:attachment":[{"href":"https:\/\/www.europesays.com\/afrique\/wp-json\/wp\/v2\/media?parent=200669"}],"wp:term":[{"taxonomy":"category","embeddable":true,"href":"https:\/\/www.europesays.com\/afrique\/wp-json\/wp\/v2\/categories?post=200669"},{"taxonomy":"post_tag","embeddable":true,"href":"https:\/\/www.europesays.com\/afrique\/wp-json\/wp\/v2\/tags?post=200669"}],"curies":[{"name":"wp","href":"https:\/\/api.w.org\/{rel}","templated":true}]}}