{"id":200694,"date":"2026-09-04T23:09:11","date_gmt":"2026-09-04T23:09:11","guid":{"rendered":"https:\/\/www.europesays.com\/afrique\/200694\/"},"modified":"2026-09-04T23:09:11","modified_gmt":"2026-09-04T23:09:11","slug":"sahara-le-danemark-reaffirme-son-soutien-au-plan-dautonomie-marocain","status":"publish","type":"post","link":"https:\/\/www.europesays.com\/afrique\/200694\/","title":{"rendered":"Sahara: le Danemark r\u00e9affirme son soutien au plan d\u2019autonomie marocain"},"content":{"rendered":"<p class=\"default__StyledText-sc-10mj2vp-0 CxBBS body-paragraph\">Cette position a \u00e9t\u00e9 exprim\u00e9e par le ministre danois des Affaires \u00e9trang\u00e8res, Lars L\u00f8kke Rasmussen, lors d\u2019une d\u00e9claration \u00e0 la presse \u00e0 l\u2019occasion de la visite de travail du ministre des Affaires \u00e9trang\u00e8res, de la Coop\u00e9ration africaine et des Marocains r\u00e9sidant \u00e0 l\u2019\u00e9tranger, Nasser Bourita vendredi \u00e0 Copenhague. <\/p>\n<p class=\"default__StyledText-sc-10mj2vp-0 CxBBS body-paragraph\">\u00c0 cet \u00e9gard, M. Rasmussen a d\u00e9clar\u00e9 que le \u00abDanemark salue, conform\u00e9ment \u00e0 la position de l\u2019Union europ\u00e9enne, l\u2019adoption de la r\u00e9solution 2797 du Conseil de s\u00e9curit\u00e9 des Nations unies\u00bb.<\/p>\n<p class=\"default__StyledText-sc-10mj2vp-0 CxBBS body-paragraph\">Le chef de la diplomatie danoise a, par ailleurs, salu\u00e9 la proposition marocaine d\u2019autonomie qui est \u00abcr\u00e9dible\u00bb et qui \u00abapporte une contribution s\u00e9rieuse et essentielle au processus onusien en cours\u00bb, r\u00e9it\u00e9rant que le plan marocain d\u2019autonomie est \u00abune bonne base pour une solution agr\u00e9\u00e9e par les parties\u00bb.<\/p>\n<p class=\"default__StyledText-sc-10mj2vp-0 CxBBS body-paragraph\">Par cette position, le Danemark, membre du Conseil de s\u00e9curit\u00e9 des Nations-unies, r\u00e9affirme son inscription dans la dynamique internationale cr\u00e9\u00e9e sous l\u2019impulsion du roi Mohammed VI en soutien \u00e0 la souverainet\u00e9 du Maroc sur son Sahara et au Plan marocain d\u2019autonomie. <\/p>\n<p lang=\"fr\" dir=\"ltr\">Le Danemark et le Maroc ont r\u00e9affirm\u00e9, vendredi \u00e0 Copenhague, l\u2019excellence et le caract\u00e8re strat\u00e9gique de leurs relations bilat\u00e9rales, marqu\u00e9es par une dynamique soutenue et une volont\u00e9 commune de hisser ce partenariat vers un niveau strat\u00e9gique.<br \/>\ud83d\udd17 <a href=\"https:\/\/t.co\/nJlyjrR2GO\" rel=\"nofollow\">https:\/\/t.co\/nJlyjrR2GO<\/a> <a href=\"https:\/\/t.co\/l0xNhUsNgu\" rel=\"nofollow\">pic.twitter.com\/l0xNhUsNgu<\/a><\/p>\n<p>\u2014 Maroc Diplomatie \ud83c\uddf2\ud83c\udde6 (@MarocDiplomatie) <a href=\"https:\/\/x.com\/MarocDiplomatie\/status\/2095948856886284646?ref_src=twsrc%5Etfw\" rel=\"nofollow\">September 4, 2026<\/a><\/p>\n<p>Par Le360 (avec MAP)<\/p>\n<p>Le 04\/09\/2026 \u00e0 18h21<\/p>\n<p><script async src=\"https:\/\/platform.twitter.com\/widgets.js\" charset=\"utf-8\"><\/script><\/p>\n","protected":false},"excerpt":{"rendered":"Cette position a \u00e9t\u00e9 exprim\u00e9e par le ministre danois des Affaires \u00e9trang\u00e8res, Lars L\u00f8kke Rasmussen, lors d\u2019une d\u00e9claration&hellip;\n","protected":false},"author":2,"featured_media":200695,"comment_status":"","ping_status":"","sticky":false,"template":"","format":"standard","meta":{"footnotes":"","_share_on_mastodon":"0"},"categories":[83],"tags":[522,86,1909],"class_list":["post-200694","post","type-post","status-publish","format-standard","has-post-thumbnail","category-maroc","tag-danemark","tag-maroc","tag-sahara"],"share_on_mastodon":{"url":"https:\/\/pubeurope.com\/@afrique\/117215295280626132","error":""},"_links":{"self":[{"href":"https:\/\/www.europesays.com\/afrique\/wp-json\/wp\/v2\/posts\/200694","targetHints":{"allow":["GET"]}}],"collection":[{"href":"https:\/\/www.europesays.com\/afrique\/wp-json\/wp\/v2\/posts"}],"about":[{"href":"https:\/\/www.europesays.com\/afrique\/wp-json\/wp\/v2\/types\/post"}],"author":[{"embeddable":true,"href":"https:\/\/www.europesays.com\/afrique\/wp-json\/wp\/v2\/users\/2"}],"replies":[{"embeddable":true,"href":"https:\/\/www.europesays.com\/afrique\/wp-json\/wp\/v2\/comments?post=200694"}],"version-history":[{"count":0,"href":"https:\/\/www.europesays.com\/afrique\/wp-json\/wp\/v2\/posts\/200694\/revisions"}],"wp:featuredmedia":[{"embeddable":true,"href":"https:\/\/www.europesays.com\/afrique\/wp-json\/wp\/v2\/media\/200695"}],"wp:attachment":[{"href":"https:\/\/www.europesays.com\/afrique\/wp-json\/wp\/v2\/media?parent=200694"}],"wp:term":[{"taxonomy":"category","embeddable":true,"href":"https:\/\/www.europesays.com\/afrique\/wp-json\/wp\/v2\/categories?post=200694"},{"taxonomy":"post_tag","embeddable":true,"href":"https:\/\/www.europesays.com\/afrique\/wp-json\/wp\/v2\/tags?post=200694"}],"curies":[{"name":"wp","href":"https:\/\/api.w.org\/{rel}","templated":true}]}}