{"id":200701,"date":"2026-09-04T23:33:14","date_gmt":"2026-09-04T23:33:14","guid":{"rendered":"https:\/\/www.europesays.com\/afrique\/200701\/"},"modified":"2026-09-04T23:33:14","modified_gmt":"2026-09-04T23:33:14","slug":"le-danemark-soutient-la-proposition-dautonomie-du-maroc-pour-le-sahara-et-renforce-ses-relations-strategiques","status":"publish","type":"post","link":"https:\/\/www.europesays.com\/afrique\/200701\/","title":{"rendered":"Le Danemark soutient la proposition d&rsquo;autonomie du Maroc pour le Sahara et renforce ses relations strat\u00e9giques"},"content":{"rendered":"<p>\t<a href=\"#le-soutien-du-danemark-a-la-proposition-marocaine\">Le soutien du Danemark \u00e0 la proposition marocaine<\/a><\/p>\n<p>\t<a href=\"#le-danemark-au-conseil-de-securite-et-son-impact\">Le Danemark au Conseil de s\u00e9curit\u00e9 et son impact<\/a><\/p>\n<p>\t<a href=\"#partenariat-strategique-entre-le-danemark-et-le-maroc\">Partenariat strat\u00e9gique entre le Danemark et le Maroc<\/a><\/p>\n<p>\t<a href=\"#implications-internationales-du-soutien-danois\">Implications internationales du soutien danois<\/a><\/p>\n<p>Le\u00a0conflit du Sahara\u00a0occidental, l\u2019un des plus\u00a0longs et complexes\u00a0du continent africain, a trouv\u00e9 un\u00a0nouveau soutien significatif\u00a0pur le Maroc sur la sc\u00e8ne internationale. Le Danemark a publiquement exprim\u00e9 son soutien \u00e0 la\u00a0proposition d\u2019autonomiepr\u00e9sent\u00e9e par le Maroc comme une\u00a0base viable pour parvenir \u00e0\u00a0une solution consensuelle entre les parties au conflit. Cette prise de position \u00e9largit le soutien international \u00e0 l\u2019initiative marocaine et renforce les chances d\u2019une r\u00e9solution pacifique avec l\u2019aval du\u00a0Conseil de s\u00e9curit\u00e9\u00a0de l\u2019ONU.<\/p>\n<p>Le r\u00f4le du Danemark,\u00a0membre actif du Conseil\u00a0de s\u00e9curit\u00e9 des Nations unies, rev\u00eat une importance particuli\u00e8re dans la\u00a0phase actuelle du processus de n\u00e9gociation\u00a0sur le Sahara. La position exprim\u00e9e par le ministre danois des Affaires \u00e9trang\u00e8res, Lars L\u00f8kke Rasmussen, lors d\u2019une visite officielle du ministre marocain Nasser Bourita, t\u00e9moigne d\u2019un soutien visant \u00e0 favoriser un\u00a0dialogue s\u00e9rieux et constructif\u00a0entre le Maroc et le Front Polisario, dans le but de parvenir \u00e0 un accord d\u00e9finitif fond\u00e9 sur l\u2019autonomie r\u00e9gionale propos\u00e9e\u00a0par Rabat.<\/p>\n<p>Ce soutien renforce non seulement la\u00a0position politique du Maroc, mais refl\u00e8te \u00e9galement un\u00a0consensus international croissant\u00a0visant \u00e0 r\u00e9soudre l\u2019un des vestiges coloniaux encore en suspens en Afrique, en favorisant le\u00a0dialogue politique sur des bases\u00a0modernes et pragmatiques.<\/p>\n<p>Le soutien du Danemark \u00e0 la proposition marocaine<\/p>\n<p>Le Danemark a salu\u00e9 la\u00a0proposition d\u2019autonomie pr\u00e9sent\u00e9e\u00a0par le Maroc comme un\u00a0cadre s\u00e9rieux et cr\u00e9dible\u00a0pour le r\u00e8glement du conflit du Sahara occidental. Cette appr\u00e9ciation a \u00e9t\u00e9 exprim\u00e9e par le\u00a0ministre des Affaires \u00e9trang\u00e8resdanois, Lars L\u00f8kke Rasmussen, qui a soulign\u00e9 l\u2019importance de cette proposition dans le cadre du processus des Nations unies.<\/p>\n<p>Le plan marocain pr\u00e9voit que le Sahara puisse fonctionner comme une\u00a0r\u00e9gion autonome au sein de l\u2019\u00c9tat\u00a0marocain, dot\u00e9e d\u2019une large d\u00e9centralisation administrative et de comp\u00e9tences politiques, sociales et \u00e9conomiques. Le Danemark a salu\u00e9 cette proposition comme une\u00a0contribution s\u00e9rieuse et fondamentale\u00a0aux n\u00e9gociations en cours, pr\u00e9conisant qu\u2019elle serve de base \u00e0 un\u00a0accord mutuel entre les parties\u00a0concern\u00e9es.<\/p>\n<p>Le Danemark au Conseil de s\u00e9curit\u00e9 et son impact<\/p>\n<p>La position favorable du Danemark rev\u00eat une importance particuli\u00e8re, car le pays est membre non permanent du\u00a0Conseil de s\u00e9curit\u00e9 de l\u2019ONU. Cela signifie que son soutien contribue \u00e0 renforcer la\u00a0l\u00e9gitimit\u00e9 et la port\u00e9e\u00a0internationale du plan marocain, notamment apr\u00e8s l\u2019adoption formelle de la\u00a0r\u00e9solution n\u00b0 2797, qui soutient une \u00e9volution pacifique du conflit.<\/p>\n<p>De plus, la position danoise renforce l\u2019impression qu\u2019il existe un\u00a0consensus \u00e9mergent parmi les acteurs\u00a0internationaux cl\u00e9s pour fonder la solution du Sahara sur la proposition d\u2019autonomie. Ce soutien est crucial \u00e0 la veille des r\u00e9unions internationales pr\u00e9vues, au cours desquelles l\u2019ONU esp\u00e8re faire progresser un\u00a0dialogue plus clair et plus efficace\u00a0entre le Maroc et le Front Polisario.<\/p>\n<p><img decoding=\"async\" width=\"1200\" height=\"801\" alt=\"Bourita_dinamarca_plenario\" src=\"https:\/\/www.europesays.com\/afrique\/wp-content\/uploads\/2026\/09\/2026090422355066443.jpg\" loading=\"lazy\"  \/><br \/>\nR\u00e9union des d\u00e9l\u00e9gations du Maroc et du Danemark \u00e0 Rabat. Photo Maroc Diplomatie<\/p>\n<p>Partenariat strat\u00e9gique entre le Danemark et le Maroc<\/p>\n<p>Le soutien \u00e0 la proposition marocaine pour le Sahara s\u2019inscrit \u00e9galement dans le cadre de la consolidation des\u00a0relations bilat\u00e9rales strat\u00e9giques entre le Danemark\u00a0et le Maroc. Lors de la rencontre \u00e0 Copenhague entre les deux ministres des Affaires \u00e9trang\u00e8res, la volont\u00e9 de renforcer cette alliance a \u00e9t\u00e9 soulign\u00e9e, avec un\u00a0programme commun comprenant\u00a0la coop\u00e9ration politique, \u00e9conomique et en mati\u00e8re de migration.<\/p>\n<p>Le Danemark consid\u00e8re le Maroc comme un\u00a0partenaire fiable et un moteur\u00a0du d\u00e9veloppement r\u00e9gional en Afrique. \u00c0 cet \u00e9gard, les deux pays pr\u00e9voient d\u2019intensifier les \u00e9changes entre entreprises, notamment dans des secteurs tels que les\u00a0technologies de l\u2019eau, les \u00e9nergies\u00a0renouvelables et l\u2019agriculture. Ce nouveau partenariat vise \u00e9galement \u00e0 renforcer la coop\u00e9ration en mati\u00e8re de migration, un sujet pr\u00e9sentant un\u00a0int\u00e9r\u00eat particulier pour le Danemark\u00a0et ses relations avec l\u2019Afrique du Nord.<\/p>\n<p>Implications internationales du soutien danois<\/p>\n<p>Le soutien danois \u00e0 la proposition marocaine concernant le Sahara ne repr\u00e9sente pas seulement un\u00a0soutien formel, mais ilrenforce \u00e9galement la dynamique de consensus que le Maroc a su instaurer \u00e0 l\u2019\u00e9chelle mondiale autour de sa souverainet\u00e9 et de son projet d\u2019autonomie. Cette tendance internationale pourrait faciliter une issue politique \u00e0 un conflit qui a caus\u00e9\u00a0des tensions et des pr\u00e9judices \u00e0 la r\u00e9gion\u00a0pendant plusieurs d\u00e9cennies.<\/p>\n<p>De m\u00eame, la reconnaissance d\u2019une solution fond\u00e9e sur l\u2019autonomie ouvre la voie \u00e0 une\u00a0entente pragmatique dans laquelle\u00a0le respect de l\u2019int\u00e9grit\u00e9 territoriale du Maroc et les droits l\u00e9gitimes de la population sahraouie peuvent coexister. Le soutien de pays comme le Danemark contribue \u00e0 donner plus de poids \u00e0 cette approche dans les d\u00e9lib\u00e9rations internationales et renforce l\u2019espoir que l\u2019ONU puisse mener un\u00a0processus efficace vers un accord\u00a0d\u00e9finitif.<\/p>\n","protected":false},"excerpt":{"rendered":"Le soutien du Danemark \u00e0 la proposition marocaine Le Danemark au Conseil de s\u00e9curit\u00e9 et son impact Partenariat&hellip;\n","protected":false},"author":2,"featured_media":200702,"comment_status":"","ping_status":"","sticky":false,"template":"","format":"standard","meta":{"footnotes":"","_share_on_mastodon":"0"},"categories":[83],"tags":[522,61087,61086,86,4319,451,4507,7067,7066,4373,1909,30217,4804],"class_list":["post-200701","post","type-post","status-publish","format-standard","has-post-thumbnail","category-maroc","tag-danemark","tag-denmark","tag-dinamarca","tag-maroc","tag-marruecos","tag-morocco","tag-politica-marruecos","tag-politics-morocco","tag-politique-maroc","tag-portada","tag-sahara","tag-sahara-ouest","tag-western-sahara"],"share_on_mastodon":{"url":"https:\/\/pubeurope.com\/@afrique\/117215389615983547","error":""},"_links":{"self":[{"href":"https:\/\/www.europesays.com\/afrique\/wp-json\/wp\/v2\/posts\/200701","targetHints":{"allow":["GET"]}}],"collection":[{"href":"https:\/\/www.europesays.com\/afrique\/wp-json\/wp\/v2\/posts"}],"about":[{"href":"https:\/\/www.europesays.com\/afrique\/wp-json\/wp\/v2\/types\/post"}],"author":[{"embeddable":true,"href":"https:\/\/www.europesays.com\/afrique\/wp-json\/wp\/v2\/users\/2"}],"replies":[{"embeddable":true,"href":"https:\/\/www.europesays.com\/afrique\/wp-json\/wp\/v2\/comments?post=200701"}],"version-history":[{"count":0,"href":"https:\/\/www.europesays.com\/afrique\/wp-json\/wp\/v2\/posts\/200701\/revisions"}],"wp:featuredmedia":[{"embeddable":true,"href":"https:\/\/www.europesays.com\/afrique\/wp-json\/wp\/v2\/media\/200702"}],"wp:attachment":[{"href":"https:\/\/www.europesays.com\/afrique\/wp-json\/wp\/v2\/media?parent=200701"}],"wp:term":[{"taxonomy":"category","embeddable":true,"href":"https:\/\/www.europesays.com\/afrique\/wp-json\/wp\/v2\/categories?post=200701"},{"taxonomy":"post_tag","embeddable":true,"href":"https:\/\/www.europesays.com\/afrique\/wp-json\/wp\/v2\/tags?post=200701"}],"curies":[{"name":"wp","href":"https:\/\/api.w.org\/{rel}","templated":true}]}}