{"id":200746,"date":"2026-09-05T02:02:25","date_gmt":"2026-09-05T02:02:25","guid":{"rendered":"https:\/\/www.europesays.com\/afrique\/200746\/"},"modified":"2026-09-05T02:02:25","modified_gmt":"2026-09-05T02:02:25","slug":"conquerir-un-million-de-professionnels-du-droit-en-europe-lexisnexis-met-la-main-sur-doctrine-pour-accelerer-dans-lia-juridique","status":"publish","type":"post","link":"https:\/\/www.europesays.com\/afrique\/200746\/","title":{"rendered":"Conqu\u00e9rir un million de professionnels du droit en Europe : LexisNexis met la main sur Doctrine pour acc\u00e9l\u00e9rer dans l\u2019IA juridique"},"content":{"rendered":"<p>RELX, maison m\u00e8re de LexisNexis, a finalis\u00e9 l\u2019acquisition de la start-up Doctrine, d\u00e9sormais int\u00e9gr\u00e9e \u00e0 sa branche europ\u00e9enne. L\u2019op\u00e9ration illustre l\u2019acc\u00e9l\u00e9ration de la consolidation du march\u00e9 de l\u2019IA appliqu\u00e9e au secteur du droit.<\/p>\n<p class=\"c-paragraph\">Quatre mois apr\u00e8s avoir annonc\u00e9 son projet, RELX a finalis\u00e9 <a href=\"https:\/\/www.usine-digitale.fr\/editorial\/la-legaltech-doctrine-s-attaque-au-marche-allemand-pour-devenir-le-leader-europeen-de-l-ia-juridique.N2233222\" target=\"_blank\" rel=\"nofollow noopener\" title=\"https:\/\/www.usine-digitale.fr\/editorial\/la-legaltech-doctrine-s-attaque-au-marche-allemand-pour-devenir-le-leader-europeen-de-l-ia-juridique.N2233222\">le rachat de Doctrine<\/a> pour un montant non communiqu\u00e9. La start-up fran\u00e7aise rejoint ainsi LexisNexis Continental Europe, Middle East and Africa, la branche r\u00e9gionale de LexisNexis &amp; Professional.<\/p>\n<p class=\"c-paragraph\">Fond\u00e9e en 2016, Doctrine s\u2019est d\u2019abord impos\u00e9e dans la recherche juridique avant d\u2019\u00e9largir son offre \u00e0 l\u2019intelligence artificielle g\u00e9n\u00e9rale et aux flux de travail m\u00e9tiers. L\u2019entreprise revendique aujourd\u2019hui 27 000 utilisateurs quotidiens en France, en Italie, en Allemagne, en Espagne et au Luxembourg.<\/p>\n<p>Doctrine renforce l\u2019arsenal de donn\u00e9es de LexisNexis<\/p>\n<p class=\"c-paragraph\">Pour RELX, l\u2019int\u00e9r\u00eat d\u00e9passe l\u2019acquisition d\u2019une nouvelle brique logicielle. L\u2019enjeu est de renforcer simultan\u00e9ment trois actifs devenus d\u00e9terminants dans la bataille de l\u2019IA juridique : les contenus, les donn\u00e9es structur\u00e9es et l\u2019acc\u00e8s direct aux flux de travail des professionnels.<\/p>\n<p class=\"c-paragraph\">Ce rapprochement offre aux juristes un acc\u00e8s \u00e0 plus de 100 millions de documents juridiques apport\u00e9s par Doctrine, auxquels s\u2019ajoute le corpus de LexisNexis de 200 milliards de documents.<\/p>\n<p class=\"c-paragraph\">RELX veut d\u00e9sormais couvrir toute la cha\u00eene de travail : recherche, analyse, r\u00e9daction et, \u00e0 terme, davantage de t\u00e2ches int\u00e9gr\u00e9es aux processus juridiques. C\u2019est d\u2019ailleurs d\u00e9j\u00e0 la logique de Lexis+ avec <a href=\"https:\/\/www.usine-digitale.fr\/article\/ia-generative-protege-le-nouvel-assistant-juridique-au-coeur-des-outils-metiers-developpe-par-l-editeur-lexisnexis.N2241264\" target=\"_blank\" rel=\"nofollow noopener\" title=\"https:\/\/www.usine-digitale.fr\/article\/ia-generative-protege-le-nouvel-assistant-juridique-au-coeur-des-outils-metiers-developpe-par-l-editeur-lexisnexis.N2241264\">Prot\u00e9g\u00e9<\/a>, son environnement d\u2019IA g\u00e9n\u00e9rative, et celle des produits Flow d\u00e9velopp\u00e9s par Doctrine. Le groupe vise \u00e0 \u00e9quiper un million de professionnels du droit en Europe.<\/p>\n<p>Les \u00e9diteurs juridiques acc\u00e9l\u00e8rent leur mue technologique<\/p>\n<p class=\"c-paragraph\">Cette strat\u00e9gie est r\u00e9v\u00e9latrice de l\u2019\u00e9volution du march\u00e9. D\u2019un c\u00f4t\u00e9, les \u00e9diteurs historiques ne peuvent plus se contenter de mon\u00e9tiser leurs bases documentaires. De l\u2019autre, les pure players de l\u2019IA juridique ont besoin d\u2019un acc\u00e8s direct \u00e0 des contenus de r\u00e9f\u00e9rence et de moyens importants pour suivre le rythme des mod\u00e8les de fondation. L\u2019acquisition de Doctrine r\u00e9duit cette fronti\u00e8re. En effet, RELX r\u00e9cup\u00e8re \u00e0 la fois une technologie, des utilisateurs et une implantation europ\u00e9enne d\u00e9j\u00e0 constitu\u00e9e.<\/p>\n","protected":false},"excerpt":{"rendered":"RELX, maison m\u00e8re de LexisNexis, a finalis\u00e9 l\u2019acquisition de la start-up Doctrine, d\u00e9sormais int\u00e9gr\u00e9e \u00e0 sa branche europ\u00e9enne.&hellip;\n","protected":false},"author":2,"featured_media":200747,"comment_status":"","ping_status":"","sticky":false,"template":"","format":"standard","meta":{"footnotes":"","_share_on_mastodon":"0"},"categories":[2],"tags":[20459,4841,18,544,453,38893,8042,3540,592,5926,4126,1858],"class_list":["post-200746","post","type-post","status-publish","format-standard","has-post-thumbnail","category-europe","tag-acquisition","tag-chatbot","tag-europe","tag-financement","tag-france","tag-french-tech","tag-ia-generative","tag-intelligence-artificielle","tag-investissement","tag-juridique","tag-reglementation","tag-start-up"],"share_on_mastodon":{"url":"https:\/\/pubeurope.com\/@afrique\/117215975520294762","error":""},"_links":{"self":[{"href":"https:\/\/www.europesays.com\/afrique\/wp-json\/wp\/v2\/posts\/200746","targetHints":{"allow":["GET"]}}],"collection":[{"href":"https:\/\/www.europesays.com\/afrique\/wp-json\/wp\/v2\/posts"}],"about":[{"href":"https:\/\/www.europesays.com\/afrique\/wp-json\/wp\/v2\/types\/post"}],"author":[{"embeddable":true,"href":"https:\/\/www.europesays.com\/afrique\/wp-json\/wp\/v2\/users\/2"}],"replies":[{"embeddable":true,"href":"https:\/\/www.europesays.com\/afrique\/wp-json\/wp\/v2\/comments?post=200746"}],"version-history":[{"count":0,"href":"https:\/\/www.europesays.com\/afrique\/wp-json\/wp\/v2\/posts\/200746\/revisions"}],"wp:featuredmedia":[{"embeddable":true,"href":"https:\/\/www.europesays.com\/afrique\/wp-json\/wp\/v2\/media\/200747"}],"wp:attachment":[{"href":"https:\/\/www.europesays.com\/afrique\/wp-json\/wp\/v2\/media?parent=200746"}],"wp:term":[{"taxonomy":"category","embeddable":true,"href":"https:\/\/www.europesays.com\/afrique\/wp-json\/wp\/v2\/categories?post=200746"},{"taxonomy":"post_tag","embeddable":true,"href":"https:\/\/www.europesays.com\/afrique\/wp-json\/wp\/v2\/tags?post=200746"}],"curies":[{"name":"wp","href":"https:\/\/api.w.org\/{rel}","templated":true}]}}