{"id":200782,"date":"2026-09-05T03:40:12","date_gmt":"2026-09-05T03:40:12","guid":{"rendered":"https:\/\/www.europesays.com\/afrique\/200782\/"},"modified":"2026-09-05T03:40:12","modified_gmt":"2026-09-05T03:40:12","slug":"avenir-compromis-du-projet-eco-au-senegal","status":"publish","type":"post","link":"https:\/\/www.europesays.com\/afrique\/200782\/","title":{"rendered":"Avenir compromis du projet ECO au S\u00e9n\u00e9gal"},"content":{"rendered":"<p>\u00c0 la fin du mois d\u2019ao\u00fbt, le pr\u00e9sident s\u00e9n\u00e9galais Bassirou Diomaye Faye, \u00e9galement \u00e0 la t\u00eate de la pr\u00e9sidence en exercice de la CEDEAO cette ann\u00e9e, a rencontr\u00e9 le g\u00e9n\u00e9ral Birame Diop, nouveau pr\u00e9sident de la Commission de l\u2019organisation, pour d\u00e9finir les priorit\u00e9s de leur mandat commun. Au c\u0153ur des \u00e9changes : le lancement tant attendu de la nouvelle monnaie unique ouest-africaine, l\u2019ECO. <\/p>\n<p>Ce rendez-vous strat\u00e9gique est survenu dans la foul\u00e9e d\u2019un d\u00e9placement discret du chef de l\u2019\u00c9tat s\u00e9n\u00e9galais en France, voyage que ses services avaient tent\u00e9 de tenir secret mais qui a finalement \u00e9t\u00e9 r\u00e9v\u00e9l\u00e9 par la presse. Pour de nombreux observateurs, la concomitance de ces \u00e9v\u00e9nements ne laisse gu\u00e8re de place au doute : Bassirou Diomaye Faye aurait re\u00e7u des instructions claires de son homologue Emmanuel Macron et, de retour \u00e0 Dakar, se serait attel\u00e9 sans d\u00e9lai \u00e0 la mise en \u0153uvre du projet ECO.<\/p>\n<p>Un empressement qui interroge, tant cette r\u00e9forme mon\u00e9taire semble en porte-\u00e0-faux avec le discours de rupture et de souverainet\u00e9 qui avait port\u00e9 le nouveau pr\u00e9sident et son mentor, le Premier ministre Ousmane Sonko, au sommet de l\u2019\u00c9tat. Ce dernier n\u2019a jamais cach\u00e9 son hostilit\u00e9 au franc CFA, qu\u2019il qualifie de \u00ab relique coloniale \u00bb et d\u2019instrument du contr\u00f4le n\u00e9ocolonial de la France sur ses anciennes colonies, rappelant que l\u2019acronyme signifiait \u00e0 l\u2019origine \u00ab Colonies Fran\u00e7aises d\u2019Afrique \u00bb.<\/p>\n<p>Cette position, il l\u2019a martel\u00e9e avec vigueur \u00e0 l\u2019occasion du centenaire de la naissance de Frantz Fanon, o\u00f9 il a d\u00e9nonc\u00e9 les \u00ab contraintes \u00bb impos\u00e9es par le FCFA et jug\u00e9 la r\u00e9forme de l\u2019ECO \u00ab inachev\u00e9e \u00bb et essentiellement \u00ab cosm\u00e9tique \u00bb. Sa <a href=\"https:\/\/africa24tv.com\/senegal-souverainete-monetaire-le-premier-ministre-ousmane-sonko-appelle-a-liberer-lafrique\/\" rel=\"nofollow noopener\" target=\"_blank\">formule<\/a> est devenue c\u00e9l\u00e8bre : \u00ab Changer de nom sans changer de logique n\u2019est pas une r\u00e9volution, c\u2019est un rebranding de la d\u00e9pendance \u00bb\u00a0. Ces critiques font \u00e9cho \u00e0 celles de nombreux analystes qui voient dans l\u2019ECO un simple \u00ab franc CFA 2.0 \u00bb, une version relift\u00e9e d\u2019un syst\u00e8me qui perp\u00e9tuerait l\u2019influence de la Fran\u00e7afrique\u00a0.<\/p>\n<p>Pourtant, la voie vers une monnaie ouest-africaine ind\u00e9pendante est sem\u00e9e d\u2019emb\u00fbches et le projet, tel que promu actuellement par le pr\u00e9sident Faye, semble d\u00e9j\u00e0 compromis. De nombreuses nations membres de la <a href=\"https:\/\/actucameroun.com\/2024\/04\/04\/cedeao-tinubu-appelle-les-pays-membres-a-ne-pas-rester-passifs-face-a-la-desintegration-de-la-communaute\/\" rel=\"nofollow noopener\" target=\"_blank\">CEDEAO <\/a>ont oppos\u00e9 un net refus \u00e0 cette transformation. D\u00e8s 2020, le Nigeria, poids lourd de la r\u00e9gion, avait bloqu\u00e9 toute tentative de cr\u00e9er une version de l\u2019ECO qui resterait sous la garantie fran\u00e7aise, une position partag\u00e9e par le Ghana, la Gambie, le Sierra Leone et le Liberia\u00a0. Ces pays, membres de la Zone Mon\u00e9taire Ouest-Africaine (ZMOA), ont d\u00e9nonc\u00e9 une d\u00e9cision \u00ab unilat\u00e9rale \u00bb des pays francophones, incompatible avec la feuille de route convenue pour une monnaie unique v\u00e9ritablement ind\u00e9pendante\u00a0. Plus r\u00e9cemment, la Guin\u00e9e s\u2019est jointe au camp des opposants, annon\u00e7ant en ao\u00fbt son refus d\u2019adh\u00e9rer \u00e0 l\u2019ECO pour pr\u00e9server son souverainet\u00e9 mon\u00e9taire, craignant une faible int\u00e9gration commerciale avec ses voisins.<\/p>\n<p>Dans ce contexte de d\u00e9fiance g\u00e9n\u00e9ralis\u00e9e, les soutiens \u00e0 l\u2019ECO se r\u00e9duisent \u00e0 une poign\u00e9e de pays. Aux c\u00f4t\u00e9s de la C\u00f4te d\u2019Ivoire, dont le pr\u00e9sident Alassane Ouattara est per\u00e7u comme le soutien ind\u00e9fectible de la France sur le continent, le S\u00e9n\u00e9gal de Bassirou Diomaye Faye appara\u00eet d\u00e9sormais comme le nouveau pion de Paris. Si le chef de l\u2019\u00c9tat s\u00e9n\u00e9galais, en tandem avec son Premier ministre, a fait de la souverainet\u00e9 mon\u00e9taire un axe central de son action, les r\u00e9centes man\u0153uvres diplomatiques semblent contredire cette ambition affich\u00e9e .<\/p>\n<p>La tentative d\u2019influencer le B\u00e9nin, dont le nouveau pr\u00e9sident Romuald Wadagni affiche une ligne plus ind\u00e9pendante, pourrait bien \u00e9chouer, laissant le projet ECO orphelin de la majorit\u00e9 des acteurs r\u00e9gionaux. L\u2019avenir de cette r\u00e9forme, qui devait incarner l\u2019\u00e9mancipation \u00e9conomique de l\u2019Afrique de l\u2019Ouest, semble plus que jamais suspendu \u00e0 des \u00e9quilibres politiques fragiles et \u00e0 des int\u00e9r\u00eats \u00e9trangers persistants.<\/p>\n<p style=\"text-align: right;\">Richard Sadler<\/p>\n<p style=\"text-align: right;\">Researcher in African affairs and international relations<\/p>\n<p>\u00a0<\/p>\n<p>NB :\u00a0Les opinions exprim\u00e9es dans cet article sont celles de l\u2019auteur et ne refl\u00e8tent pas n\u00e9cessairement la position \u00e9ditoriale d\u2019Actu Cameroun.<\/p>\n","protected":false},"excerpt":{"rendered":"\u00c0 la fin du mois d\u2019ao\u00fbt, le pr\u00e9sident s\u00e9n\u00e9galais Bassirou Diomaye Faye, \u00e9galement \u00e0 la t\u00eate de la&hellip;\n","protected":false},"author":2,"featured_media":200783,"comment_status":"","ping_status":"","sticky":false,"template":"","format":"standard","meta":{"footnotes":"","_share_on_mastodon":"0"},"categories":[84],"tags":[242,12,4776,30893,7,80,126,11,46,20586],"class_list":["post-200782","post","type-post","status-publish","format-standard","has-post-thumbnail","category-senegal","tag-actualites","tag-cameroun","tag-cemac","tag-douala","tag-economie","tag-news","tag-politique","tag-senegal","tag-sport","tag-yaounde"],"share_on_mastodon":{"url":"https:\/\/pubeurope.com\/@afrique\/117216361031233379","error":""},"_links":{"self":[{"href":"https:\/\/www.europesays.com\/afrique\/wp-json\/wp\/v2\/posts\/200782","targetHints":{"allow":["GET"]}}],"collection":[{"href":"https:\/\/www.europesays.com\/afrique\/wp-json\/wp\/v2\/posts"}],"about":[{"href":"https:\/\/www.europesays.com\/afrique\/wp-json\/wp\/v2\/types\/post"}],"author":[{"embeddable":true,"href":"https:\/\/www.europesays.com\/afrique\/wp-json\/wp\/v2\/users\/2"}],"replies":[{"embeddable":true,"href":"https:\/\/www.europesays.com\/afrique\/wp-json\/wp\/v2\/comments?post=200782"}],"version-history":[{"count":0,"href":"https:\/\/www.europesays.com\/afrique\/wp-json\/wp\/v2\/posts\/200782\/revisions"}],"wp:featuredmedia":[{"embeddable":true,"href":"https:\/\/www.europesays.com\/afrique\/wp-json\/wp\/v2\/media\/200783"}],"wp:attachment":[{"href":"https:\/\/www.europesays.com\/afrique\/wp-json\/wp\/v2\/media?parent=200782"}],"wp:term":[{"taxonomy":"category","embeddable":true,"href":"https:\/\/www.europesays.com\/afrique\/wp-json\/wp\/v2\/categories?post=200782"},{"taxonomy":"post_tag","embeddable":true,"href":"https:\/\/www.europesays.com\/afrique\/wp-json\/wp\/v2\/tags?post=200782"}],"curies":[{"name":"wp","href":"https:\/\/api.w.org\/{rel}","templated":true}]}}