{"id":200823,"date":"2026-09-05T05:34:08","date_gmt":"2026-09-05T05:34:08","guid":{"rendered":"https:\/\/www.europesays.com\/afrique\/200823\/"},"modified":"2026-09-05T05:34:08","modified_gmt":"2026-09-05T05:34:08","slug":"solidarite-et-cooperation-militaire-don-de-kits-alimentaires-de-la-chine-aux-familles-des-armees-senegalaises","status":"publish","type":"post","link":"https:\/\/www.europesays.com\/afrique\/200823\/","title":{"rendered":"Solidarit\u00e9 et coop\u00e9ration militaire : Don de kits alimentaires de la Chine aux familles des Arm\u00e9es s\u00e9n\u00e9galaises"},"content":{"rendered":"<p>\t\t\t\t\t Ce jeudi 3 septembre 2026, le Camp colonel Abdoulaye Traor\u00e9 (ex-BATRAIN) a accueilli une c\u00e9r\u00e9monie solennelle de remise de dons alimentaires offerts par l\u2019ambassade de la R\u00e9publique populaire de Chine au S\u00e9n\u00e9gal. Le b\u00e9n\u00e9ficiaire de cette action sociale est la F\u00e9d\u00e9ration des Groupements et Associations F\u00e9minins de la Famille Militaire du S\u00e9n\u00e9gal (FEGAFFAMIS).<\/p>\n<p>Une c\u00e9r\u00e9monie sous le signe du partenariat et de l&rsquo;action sociale&#13;\t\t\t\t\t <\/p>\n<p>L&rsquo;\u00e9v\u00e9nement s&rsquo;est d\u00e9roul\u00e9 en pr\u00e9sence de hautes autorit\u00e9s militaires et diplomatiques :&#13;\t\t\t\t\t <\/p>\n<p>Pr\u00e9sidence : La c\u00e9r\u00e9monie a \u00e9t\u00e9 pr\u00e9sid\u00e9e par le Colonel Seykou Keita, Directeur de l&rsquo;Action Sociale des Arm\u00e9es (DASA).&#13;\t\t\t\t\t <\/p>\n<p>Repr\u00e9sentation diplomatique : Pr\u00e9sence remarqu\u00e9e du Colonel sup\u00e9rieur Zhou Jun, Attach\u00e9 de d\u00e9fense de la R\u00e9publique populaire de Chine au S\u00e9n\u00e9gal.&#13;\t\t\t\t\t <\/p>\n<p>Parrainage : Participation de Madame Wade, \u00e9pouse du Chef d&rsquo;\u00c9tat-Major G\u00e9n\u00e9ral des Arm\u00e9es (CEMGA) et marraine de la FEGAFFAMIS.&#13;\t\t\t\t\t <\/p>\n<p>Soutien concret au bien-\u00eatre des m\u00e9nages militaires&#13;\t\t\t\t\t <\/p>\n<p>Cette initiative solidaire vient renforcer le bien-\u00eatre mat\u00e9riel des familles de militaires et consolider les liens d&rsquo;amiti\u00e9 et de coop\u00e9ration bilat\u00e9rale entre les forces arm\u00e9es s\u00e9n\u00e9galaises et chinoises.&#13;\t\t\t\t\t <\/p>\n<p>La DIRPA et la DASA ont salu\u00e9 ce geste g\u00e9n\u00e9reux qui t\u00e9moigne de l&rsquo;attention constante port\u00e9e aux conditions de vie des familles au sein des casernes.\n\t\t\t\t <\/p>\n","protected":false},"excerpt":{"rendered":"Ce jeudi 3 septembre 2026, le Camp colonel Abdoulaye Traor\u00e9 (ex-BATRAIN) a accueilli une c\u00e9r\u00e9monie solennelle de remise&hellip;\n","protected":false},"author":2,"featured_media":200824,"comment_status":"","ping_status":"","sticky":false,"template":"","format":"standard","meta":{"footnotes":"","_share_on_mastodon":"0"},"categories":[84],"tags":[61109,61110,61111,213,61112,23862,61113,11,61114],"class_list":["post-200823","post","type-post","status-publish","format-standard","has-post-thumbnail","category-senegal","tag-action-sociale","tag-aide-alimentaire","tag-armees-senegalaises","tag-chine","tag-cooperation-sino-senegalaise","tag-dirpa","tag-fegaffamis","tag-senegal","tag-solidarite-militaire"],"share_on_mastodon":{"url":"https:\/\/pubeurope.com\/@afrique\/117216809056259376","error":""},"_links":{"self":[{"href":"https:\/\/www.europesays.com\/afrique\/wp-json\/wp\/v2\/posts\/200823","targetHints":{"allow":["GET"]}}],"collection":[{"href":"https:\/\/www.europesays.com\/afrique\/wp-json\/wp\/v2\/posts"}],"about":[{"href":"https:\/\/www.europesays.com\/afrique\/wp-json\/wp\/v2\/types\/post"}],"author":[{"embeddable":true,"href":"https:\/\/www.europesays.com\/afrique\/wp-json\/wp\/v2\/users\/2"}],"replies":[{"embeddable":true,"href":"https:\/\/www.europesays.com\/afrique\/wp-json\/wp\/v2\/comments?post=200823"}],"version-history":[{"count":0,"href":"https:\/\/www.europesays.com\/afrique\/wp-json\/wp\/v2\/posts\/200823\/revisions"}],"wp:featuredmedia":[{"embeddable":true,"href":"https:\/\/www.europesays.com\/afrique\/wp-json\/wp\/v2\/media\/200824"}],"wp:attachment":[{"href":"https:\/\/www.europesays.com\/afrique\/wp-json\/wp\/v2\/media?parent=200823"}],"wp:term":[{"taxonomy":"category","embeddable":true,"href":"https:\/\/www.europesays.com\/afrique\/wp-json\/wp\/v2\/categories?post=200823"},{"taxonomy":"post_tag","embeddable":true,"href":"https:\/\/www.europesays.com\/afrique\/wp-json\/wp\/v2\/tags?post=200823"}],"curies":[{"name":"wp","href":"https:\/\/api.w.org\/{rel}","templated":true}]}}