{"id":200851,"date":"2026-09-05T06:41:23","date_gmt":"2026-09-05T06:41:23","guid":{"rendered":"https:\/\/www.europesays.com\/afrique\/200851\/"},"modified":"2026-09-05T06:41:23","modified_gmt":"2026-09-05T06:41:23","slug":"contre-le-maroc-et-en-faveur-dun-autre-pays-etoo-adresse-de-graves-accusations-a-un-ancien-arbitre","status":"publish","type":"post","link":"https:\/\/www.europesays.com\/afrique\/200851\/","title":{"rendered":"\u00ab Contre le Maroc et en faveur d&rsquo;un autre pays \u00bb : Eto&rsquo;o adresse de graves accusations \u00e0 un ancien arbitre"},"content":{"rendered":"<p>Samuel Eto&rsquo;o, pr\u00e9sident de la F\u00e9d\u00e9ration camerounaise de football, a suscit\u00e9 une nouvelle pol\u00e9mique apr\u00e8s avoir formul\u00e9 de graves accusations contre un ancien arbitre international et officier de l&rsquo;arm\u00e9e, qu&rsquo;il soup\u00e7onne d&rsquo;avoir tent\u00e9 d&rsquo;agir contre les int\u00e9r\u00eats du Cameroun et du Maroc lors de pr\u00e9c\u00e9dentes comp\u00e9titions africaines.<\/p>\n<p>L&rsquo;affaire tourne autour d&rsquo;all\u00e9gations relatives \u00e0 des tentatives d&rsquo;influencer des matches internationaux, sans que soit r\u00e9v\u00e9l\u00e9e l&rsquo;identit\u00e9 de l&rsquo;arbitre ni m\u00eame la moindre preuve publique venant \u00e9tayer ces accusations.<\/p>\n<p>Lors d&rsquo;une c\u00e9r\u00e9monie de remise de dipl\u00f4mes \u00e0 une nouvelle promotion d&rsquo;arbitres camerounais, Eto&rsquo;o a mis en garde les nouveaux responsables au sujet de certaines personnes avec lesquelles ils pourraient \u00eatre amen\u00e9s \u00e0 traiter, avant d&rsquo;\u00e9voquer \u00ab un ancien arbitre et officier de l&rsquo;arm\u00e9e \u00bb, qu&rsquo;il a accus\u00e9 d&rsquo;avoir jou\u00e9 des r\u00f4les qu&rsquo;il a qualifi\u00e9s de n\u00e9gatifs contre son pays.<\/p>\n<p>Dans des propos relay\u00e9s par la cha\u00eene camerounaise \u00ab CFOOT \u00bb, Eto&rsquo;o a affirm\u00e9 que cette m\u00eame personne \u00ab a tent\u00e9 d&rsquo;influencer le Maroc au profit d&rsquo;un autre pays \u00bb, ajoutant qu&rsquo;elle \u00ab a r\u00e9\u00e9dit\u00e9 la m\u00eame chose lorsque les Lionnes du Cameroun disputaient la derni\u00e8re \u00e9dition de la Coupe d&rsquo;Afrique des nations f\u00e9minine \u00bb.<\/p>\n<p>Le pr\u00e9sident de la F\u00e9d\u00e9ration camerounaise n&rsquo;a pas r\u00e9v\u00e9l\u00e9 le nom de la personne qu&rsquo;il visait, mais sa description a rapidement aliment\u00e9 les sp\u00e9culations autour d&rsquo;Alioum Sidi, ancien arbitre international et officier de l&rsquo;arm\u00e9e camerounaise, qui occupe actuellement le poste de pr\u00e9sident de l&rsquo;Association des arbitres camerounais de football.<\/p>\n<p>Toutefois, Eto&rsquo;o n&rsquo;a pas pr\u00e9cis\u00e9 la nature de cette tentative \u00ab d&rsquo;influence sur le Maroc \u00bb, ni la mani\u00e8re dont elle aurait \u00e9t\u00e9 men\u00e9e, pas plus qu&rsquo;il n&rsquo;a r\u00e9v\u00e9l\u00e9 l&rsquo;identit\u00e9 du pays au profit duquel elle aurait eu lieu.<\/p>\n<p>Alioum Sidi r\u00e9plique et r\u00e9clame des preuves<\/p>\n<p>De son c\u00f4t\u00e9, Alioum Sidi s&rsquo;est consid\u00e9r\u00e9 comme vis\u00e9 par les propos d&rsquo;Eto&rsquo;o, et a publi\u00e9 un communiqu\u00e9 dans lequel il a vivement r\u00e9agi \u00e0 ces accusations.<\/p>\n<p>L&rsquo;ancien arbitre international a cat\u00e9goriquement rejet\u00e9 \u00ab toute accusation, tout sous-entendu ou toute interpr\u00e9tation \u00bb le pr\u00e9sentant comme ayant tent\u00e9 d&rsquo;influencer un match au profit d&rsquo;un autre pays ou d&rsquo;agir contre les int\u00e9r\u00eats du Cameroun.<\/p>\n<p>Sidi a en retour demand\u00e9 \u00e0 Samuel Eto&rsquo;o de pr\u00e9ciser clairement les faits sur lesquels il se fonde et de fournir des preuves objectives \u00e9tablissant la v\u00e9racit\u00e9 des accusations port\u00e9es contre lui.<\/p>\n<p>Il a \u00e9galement brandi la menace de saisir les instances judiciaires et les organismes comp\u00e9tents pour d\u00e9fendre son honneur, sa r\u00e9putation et son int\u00e9grit\u00e9, dans le cas o\u00f9 aucun \u00e9l\u00e9ment ne viendrait \u00e9tayer ces all\u00e9gations.<\/p>\n<p>\u00c0 lire aussi :<\/p>\n<p>Il d\u00e9fend ses int\u00e9r\u00eats apr\u00e8s la d\u00e9faite de Mbapp\u00e9 : Eto&rsquo;o d\u00e9voile le secret de son soutien appuy\u00e9 \u00e0 Infantino<\/p>\n<p>Un litige devant le TAS en toile de fond de la crise<\/p>\n<p>Alioum Sidi a \u00e9voqu\u00e9 la possibilit\u00e9 qu&rsquo;un autre contexte se cache derri\u00e8re ces propos, sur fond du litige qui oppose actuellement l&rsquo;Association des arbitres camerounais de football, qu&rsquo;il pr\u00e9side, \u00e0 la F\u00e9d\u00e9ration camerounaise devant le Tribunal arbitral du sport (TAS).<\/p>\n<p>L&rsquo;ancien arbitre estime que ce litige pourrait \u00eatre li\u00e9 \u00e0 ce qu&rsquo;il a d\u00e9crit comme \u00ab la perte de sang-froid du pr\u00e9sident de la F\u00e9d\u00e9ration \u00bb, en allusion \u00e0 Eto&rsquo;o.<\/p>\n<p>Vous pouvez discuter des sujets et des actualit\u00e9s de mani\u00e8re plus approfondie sur les forums de Kooora<\/p>\n","protected":false},"excerpt":{"rendered":"Samuel Eto&rsquo;o, pr\u00e9sident de la F\u00e9d\u00e9ration camerounaise de football, a suscit\u00e9 une nouvelle pol\u00e9mique apr\u00e8s avoir formul\u00e9 de&hellip;\n","protected":false},"author":2,"featured_media":200852,"comment_status":"","ping_status":"","sticky":false,"template":"","format":"standard","meta":{"footnotes":"","_share_on_mastodon":"0"},"categories":[83],"tags":[56669,3584,61121,12,61120,1851,7721,1029,86,60397,451,60399,61119],"class_list":["post-200851","post","type-post","status-publish","format-standard","has-post-thumbnail","category-maroc","tag-africa-cup-of-nations-qualification","tag-cameroon","tag-cameroon-vs-comoros","tag-cameroun","tag-cameroun-vs-comores","tag-comores","tag-comoros","tag-gabon","tag-maroc","tag-maroc-vs-gabon","tag-morocco","tag-morocco-vs-gabon","tag-s-etoo"],"share_on_mastodon":{"url":"https:\/\/pubeurope.com\/@afrique\/117217072411818009","error":""},"_links":{"self":[{"href":"https:\/\/www.europesays.com\/afrique\/wp-json\/wp\/v2\/posts\/200851","targetHints":{"allow":["GET"]}}],"collection":[{"href":"https:\/\/www.europesays.com\/afrique\/wp-json\/wp\/v2\/posts"}],"about":[{"href":"https:\/\/www.europesays.com\/afrique\/wp-json\/wp\/v2\/types\/post"}],"author":[{"embeddable":true,"href":"https:\/\/www.europesays.com\/afrique\/wp-json\/wp\/v2\/users\/2"}],"replies":[{"embeddable":true,"href":"https:\/\/www.europesays.com\/afrique\/wp-json\/wp\/v2\/comments?post=200851"}],"version-history":[{"count":0,"href":"https:\/\/www.europesays.com\/afrique\/wp-json\/wp\/v2\/posts\/200851\/revisions"}],"wp:featuredmedia":[{"embeddable":true,"href":"https:\/\/www.europesays.com\/afrique\/wp-json\/wp\/v2\/media\/200852"}],"wp:attachment":[{"href":"https:\/\/www.europesays.com\/afrique\/wp-json\/wp\/v2\/media?parent=200851"}],"wp:term":[{"taxonomy":"category","embeddable":true,"href":"https:\/\/www.europesays.com\/afrique\/wp-json\/wp\/v2\/categories?post=200851"},{"taxonomy":"post_tag","embeddable":true,"href":"https:\/\/www.europesays.com\/afrique\/wp-json\/wp\/v2\/tags?post=200851"}],"curies":[{"name":"wp","href":"https:\/\/api.w.org\/{rel}","templated":true}]}}