{"id":200882,"date":"2026-09-05T07:50:10","date_gmt":"2026-09-05T07:50:10","guid":{"rendered":"https:\/\/www.europesays.com\/afrique\/200882\/"},"modified":"2026-09-05T07:50:10","modified_gmt":"2026-09-05T07:50:10","slug":"lonu-vote-pour-retablir-la-taille-reelle-de-lafrique-sur-les-cartes-africtelegraph","status":"publish","type":"post","link":"https:\/\/www.europesays.com\/afrique\/200882\/","title":{"rendered":"L&rsquo;ONU vote pour r\u00e9tablir la taille r\u00e9elle de l&rsquo;Afrique sur les cartes &#8211; Africtelegraph"},"content":{"rendered":"<p>L\u2019Assembl\u00e9e g\u00e9n\u00e9rale des Nations unies a adopt\u00e9 une r\u00e9solution appelant \u00e0 corriger la repr\u00e9sentation cartographique de l\u2019Afrique, un continent syst\u00e9matiquement rapetiss\u00e9 par la projection de Mercator utilis\u00e9e depuis le XVIe si\u00e8cle. Le vote, largement favorable, marque une inflexion diplomatique attendue de longue date par les chancelleries africaines et par de nombreux g\u00e9ographes. Washington s\u2019est distingu\u00e9 en s\u2019y opposant, une position isol\u00e9e qui n\u2019a pas manqu\u00e9 de nourrir les commentaires dans les enceintes onusiennes.<\/p>\n<p>Une distorsion cartographique vieille de cinq si\u00e8cles<\/p>\n<p>La projection de Mercator, con\u00e7ue en 1569 par le cartographe flamand Gerardus Mercator pour faciliter la navigation maritime, d\u00e9forme m\u00e9caniquement la surface des masses continentales \u00e0 mesure que l\u2019on s\u2019\u00e9loigne de l\u2019\u00e9quateur. R\u00e9sultat, le Groenland appara\u00eet aussi vaste que l\u2019Afrique alors que le continent africain est en r\u00e9alit\u00e9 quatorze fois plus \u00e9tendu. L\u2019Europe, la Russie et l\u2019Am\u00e9rique du Nord se trouvent visuellement gonfl\u00e9es, tandis que l\u2019Afrique, l\u2019Am\u00e9rique latine et l\u2019Asie du Sud-Est sont r\u00e9duites.<\/p>\n<p>Cette distorsion, longtemps trait\u00e9e comme une simple convention technique, est d\u00e9sormais lue par de nombreux \u00c9tats africains comme un vestige symbolique de la hi\u00e9rarchie coloniale. En r\u00e9tablissant les proportions, l\u2019ONU acte une revendication port\u00e9e depuis plusieurs ann\u00e9es par l\u2019Union africaine et par des cercles universitaires panafricains, qui plaidaient pour l\u2019adoption de projections plus fid\u00e8les comme celle d\u2019Arno Peters ou l\u2019Equal Earth publi\u00e9e en 2018.<\/p>\n<p>Un vote quasi unanime, une seule voix contre<\/p>\n<p>La quasi-totalit\u00e9 des \u00c9tats membres a soutenu le texte, \u00e0 l\u2019exception notable des \u00c9tats-Unis. Aucun autre grand acteur diplomatique n\u2019a jug\u00e9 utile de s\u2019aligner sur la position am\u00e9ricaine, y compris parmi les alli\u00e9s traditionnels de Washington. Ce vote isol\u00e9 intervient dans un contexte o\u00f9 l\u2019administration am\u00e9ricaine r\u00e9\u00e9value ses engagements multilat\u00e9raux, notamment en mati\u00e8re de politique culturelle et \u00e9ducative.<\/p>\n<p>Pour les diplomates africains pr\u00e9sents \u00e0 New York, ce r\u00e9sultat consacre une victoire symbolique dont la port\u00e9e d\u00e9passe la seule question cartographique. Il valide l\u2019id\u00e9e que les instruments de repr\u00e9sentation du monde, souvent per\u00e7us comme neutres, portent en r\u00e9alit\u00e9 des choix politiques et culturels qui fa\u00e7onnent les perceptions collectives. Plusieurs d\u00e9l\u00e9gations ont soulign\u00e9 que la r\u00e9vision des cartes utilis\u00e9es dans les manuels scolaires, les m\u00e9dias et les institutions internationales aura un effet p\u00e9dagogique durable sur les g\u00e9n\u00e9rations futures.<\/p>\n<p>Enjeux strat\u00e9giques pour les capitales africaines<\/p>\n<p>Au-del\u00e0 de la symbolique, la d\u00e9cision onusienne ouvre un chantier concret. Les organisations internationales, les agences de d\u00e9veloppement et les grandes plateformes num\u00e9riques telles que Google Maps ou Bing Maps sont d\u00e9sormais invit\u00e9es \u00e0 revoir leurs standards graphiques. Certaines, comme Google, avaient d\u00e9j\u00e0 entam\u00e9 une transition en 2018 en adoptant une projection sph\u00e9rique lorsque l\u2019utilisateur d\u00e9zoome. La g\u00e9n\u00e9ralisation de ces pratiques pourrait modifier durablement la mani\u00e8re dont l\u2019Afrique est per\u00e7ue par les investisseurs, les touristes et les partenaires commerciaux.<\/p>\n<p>Pour les gouvernements du continent, l\u2019enjeu est \u00e9galement narratif. Un continent visuellement diminu\u00e9 a longtemps \u00e9t\u00e9 trait\u00e9 comme une p\u00e9riph\u00e9rie de l\u2019\u00e9conomie mondiale, alors m\u00eame qu\u2019il abrite plus de 1,4 milliard d\u2019habitants, une jeunesse d\u00e9mographique in\u00e9dite et des ressources min\u00e9rales strat\u00e9giques pour la transition \u00e9nerg\u00e9tique. Rendre \u00e0 l\u2019Afrique sa taille r\u00e9elle, c\u2019est aussi lui restituer une place proportionn\u00e9e dans l\u2019imaginaire g\u00e9opolitique global.<\/p>\n<p>Reste \u00e0 observer comment la r\u00e9solution sera traduite dans les faits par les \u00c9tats membres et par les acteurs priv\u00e9s du secteur cartographique. Les prochaines r\u00e9unions des commissions sp\u00e9cialis\u00e9es de l\u2019ONU devraient pr\u00e9ciser le calendrier et les modalit\u00e9s d\u2019application. Dans les capitales africaines, de Dakar \u00e0 Addis-Abeba, l\u2019accueil est unanimement favorable, plusieurs minist\u00e8res de l\u2019\u00c9ducation ayant d\u00e9j\u00e0 annonc\u00e9 leur intention de revoir les supports p\u00e9dagogiques nationaux. Selon Info241.com, ce vote constitue un tournant symbolique dans la reconnaissance du continent africain sur la sc\u00e8ne internationale.<\/p>\n<p>Pour aller plus loin<\/p>\n<p><a href=\"https:\/\/africtelegraph.com\/blog\/lunion-africaine-adopte-le-plan-daction-de-luanda-sur-les-conflits\/\" rel=\"nofollow noopener\" target=\"_blank\">L\u2019Union africaine adopte le Plan d\u2019action de Luanda sur les conflits<\/a> \u00b7 <a href=\"https:\/\/africtelegraph.com\/blog\/alger-renoue-avec-niamey-et-resserre-ses-liens-avec-laes\/\" rel=\"nofollow noopener\" target=\"_blank\">Alger renoue avec Niamey et resserre ses liens avec l\u2019AES<\/a> \u00b7 <a href=\"https:\/\/africtelegraph.com\/blog\/ismail-ould-cheikh-ahmed-prend-la-tete-de-loci-pour-la-mauritanie\/\" rel=\"nofollow noopener\" target=\"_blank\">Ismail Ould Cheikh Ahmed prend la t\u00eate de l\u2019OCI pour la Mauritanie<\/a><\/p>\n<p>\n\tSimilaire<\/p>\n","protected":false},"excerpt":{"rendered":"L\u2019Assembl\u00e9e g\u00e9n\u00e9rale des Nations unies a adopt\u00e9 une r\u00e9solution appelant \u00e0 corriger la repr\u00e9sentation cartographique de l\u2019Afrique, un&hellip;\n","protected":false},"author":2,"featured_media":200883,"comment_status":"","ping_status":"","sticky":false,"template":"","format":"standard","meta":{"footnotes":"","_share_on_mastodon":"0"},"categories":[4],"tags":[6,17932,857,193,2953,61134,513],"class_list":["post-200882","post","type-post","status-publish","format-standard","has-post-thumbnail","category-afrique","tag-afrique","tag-cartographie","tag-diplomatie","tag-etats-unis","tag-onu","tag-projection-mercator","tag-union-africaine"],"share_on_mastodon":{"url":"https:\/\/pubeurope.com\/@afrique\/117217343661639284","error":""},"_links":{"self":[{"href":"https:\/\/www.europesays.com\/afrique\/wp-json\/wp\/v2\/posts\/200882","targetHints":{"allow":["GET"]}}],"collection":[{"href":"https:\/\/www.europesays.com\/afrique\/wp-json\/wp\/v2\/posts"}],"about":[{"href":"https:\/\/www.europesays.com\/afrique\/wp-json\/wp\/v2\/types\/post"}],"author":[{"embeddable":true,"href":"https:\/\/www.europesays.com\/afrique\/wp-json\/wp\/v2\/users\/2"}],"replies":[{"embeddable":true,"href":"https:\/\/www.europesays.com\/afrique\/wp-json\/wp\/v2\/comments?post=200882"}],"version-history":[{"count":0,"href":"https:\/\/www.europesays.com\/afrique\/wp-json\/wp\/v2\/posts\/200882\/revisions"}],"wp:featuredmedia":[{"embeddable":true,"href":"https:\/\/www.europesays.com\/afrique\/wp-json\/wp\/v2\/media\/200883"}],"wp:attachment":[{"href":"https:\/\/www.europesays.com\/afrique\/wp-json\/wp\/v2\/media?parent=200882"}],"wp:term":[{"taxonomy":"category","embeddable":true,"href":"https:\/\/www.europesays.com\/afrique\/wp-json\/wp\/v2\/categories?post=200882"},{"taxonomy":"post_tag","embeddable":true,"href":"https:\/\/www.europesays.com\/afrique\/wp-json\/wp\/v2\/tags?post=200882"}],"curies":[{"name":"wp","href":"https:\/\/api.w.org\/{rel}","templated":true}]}}