{"id":200913,"date":"2026-09-05T08:45:12","date_gmt":"2026-09-05T08:45:12","guid":{"rendered":"https:\/\/www.europesays.com\/afrique\/200913\/"},"modified":"2026-09-05T08:45:12","modified_gmt":"2026-09-05T08:45:12","slug":"afrique-du-sud-des-survivants-du-massacre-de-sharpeville-saisissent-la-justice","status":"publish","type":"post","link":"https:\/\/www.europesays.com\/afrique\/200913\/","title":{"rendered":"Afrique du Sud: des survivants du massacre de Sharpeville saisissent la justice"},"content":{"rendered":"<p>\n\t\t\t\t\t Le 21 mars 1960, la police du r\u00e9gime de l&rsquo;apartheid ouvrait le feu sur des manifestants pacifiques rassembl\u00e9s dans le township de Sharpeville, en Afrique du Sud. Ces habitants protestaient contre la loi obligeant les populations noires \u00e0 porter en permanence un passeport int\u00e9rieur, symbole du syst\u00e8me s\u00e9gr\u00e9gationniste alors en vigueur. Selon les bilans \u00e9tablis \u00e0 l&rsquo;\u00e9poque, au moins 69 personnes avaient perdu la vie ce jour-l\u00e0, un chiffre que des chercheurs estiment aujourd&rsquo;hui encore plus \u00e9lev\u00e9. <br \/>Ce massacre est rest\u00e9 grav\u00e9 dans l&rsquo;histoire du pays comme l&rsquo;un des \u00e9pisodes les plus sombres de la r\u00e9pression men\u00e9e contre les opposants \u00e0 l&rsquo;apartheid. Il avait d&rsquo;ailleurs suscit\u00e9 une vague d&rsquo;indignation internationale et contribu\u00e9 \u00e0 isoler davantage le r\u00e9gime sud-africain sur la sc\u00e8ne mondiale. <br \/>Une action en justice tardive    Selon RFI, 66 ans apr\u00e8s les faits, un petit groupe d&rsquo;anciens manifestants ou de leurs proches a d\u00e9cid\u00e9 de se tourner vers la justice sud-africaine. Leur objectif est d&rsquo;obtenir une reconnaissance officielle des pr\u00e9judices subis ainsi qu&rsquo;une r\u00e9paration, malgr\u00e9 le temps \u00e9coul\u00e9 depuis le drame. <br \/>Cette d\u00e9marche judiciaire intervient alors que de nombreuses familles de victimes affirment avoir attendu pendant des d\u00e9cennies une prise en charge ad\u00e9quate de la part des autorit\u00e9s, que ce soit sur le plan mat\u00e9riel, psychologique ou symbolique. <br \/>Un contentieux m\u00e9moriel encore vif    Le massacre de Sharpeville occupe une place particuli\u00e8re dans la m\u00e9moire collective sud-africaine. Il est notamment comm\u00e9mor\u00e9 chaque 21 mars, date devenue depuis la fin de l&rsquo;apartheid la Journ\u00e9e des droits de l&rsquo;homme en Afrique du Sud. <br \/>Pour les plaignants cit\u00e9s par RFI, cette proc\u00e9dure judiciaire vise \u00e0 mettre en lumi\u00e8re les responsabilit\u00e9s de l&rsquo;\u00c9tat dans la r\u00e9pression de 1960 et \u00e0 rappeler que les souffrances endur\u00e9es par les familles des victimes n&rsquo;ont, selon elles, jamais \u00e9t\u00e9 pleinement reconnues ni r\u00e9par\u00e9es. <br \/>L&rsquo;issue de cette action en justice pourrait avoir une port\u00e9e symbolique importante, plusieurs d\u00e9cennies apr\u00e8s la chute du r\u00e9gime de l&rsquo;apartheid, alors que la question des r\u00e9parations li\u00e9es aux crimes commis durant cette p\u00e9riode continue de faire d\u00e9bat en Afrique du Sud. <\/p>\n","protected":false},"excerpt":{"rendered":"Le 21 mars 1960, la police du r\u00e9gime de l&rsquo;apartheid ouvrait le feu sur des manifestants pacifiques rassembl\u00e9s&hellip;\n","protected":false},"author":2,"featured_media":200914,"comment_status":"","ping_status":"","sticky":false,"template":"","format":"standard","meta":{"footnotes":"","_share_on_mastodon":"0"},"categories":[123],"tags":[140,4348,441,1221,61142],"class_list":["post-200913","post","type-post","status-publish","format-standard","has-post-thumbnail","category-afrique-du-sud","tag-afrique-du-sud","tag-apartheid","tag-justice","tag-massacre","tag-sharpeville"],"share_on_mastodon":{"url":"https:\/\/pubeurope.com\/@afrique\/117217560204143784","error":""},"_links":{"self":[{"href":"https:\/\/www.europesays.com\/afrique\/wp-json\/wp\/v2\/posts\/200913","targetHints":{"allow":["GET"]}}],"collection":[{"href":"https:\/\/www.europesays.com\/afrique\/wp-json\/wp\/v2\/posts"}],"about":[{"href":"https:\/\/www.europesays.com\/afrique\/wp-json\/wp\/v2\/types\/post"}],"author":[{"embeddable":true,"href":"https:\/\/www.europesays.com\/afrique\/wp-json\/wp\/v2\/users\/2"}],"replies":[{"embeddable":true,"href":"https:\/\/www.europesays.com\/afrique\/wp-json\/wp\/v2\/comments?post=200913"}],"version-history":[{"count":0,"href":"https:\/\/www.europesays.com\/afrique\/wp-json\/wp\/v2\/posts\/200913\/revisions"}],"wp:featuredmedia":[{"embeddable":true,"href":"https:\/\/www.europesays.com\/afrique\/wp-json\/wp\/v2\/media\/200914"}],"wp:attachment":[{"href":"https:\/\/www.europesays.com\/afrique\/wp-json\/wp\/v2\/media?parent=200913"}],"wp:term":[{"taxonomy":"category","embeddable":true,"href":"https:\/\/www.europesays.com\/afrique\/wp-json\/wp\/v2\/categories?post=200913"},{"taxonomy":"post_tag","embeddable":true,"href":"https:\/\/www.europesays.com\/afrique\/wp-json\/wp\/v2\/tags?post=200913"}],"curies":[{"name":"wp","href":"https:\/\/api.w.org\/{rel}","templated":true}]}}