{"id":200932,"date":"2026-09-05T09:11:59","date_gmt":"2026-09-05T09:11:59","guid":{"rendered":"https:\/\/www.europesays.com\/afrique\/200932\/"},"modified":"2026-09-05T09:11:59","modified_gmt":"2026-09-05T09:11:59","slug":"lalgerie-va-emprisonner-les-narcotrafiquants-dans-lun-des-pires-deserts-au-monde-2","status":"publish","type":"post","link":"https:\/\/www.europesays.com\/afrique\/200932\/","title":{"rendered":"L\u2019Alg\u00e9rie va emprisonner les narcotrafiquants dans l\u2019un des pires d\u00e9serts au monde"},"content":{"rendered":"<p class=\"mb-4 text-lg md:leading-8 break-words\">mesure radicale &#8211; Une prison de haute s\u00e9curit\u00e9 pour les barons de la drogue va \u00eatre cr\u00e9\u00e9e dans le d\u00e9sert du Tanezrouft consid\u00e9r\u00e9 comme l&rsquo;une des zones les plus recul\u00e9es et hostiles du Sahara<\/p>\n<p class=\"mb-4 text-lg md:leading-8 break-words\">C&rsquo;est une mesure radicale dans la lutte contre le trafic de drogue. L&rsquo;<a data-ylk=\"slk:Alg\u00e9rie;elm:context_link;itc:0;sec:content-canvas;\" data-yga=\"{&quot;yLinkElement&quot;:&quot;link&quot;,&quot;yLinkElementType&quot;:&quot;article_link&quot;}\" href=\"https:\/\/www.20minutes.fr\/dossier\/algerie?at_medium=RSS%20feed&amp;at_campaign=ynews&amp;utm_source=yahoo&amp;utm_medium=rss&amp;utm_campaign=news_feed&amp;utm_content=in_article_link\" rel=\"noopener noreferrer nofollow\" target=\"_blank\">Alg\u00e9rie<\/a> a d\u00e9cid\u00e9 d&rsquo;envoyer les narcotrafiquants dans l&rsquo;une des r\u00e9gions les plus inhospitali\u00e8res de la plan\u00e8te. Une caserne militaire situ\u00e9e dans le d\u00e9sert du Tanezrouft va pour cela \u00eatre transform\u00e9e en prison de haute s\u00e9curit\u00e9 destin\u00e9e aux narcotrafiquants, a annonc\u00e9 mercredi la pr\u00e9sidence alg\u00e9rienne.<\/p>\n<p class=\"mb-4 text-lg md:leading-8 break-words\">La d\u00e9cision a \u00e9t\u00e9 prise lors d&rsquo;une r\u00e9union du Haut Conseil de s\u00e9curit\u00e9 pr\u00e9sid\u00e9e par le chef de l&rsquo;Etat Abdelmadjid Tebboune. La future prison sera r\u00e9serv\u00e9e aux \u00ab\u00a0barons de la drogue et aux trafiquants\u00a0\u00bb, selon un communiqu\u00e9 de la pr\u00e9sidence, qui n&rsquo;a pas donn\u00e9 d&rsquo;autres d\u00e9tails.<\/p>\n<p>L&rsquo;exemple de la DEA<\/p>\n<p class=\"mb-4 text-lg md:leading-8 break-words\">Les autorit\u00e9s ont \u00e9galement d\u00e9cid\u00e9 de cr\u00e9er un organisme s\u00e9curitaire sp\u00e9cialis\u00e9 dans la lutte antidrogue, sur le mod\u00e8le d&rsquo;agences existant dans plusieurs pays, notamment la Drug Enforcement Administration (DEA) aux <a data-ylk=\"slk:Etats-Unis;elm:context_link;itc:0;sec:content-canvas;\" data-yga=\"{&quot;yLinkElement&quot;:&quot;link&quot;,&quot;yLinkElementType&quot;:&quot;article_link&quot;}\" href=\"https:\/\/www.20minutes.fr\/monde\/etats-unis\/?at_medium=RSS%20feed&amp;at_campaign=ynews&amp;utm_source=yahoo&amp;utm_medium=rss&amp;utm_campaign=news_feed&amp;utm_content=in_article_link\" rel=\"noopener noreferrer nofollow\" target=\"_blank\">Etats-Unis<\/a>.<\/p>\n<p class=\"mb-4 text-lg md:leading-8 break-words\">Cette annonce intervient alors que les autorit\u00e9s multiplient les mises en garde contre l&rsquo;essor du trafic de stup\u00e9fiants dans ce pays de pr\u00e8s de 46\u00a0millions d&rsquo;habitants, vaste territoire m\u00e9diterran\u00e9en disposant d&rsquo;environ 6.400 kilom\u00e8tres de fronti\u00e8res terrestres. Selon des chiffres attribu\u00e9s \u00e0 l&rsquo;Office national de lutte contre la drogue et la toxicomanie (ONLCDT), l&rsquo;Alg\u00e9rie comptait en\u00a02024 plus de trois millions de toxicomanes.<\/p>\n<p class=\"mb-4 text-lg md:leading-8 break-words\"><a data-ylk=\"slk:Nos articles sur l&#039;Alg\u00e9rie;elm:context_link;itc:0;sec:content-canvas;\" data-yga=\"{&quot;yLinkElement&quot;:&quot;link&quot;,&quot;yLinkElementType&quot;:&quot;article_link&quot;}\" href=\"https:\/\/www.20minutes.fr\/dossier\/algerie\" rel=\"noopener noreferrer nofollow\" target=\"_blank\">Nos articles sur l&rsquo;Alg\u00e9rie<\/a><\/p>\n<p class=\"mb-4 text-lg md:leading-8 break-words\">Situ\u00e9 dans l&rsquo;extr\u00eame sud-ouest alg\u00e9rien, \u00e0 la fronti\u00e8re du Mali, le Tanezrouft est un d\u00e9sert quasi inhabit\u00e9 o\u00f9 les temp\u00e9ratures peuvent d\u00e9passer 50\u00a0\u00b0C en \u00e9t\u00e9. Surnomm\u00e9(&#8230;)<\/p>\n<p class=\"mb-4 text-lg md:leading-8 break-words\"><a data-ylk=\"slk:Lire la suite sur 20minutes;elm:context_link;itc:0;sec:content-canvas;\" data-yga=\"{&quot;yLinkElement&quot;:&quot;link&quot;,&quot;yLinkElementType&quot;:&quot;article_link&quot;}\" href=\"https:\/\/www.20minutes.fr\/monde\/4242466-20260903-algerie-va-emprisonner-narcotrafiquants-pires-deserts-monde?at_medium=RSS%20feed&amp;at_campaign=ynews&amp;utm_source=yahoo&amp;utm_medium=rss&amp;utm_campaign=news_feed&amp;utm_content=read_more_link&quot;\" rel=\"noopener noreferrer nofollow\" target=\"_blank\">Lire la suite sur 20minutes<\/a><\/p>\n<p>\u00c0 lire aussi :<br \/><a data-ylk=\"slk:DZ Mafia\u00a0: Les deux narcotrafiquants interpell\u00e9s en Alg\u00e9rie y ont \u00e9t\u00e9 \u00e9crou\u00e9s, annonce G\u00e9rald Darmanin;elm:context_link;itc:0;sec:content-canvas;\" data-yga=\"{&quot;yLinkElement&quot;:&quot;link&quot;,&quot;yLinkElementType&quot;:&quot;article_link&quot;}\" href=\"https:\/\/www.20minutes.fr\/justice\/4238585-20260810-dz-mafia-deux-narcotrafiquants-interpelles-algerie-ecroues-annonce-darmanin?at_medium=RSS%20feed&amp;at_campaign=ynews&amp;utm_source=yahoo&amp;utm_medium=rss&amp;utm_campaign=news_feed&amp;utm_content=related_content_link\" rel=\"noopener noreferrer nofollow\" target=\"_blank\">DZ Mafia\u00a0: Les deux narcotrafiquants interpell\u00e9s en Alg\u00e9rie y ont \u00e9t\u00e9 \u00e9crou\u00e9s, annonce G\u00e9rald Darmanin<\/a><br \/><a data-ylk=\"slk:Pays-Bas\u00a0: Une fusillade fait un mort, 34 arrestations dont des Fran\u00e7ais;elm:context_link;itc:0;sec:content-canvas;\" data-yga=\"{&quot;yLinkElement&quot;:&quot;link&quot;,&quot;yLinkElementType&quot;:&quot;article_link&quot;}\" href=\"https:\/\/www.20minutes.fr\/monde\/4242256-20260902-pays-bas-fusillade-fait-mort-34-arrestations-dont-francais?at_medium=RSS%20feed&amp;at_campaign=ynews&amp;utm_source=yahoo&amp;utm_medium=rss&amp;utm_campaign=news_feed&amp;utm_content=related_content_link\" rel=\"noopener noreferrer nofollow\" target=\"_blank\">Pays-Bas\u00a0: Une fusillade fait un mort, 34 arrestations dont des Fran\u00e7ais<\/a><\/p>\n","protected":false},"excerpt":{"rendered":"mesure radicale &#8211; Une prison de haute s\u00e9curit\u00e9 pour les barons de la drogue va \u00eatre cr\u00e9\u00e9e dans&hellip;\n","protected":false},"author":2,"featured_media":200933,"comment_status":"","ping_status":"","sticky":false,"template":"","format":"standard","meta":{"footnotes":"","_share_on_mastodon":"0"},"categories":[85],"tags":[35450,116,61160,61158,61157,193,7479,61156,61159,61155,61161,61163,61162,53858,61154,49103,8101,24019],"class_list":["post-200932","post","type-post","status-publish","format-standard","has-post-thumbnail","category-algerie","tag-nos","tag-algerie","tag-c-en-ete","tag-dune-reunion-du-haut-conseil-de","tag-dea","tag-etats-unis","tag-gerald-darmanin","tag-lune-des-zones-les","tag-mercredi-la","tag-mesure-radicale-une","tag-national-de-lutte-contre-la-drogue-et-la","tag-notamment-la-drug-enforcement-administration","tag-onlcdt","tag-presidence-algerienne","tag-securite-pour-les-barons-de-la","tag-situe","tag-trafic-de-drogue","tag-trafiquants"],"share_on_mastodon":{"url":"https:\/\/pubeurope.com\/@afrique\/117217666425676625","error":""},"_links":{"self":[{"href":"https:\/\/www.europesays.com\/afrique\/wp-json\/wp\/v2\/posts\/200932","targetHints":{"allow":["GET"]}}],"collection":[{"href":"https:\/\/www.europesays.com\/afrique\/wp-json\/wp\/v2\/posts"}],"about":[{"href":"https:\/\/www.europesays.com\/afrique\/wp-json\/wp\/v2\/types\/post"}],"author":[{"embeddable":true,"href":"https:\/\/www.europesays.com\/afrique\/wp-json\/wp\/v2\/users\/2"}],"replies":[{"embeddable":true,"href":"https:\/\/www.europesays.com\/afrique\/wp-json\/wp\/v2\/comments?post=200932"}],"version-history":[{"count":0,"href":"https:\/\/www.europesays.com\/afrique\/wp-json\/wp\/v2\/posts\/200932\/revisions"}],"wp:featuredmedia":[{"embeddable":true,"href":"https:\/\/www.europesays.com\/afrique\/wp-json\/wp\/v2\/media\/200933"}],"wp:attachment":[{"href":"https:\/\/www.europesays.com\/afrique\/wp-json\/wp\/v2\/media?parent=200932"}],"wp:term":[{"taxonomy":"category","embeddable":true,"href":"https:\/\/www.europesays.com\/afrique\/wp-json\/wp\/v2\/categories?post=200932"},{"taxonomy":"post_tag","embeddable":true,"href":"https:\/\/www.europesays.com\/afrique\/wp-json\/wp\/v2\/tags?post=200932"}],"curies":[{"name":"wp","href":"https:\/\/api.w.org\/{rel}","templated":true}]}}