{"id":200936,"date":"2026-09-05T09:14:25","date_gmt":"2026-09-05T09:14:25","guid":{"rendered":"https:\/\/www.europesays.com\/afrique\/200936\/"},"modified":"2026-09-05T09:14:25","modified_gmt":"2026-09-05T09:14:25","slug":"elections-2026-les-piques-de-fatima-ezzahra-el-mansouri","status":"publish","type":"post","link":"https:\/\/www.europesays.com\/afrique\/200936\/","title":{"rendered":"\u00c9lections 2026 : les piques de Fatima Ezzahra El Mansouri"},"content":{"rendered":"<p>                    Le ton a \u00e9t\u00e9 donn\u00e9 d\u00e8s les premi\u00e8res r\u00e9ponses. Fatima Ezzahra El Mansouri ne veut pas d&rsquo;une participation d&rsquo;appoint. \u00abSi nous ne dirigeons pas le gouvernement, nous ne nous contenterons des secteurs minist\u00e9riels strat\u00e9giques\u00bb, a-t-elle d\u00e9clar\u00e9 en substance, estimant que dans la prochaine \u00e9tape, le pays avait besoin de convergence dans l\u2019action et la planification. Plus encore, la coordinatrice nationale de la direction coll\u00e9giale du secr\u00e9tariat g\u00e9n\u00e9ral du Parti authenticit\u00e9 et modernit\u00e9 (PAM) a r\u00e9affirm\u00e9 qu&rsquo;elle ne serait pas concern\u00e9e par un gouvernement dirig\u00e9 par le Rassemblement national des ind\u00e9pendants (RNI), tout en rappelant que cette position n&rsquo;engageait qu&rsquo;elle. La d\u00e9cision revient au conseil national, seule instance habilit\u00e9e \u00e0 trancher, comme en 2021, a-t-elle pr\u00e9cis\u00e9.<\/p>\n<p>Invit\u00e9e d\u2019une rencontre-d\u00e9bat organis\u00e9e par la Fondation Lafqui Titouani, Mme El Mansouri a soulign\u00e9 par ailleurs qu\u2019il \u00e9tait pr\u00e9matur\u00e9 de parler d&rsquo;alliances avant la proclamation des r\u00e9sultats. Cela revient selon elle a \u00abtirer des plans sur la com\u00e8te\u00bb. Dans le m\u00eame ordre d\u2019id\u00e9es, elle a pr\u00e9cis\u00e9 : \u00abNous n&rsquo;avons pas de lignes rouges \u00e0 l&rsquo;\u00e9gard des partis, mais nous avons des sujets qui le sont\u00bb. Elle a cit\u00e9 \u00e0 titre d\u2019exemple les questions de la femme et des libert\u00e9s.&#13;<\/p>\n<p>Un bilan gouvernemental revendiqu\u00e9 et nuanc\u00e9<\/p>\n<p>S\u2019agissant du bilan de la participation du PAM \u00e0 la majorit\u00e9 sortante, Mme El Mansouri dit que son parti assume le positif comme le n\u00e9gatif de l\u2019exp\u00e9rience gouvernementale, mettant au cr\u00e9dit de son parti le redressement de la croissance, le reflux de l&rsquo;inflation et la r\u00e9duction du d\u00e9ficit, avant de reconna\u00eetre que les r\u00e9sultats attendus dans l&rsquo;habitat rural n&rsquo;ont pas \u00e9t\u00e9 atteints. Et comme pour justifier cette position, la responsable gouvernementale a tenu \u00e0 clarifier un point : au sein de la majorit\u00e9, l&rsquo;accord porte sur le principe politique, tandis que la gestion demeure sectorielle. Une mani\u00e8re de marquer une distance entre le PAM et des remous occasionn\u00e9s par la gestion de certains dossiers sulfureux comme celui relatif \u00e0 la reconstruction du cheptel national. Selon elle, concernant ce dossier, le principe a fait l&rsquo;objet d&rsquo;un accord unanime, mais sa mise en \u0153uvre relevait du ministre de l&rsquo;Agriculture. Les donn\u00e9es pr\u00e9sent\u00e9es au Conseil du gouvernement \u00e9taient toutes au vert, a-t-elle relev\u00e9, pour justifier la signature par son parti, avec l&rsquo;Istiqlal, de la demande de commission d&rsquo;enqu\u00eate, pr\u00e9sent\u00e9e comme un instrument de transparence et non comme un acte d&rsquo;opposition.<\/p>\n<p>Sans aller jusqu\u2019\u00e0 s\u2019affranchir de la solidarit\u00e9 entre les composantes de la majorit\u00e9, la ministre a cit\u00e9 l&rsquo;aide au logement, qui a permis \u00e0 plus de 120.000 familles de b\u00e9n\u00e9ficier du dispositif, pr\u00e9cisant n&rsquo;avoir sign\u00e9 aucune convention de gr\u00e9 \u00e0 gr\u00e9 avec des op\u00e9rateurs proches du parti. Mme Mansouri a enfonc\u00e9 le clou en affirmant que les divergences au sein de la coalition existaient depuis le premier jour, comme l\u2019illustre le programme Forsa qui a fait l\u2019objet de d\u00e9saccords sur le minist\u00e8re qui devait en assurer l\u2019accompagnement. \u00abEn principe, ce programme devait relever du minist\u00e8re de l\u2019Emploi (dirig\u00e9 par Younes Sekkouri du PAM, NDLR), alors que le Chef de la majorit\u00e9 a d\u00e9cid\u00e9 d\u2019en confier la gestion au minist\u00e8re du Tourisme (dirig\u00e9 par Fatima Zahra Ammor du RNI, NDLR).<\/p>\n<p>Des ralliements et une direction coll\u00e9giale assum\u00e9es<\/p>\n<p>Le ralliement de Fouzi Lekja\u00e2 au PAM s\u2019est invit\u00e9 par la force des choses au d\u00e9bat. Mais Mme El Mansouri y voit la cons\u00e9quence logique d\u2019une politique d&rsquo;ouverture aux comp\u00e9tences. Selon elle, ce ralliement ne rel\u00e8ve pas de la transhumance partisane, \u00abcar la loi est claire puisqu\u2019elle interdit cette pratique en cours de mandature. Ce qui n\u2019est pas le cas\u00bb. Par la m\u00eame occasion, elle n\u2019a pas manqu\u00e9 de rappeler que le ministre d\u00e9l\u00e9gu\u00e9 charg\u00e9 du Budget ayant rejoint le bureau politique avait renonc\u00e9 \u00e0 se porter candidats aux prochaines l\u00e9gislatives, pr\u00e9f\u00e9rant soutenir le secr\u00e9taire r\u00e9gional Ibrahimi \u00e0 Berkane, pr\u00e9cisant que le programme \u00e9lectoral du parti \u00e9tait \u00e9labor\u00e9 bien avant son arriv\u00e9e. Elle a reconnu que M. Lekja\u00e2 \u00aby a corrig\u00e9 certains chiffres\u00bb.<\/p>\n<p>Un programme pr\u00e9sent\u00e9 comme un contrat de cinq ans<\/p>\n<p>Revenant sur le programme \u00e9lectoral, d\u00e9voil\u00e9 mardi dernier, elle a rappel\u00e9 qu\u2019il reposait sur cinq piliers consacr\u00e9s au pouvoir d&rsquo;achat, \u00e0 l&rsquo;insertion des jeunes, \u00e0 la citoyennet\u00e9, \u00e0 la croissance et \u00e0 la souverainet\u00e9 strat\u00e9gique, d\u00e9clin\u00e9s en vingt engagements. Elle a ajout\u00e9 que plus de deux mois de simulations financi\u00e8res ont pr\u00e9c\u00e9d\u00e9 la publication des chiffres, pr\u00e9cisant qu\u2019il s\u2019agissait d\u2019un engagement soumis \u00e0 la reddition des comptes.<\/p>\n<p>Interpell\u00e9e sur la soutenabilit\u00e9 de l\u2019effort financier n\u00e9cessaire pour le d\u00e9ploiement du programme du PAM (\u00e9valu\u00e9 \u00e0 350 milliards de dirhams), Mme Mansouri s\u2019est montr\u00e9e rassurante, soulignant que les recettes seraient g\u00e9n\u00e9r\u00e9es par la dynamique \u00e9conomique attendue, par la cr\u00e9ation d&rsquo;entreprises, par les chantiers de l&rsquo;habitat et de l&rsquo;investissement ainsi que par l&rsquo;\u00e9largissement de l&rsquo;assiette fiscale. \u00abUne meilleure gouvernance doit d\u00e9gager des recettes suppl\u00e9mentaires, comme celles qui ont financ\u00e9 le dialogue social et l&rsquo;assurance maladie\u00bb. Pour ce qui est de l\u2019\u00e9pineuse question des prix des carburants, Mme El Mansouri a affirm\u00e9 que le PAM \u00e9cartait le principe du plafonnement et qu\u2019il proposait en revanche de r\u00e9viser le d\u00e9cret encadrant la distribution pour cr\u00e9er une concurrence r\u00e9elle, assortie d&rsquo;un encadrement des marges.<\/p>\n<p>La jeunesse, le s\u00e9isme et la d\u00e9fense de Ouahbi<\/p>\n<p>Pour Mme El Mansouri, l\u2019emploi des jeunes figure au c\u0153ur du programme de son parti. Elle leur promet un parcours d&rsquo;insertion, avec la mise en formation de 500.000 jeunes d\u00e8s la premi\u00e8re semaine du prochain gouvernement et l&rsquo;accompagnement de 60.000 porteurs de projets sur deux ans, financement et garanties compris. Au passage, elle a critiqu\u00e9 la logique consistant \u00e0 octroyer des fonds sans suivi, en r\u00e9f\u00e9rence au programme \u00abForsa\u00bb, g\u00e9r\u00e9 par une ministre RNI. \u00c9voquant la reconstruction des zones sinistr\u00e9es par le s\u00e9isme d&rsquo;Al Haouz, la ministre a fait \u00e9tat de 57.000 autorisations et de 54.000 familles ayant r\u00e9int\u00e9gr\u00e9 leur logement. Restent environ trois mille cas, li\u00e9es soit \u00e0 l&rsquo;impossibilit\u00e9 de reb\u00e2tir sur place, soit \u00e0 des probl\u00e8mes successoraux.<\/p>\n<p>Concernant la controverse relative au projet de loi sur la profession d\u2019avocat, Mme El Mansouri a pris la d\u00e9fense de son coll\u00e8gue Abdellatif Ouahbi dans son bras de fer avec l\u2019Association des Barreaux du Maroc. Selon elle, le texte controvers\u00e9 a suivi un parcours l\u00e9gislatif complet, avec des dizaines de r\u00e9unions avec les instances professionnelles avant d\u2019atterrir \u00e0 la Cour constitutionnelle. Et d\u2019ajouter dans ce sens que cette loi tant d\u00e9cri\u00e9e \u00abn&rsquo;est pas un texte sacr\u00e9\u00bb, et qu\u2019elle pourrait \u00eatre r\u00e9vis\u00e9e apr\u00e8s une phase d&rsquo;application. \u00c0 cet \u00e9gard, elle a exhort\u00e9 les avocats \u00e0 reprendre leur travail et \u00e0 prendre en compte les int\u00e9r\u00eats des justiciables, \u00absachant que le droit \u00e0 la gr\u00e8ve ne peut \u00eatre remis en question\u00bb, a-t-elle pr\u00e9cis\u00e9.<\/p>\n","protected":false},"excerpt":{"rendered":"Le ton a \u00e9t\u00e9 donn\u00e9 d\u00e8s les premi\u00e8res r\u00e9ponses. Fatima Ezzahra El Mansouri ne veut pas d&rsquo;une participation&hellip;\n","protected":false},"author":2,"featured_media":200937,"comment_status":"","ping_status":"","sticky":false,"template":"","format":"standard","meta":{"footnotes":"","_share_on_mastodon":"0"},"categories":[83],"tags":[61166,86],"class_list":["post-200936","post","type-post","status-publish","format-standard","has-post-thumbnail","category-maroc","tag-elections-2026-maroc-pam-fatima-ezzahra-el-mansouri","tag-maroc"],"share_on_mastodon":{"url":"https:\/\/pubeurope.com\/@afrique\/117217674012779680","error":""},"_links":{"self":[{"href":"https:\/\/www.europesays.com\/afrique\/wp-json\/wp\/v2\/posts\/200936","targetHints":{"allow":["GET"]}}],"collection":[{"href":"https:\/\/www.europesays.com\/afrique\/wp-json\/wp\/v2\/posts"}],"about":[{"href":"https:\/\/www.europesays.com\/afrique\/wp-json\/wp\/v2\/types\/post"}],"author":[{"embeddable":true,"href":"https:\/\/www.europesays.com\/afrique\/wp-json\/wp\/v2\/users\/2"}],"replies":[{"embeddable":true,"href":"https:\/\/www.europesays.com\/afrique\/wp-json\/wp\/v2\/comments?post=200936"}],"version-history":[{"count":0,"href":"https:\/\/www.europesays.com\/afrique\/wp-json\/wp\/v2\/posts\/200936\/revisions"}],"wp:featuredmedia":[{"embeddable":true,"href":"https:\/\/www.europesays.com\/afrique\/wp-json\/wp\/v2\/media\/200937"}],"wp:attachment":[{"href":"https:\/\/www.europesays.com\/afrique\/wp-json\/wp\/v2\/media?parent=200936"}],"wp:term":[{"taxonomy":"category","embeddable":true,"href":"https:\/\/www.europesays.com\/afrique\/wp-json\/wp\/v2\/categories?post=200936"},{"taxonomy":"post_tag","embeddable":true,"href":"https:\/\/www.europesays.com\/afrique\/wp-json\/wp\/v2\/tags?post=200936"}],"curies":[{"name":"wp","href":"https:\/\/api.w.org\/{rel}","templated":true}]}}