{"id":201019,"date":"2026-09-05T11:52:11","date_gmt":"2026-09-05T11:52:11","guid":{"rendered":"https:\/\/www.europesays.com\/afrique\/201019\/"},"modified":"2026-09-05T11:52:11","modified_gmt":"2026-09-05T11:52:11","slug":"les-emirats-arabes-unis-au-secours-de-lancien-oligarque-algerien-ayoub-aissiou","status":"publish","type":"post","link":"https:\/\/www.europesays.com\/afrique\/201019\/","title":{"rendered":"Les \u00c9mirats arabes unis au secours de l\u2019ancien oligarque alg\u00e9rien Ayoub Aissiou"},"content":{"rendered":"<p>Apr\u00e8s les pro-Isra\u00ebl en France, c\u2019est au tour des \u00c9mirats arabes unis de mobiliser ses relais pour tenter de voler au secours de l\u2019ex-homme d\u2019affaires alg\u00e9rien<a href=\"https:\/\/www.tsa-algerie.com\/recherche-par-lalgerie-ayoub-aissiou-arrete-en-espagne\/\" target=\"_blank\" rel=\"noopener nofollow\"> Ayoub Aissiou<\/a> en fuite \u00e0 l\u2019\u00e9tranger.<\/p>\n<p>Selon nos informations, Abu Dhabi a actionn\u00e9 un homme d\u2019affaires pour porter son secours \u00e0 l\u2019ancien oligarque alg\u00e9rien qui fait l\u2019objet d\u2019un mandat d\u2019arr\u00eat international apr\u00e8s avoir \u00e9t\u00e9 condamn\u00e9 par la justice alg\u00e9rienne \u00e0 de lourdes peines de prison dans des affaires de corruption.<\/p>\n<p class=\"a-lire-box\" style=\"&#13;&#10;                    margin:20px 0;&#13;&#10;                    padding:12px 0;&#13;&#10;                    border-top:1px solid #ddd;&#13;&#10;                    border-bottom:1px solid #ddd;&#13;&#10;                    line-height:1.8;&#13;&#10;                 \">&#13;<br \/>\n                    A lire aussi :&#13;<br \/>\n                    <a href=\"https:\/\/www.tsa-algerie.com\/inscription-a-la-vaccination-anti-covid-prenez-rendez-vous-en-ligne\/\" class=\"a-lire-link\" style=\"color:#000;text-decoration:none;font-weight:600;\" rel=\"nofollow noopener\" target=\"_blank\">&#13;<br \/>\n                        Inscription \u00e0 la vaccination anti-Covid : prenez rendez-vous en ligne&#13;<br \/>\n                    <\/a>&#13;\n                <\/p>\n<p>\u00ab Les \u00c9mirats, par l\u2019interm\u00e9diaire d\u2019un de leurs hommes d\u2019affaires, Bentaaloub Nassir, s\u2019agitent en Espagne pour venir au secours du fugitif, <a href=\"https:\/\/www.tsa-algerie.com\/grosse-arnaque-immobiliere-en-algerie-173-milliards-echanges-au-square\/\" target=\"_blank\" rel=\"noopener nofollow\">Ayoub Aissiou<\/a>, qui a dilapid\u00e9 le tr\u00e9sor public alg\u00e9rien et spoli\u00e9 d\u2019honn\u00eates citoyens dans des projets immobiliers fictifs \u00bb, expliquent nos sources.<\/p>\n<p class=\"a-lire-box\" style=\"&#13;&#10;                    margin:20px 0;&#13;&#10;                    padding:12px 0;&#13;&#10;                    border-top:1px solid #ddd;&#13;&#10;                    border-bottom:1px solid #ddd;&#13;&#10;                    line-height:1.8;&#13;&#10;                 \">&#13;<br \/>\n                    A lire aussi :&#13;<br \/>\n                    <a href=\"https:\/\/www.tsa-algerie.com\/algerie-revelations-glacantes-sur-le-drame-du-bus-de-oued-el-harrach\/\" class=\"a-lire-link\" style=\"color:#000;text-decoration:none;font-weight:600;\" rel=\"nofollow noopener\" target=\"_blank\">&#13;<br \/>\n                        Alg\u00e9rie : r\u00e9v\u00e9lations gla\u00e7antes sur le drame du bus de Oued El Harrach&#13;<br \/>\n                    <\/a>&#13;\n                <\/p>\n<p>Implication des \u00c9mirats dans l\u2019affaire Ayoub Aissiou : \u00ab Ce serait un acte tr\u00e8s hostile \u00bb<\/p>\n<p>\u00ab Cet homme d\u2019affaires missionn\u00e9 par Duba\u00ef aurait fait un forcing pour emp\u00eacher l\u2019extradition de Ayoub Aissiou, objet d\u2019un mandat d\u2019arr\u00eat international \u00e9mis par la justice alg\u00e9rienne \u00bb, ajoutent nos sources qui mettent en garde contre de probables repr\u00e9sailles des autorit\u00e9s alg\u00e9riennes contre les \u00c9mirats arabes unis. \u00ab Ce serait un acte tr\u00e8s hostile commis par l\u2019\u00e9mirat du mal envers l\u2019Alg\u00e9rie, qui ne saurait rester sans suite \u00bb.<\/p>\n<p>Arr\u00eat\u00e9 en Espagne fin juillet dernier apr\u00e8s son atterrissage en provenance du Maroc, Ayoub Aissiou a \u00e9t\u00e9 finalement rel\u00e2ch\u00e9. Le 21 ao\u00fbt, un collectif de personnalit\u00e9s fran\u00e7aises proches de l\u2019extr\u00eame droite et d\u2019Isra\u00ebl a lanc\u00e9 une p\u00e9tition pour appeler Paris et Madrid \u00e0 ne pas extrader cet homme d\u2019affaires qui a fait fortune dans l\u2019immobilier durant les derni\u00e8res ann\u00e9es du r\u00e8gne chaotique du pr\u00e9sident Abdelaziz Bouteflika. \u00c0 Alger, il s\u2019est constitu\u00e9 un v\u00e9ritable empire immobilier.<\/p>\n<p class=\"a-lire-box\" style=\"&#13;&#10;                    margin:20px 0;&#13;&#10;                    padding:12px 0;&#13;&#10;                    border-top:1px solid #ddd;&#13;&#10;                    border-bottom:1px solid #ddd;&#13;&#10;                    line-height:1.8;&#13;&#10;                 \">&#13;<br \/>\n                    A lire aussi :&#13;<br \/>\n                    <a href=\"https:\/\/www.tsa-algerie.com\/caricatures-de-chirac-a-macron-comment-la-position-de-la-france-a-evolue\/\" class=\"a-lire-link\" style=\"color:#000;text-decoration:none;font-weight:600;\" rel=\"nofollow noopener\" target=\"_blank\">&#13;<br \/>\n                        Caricatures\u00a0: de Chirac \u00e0 Macron, comment la position de la France a \u00e9volu\u00e9&#13;<br \/>\n                    <\/a>&#13;\n                <\/p>\n<p>L\u2019Alg\u00e9rie a accus\u00e9 \u00e0 maintes reprises les \u00c9mirats arabes unis de pratiquer une politique hostile \u00e0 ses int\u00e9r\u00eats et de tentative d\u2019ing\u00e9rence dans les \u00e9lections pr\u00e9sidentielles de 2019. Les deux pays sont au bord de la rupture de leurs relations diplomatiques. Si l\u2019implication d\u2019Abou Dhabi dans l\u2019affaire Aissiou est confirm\u00e9e, \u00e7a sera consid\u00e9r\u00e9 par Alger comme un casus belli.<\/p>\n","protected":false},"excerpt":{"rendered":"Apr\u00e8s les pro-Isra\u00ebl en France, c\u2019est au tour des \u00c9mirats arabes unis de mobiliser ses relais pour tenter&hellip;\n","protected":false},"author":2,"featured_media":201020,"comment_status":"","ping_status":"","sticky":false,"template":"","format":"standard","meta":{"footnotes":"","_share_on_mastodon":"0"},"categories":[85],"tags":[116,57613,4176],"class_list":["post-201019","post","type-post","status-publish","format-standard","has-post-thumbnail","category-algerie","tag-algerie","tag-ayoub-aissiou","tag-emirats"],"share_on_mastodon":{"url":"https:\/\/pubeurope.com\/@afrique\/117218295395211298","error":""},"_links":{"self":[{"href":"https:\/\/www.europesays.com\/afrique\/wp-json\/wp\/v2\/posts\/201019","targetHints":{"allow":["GET"]}}],"collection":[{"href":"https:\/\/www.europesays.com\/afrique\/wp-json\/wp\/v2\/posts"}],"about":[{"href":"https:\/\/www.europesays.com\/afrique\/wp-json\/wp\/v2\/types\/post"}],"author":[{"embeddable":true,"href":"https:\/\/www.europesays.com\/afrique\/wp-json\/wp\/v2\/users\/2"}],"replies":[{"embeddable":true,"href":"https:\/\/www.europesays.com\/afrique\/wp-json\/wp\/v2\/comments?post=201019"}],"version-history":[{"count":0,"href":"https:\/\/www.europesays.com\/afrique\/wp-json\/wp\/v2\/posts\/201019\/revisions"}],"wp:featuredmedia":[{"embeddable":true,"href":"https:\/\/www.europesays.com\/afrique\/wp-json\/wp\/v2\/media\/201020"}],"wp:attachment":[{"href":"https:\/\/www.europesays.com\/afrique\/wp-json\/wp\/v2\/media?parent=201019"}],"wp:term":[{"taxonomy":"category","embeddable":true,"href":"https:\/\/www.europesays.com\/afrique\/wp-json\/wp\/v2\/categories?post=201019"},{"taxonomy":"post_tag","embeddable":true,"href":"https:\/\/www.europesays.com\/afrique\/wp-json\/wp\/v2\/tags?post=201019"}],"curies":[{"name":"wp","href":"https:\/\/api.w.org\/{rel}","templated":true}]}}