{"id":201045,"date":"2026-09-05T12:37:42","date_gmt":"2026-09-05T12:37:42","guid":{"rendered":"https:\/\/www.europesays.com\/afrique\/201045\/"},"modified":"2026-09-05T12:37:42","modified_gmt":"2026-09-05T12:37:42","slug":"justice-me-moussa-sarr-echange-avec-la-lsdh-sur-la-protection-des-personnes-vulnerables","status":"publish","type":"post","link":"https:\/\/www.europesays.com\/afrique\/201045\/","title":{"rendered":"Justice : Me Moussa Sarr \u00e9change avec la LSDH sur la protection des personnes vuln\u00e9rables"},"content":{"rendered":"<p>\t\t\t\t\t La LSDH pr\u00e9sente ses priorit\u00e9s&#13;\t\t\t\t\t <br \/>Au cours de la rencontre, la d\u00e9l\u00e9gation de la Ligue s\u00e9n\u00e9galaise des droits humains a pr\u00e9sent\u00e9 au Garde des Sceaux les principales orientations de son action pour les quatre prochaines ann\u00e9es.<\/p>\n<p>L\u2019organisation pr\u00e9voit notamment de renforcer les programmes de formation destin\u00e9s aux femmes, aux enfants et aux personnes en situation de handicap, tout en poursuivant ses actions de plaidoyer en faveur du respect des droits fondamentaux.&#13;\t\t\t\t\t <\/p>\n<p>La LSDH a \u00e9galement fait part de sa volont\u00e9 de contribuer \u00e0 la r\u00e9ussite des Jeux olympiques de la jeunesse Dakar 2026, consid\u00e9r\u00e9s comme un \u00e9v\u00e9nement majeur pour le S\u00e9n\u00e9gal.&#13;\t\t\t\t\t <\/p>\n<p>Les engagements internationaux au c\u0153ur des discussions&#13;\t\t\t\t\t <br \/>&#13;\t\t\t\t\t <br \/>Les \u00e9changes ont \u00e9galement port\u00e9 sur l\u2019application, par les juridictions s\u00e9n\u00e9galaises, des conventions internationales ratifi\u00e9es par l\u2019\u00c9tat ainsi que des d\u00e9cisions rendues par les juridictions communautaires.&#13;\t\t\t\t\t <\/p>\n<p>La Ligue a par ailleurs expos\u00e9 au ministre certaines difficult\u00e9s auxquelles elle fait face dans le cadre de son fonctionnement.&#13;\t\t\t\t\t <\/p>\n<p>Me Moussa Sarr r\u00e9affirme l\u2019engagement de l\u2019\u00c9tat&#13;\t\t\t\t\t <br \/>&#13;\t\t\t\t\t <br \/>Prenant la parole, le Garde des Sceaux a r\u00e9affirm\u00e9 l\u2019attachement du S\u00e9n\u00e9gal au respect de ses engagements internationaux.&#13;\t\t\t\t\t <\/p>\n<p>Me Moussa Sarr a \u00e9galement salu\u00e9 le r\u00f4le des organisations de d\u00e9fense des droits humains, qu\u2019il consid\u00e8re comme des partenaires importants de l\u2019action publique.&#13;\t\t\t\t\t <\/p>\n<p>Le ministre s\u2019est dit dispos\u00e9 \u00e0 examiner les difficult\u00e9s soulev\u00e9es par la LSDH afin d\u2019identifier des solutions adapt\u00e9es.&#13;\t\t\t\t\t <\/p>\n<p>Sur la question des droits \u00e9conomiques et sociaux, Me Moussa Sarr a invit\u00e9 la Ligue \u00e0 formuler des propositions concr\u00e8tes susceptibles d\u2019am\u00e9liorer la situation des populations vuln\u00e9rables.&#13;\t\t\t\t\t <\/p>\n<p>Cette rencontre traduit ainsi la volont\u00e9 affich\u00e9e des deux parties de renforcer le dialogue entre les institutions judiciaires et les organisations de d\u00e9fense des droits humains.&#13;\t\t\t\t\t <\/p>\n","protected":false},"excerpt":{"rendered":"La LSDH pr\u00e9sente ses priorit\u00e9s&#13; Au cours de la rencontre, la d\u00e9l\u00e9gation de la Ligue s\u00e9n\u00e9galaise des droits&hellip;\n","protected":false},"author":2,"featured_media":201046,"comment_status":"","ping_status":"","sticky":false,"template":"","format":"standard","meta":{"footnotes":"","_share_on_mastodon":"0"},"categories":[84],"tags":[20765,48789,3176,20769,441,61202,46654,23959,11,6611],"class_list":["post-201045","post","type-post","status-publish","format-standard","has-post-thumbnail","category-senegal","tag-dakar-2026","tag-droits-fondamentaux","tag-droits-humains","tag-joj-dakar-2026","tag-justice","tag-lsdh","tag-moussa-sarr","tag-personnes-vulnerables","tag-senegal","tag-societe-civile"],"share_on_mastodon":{"url":"https:\/\/pubeurope.com\/@afrique\/117218472555987781","error":""},"_links":{"self":[{"href":"https:\/\/www.europesays.com\/afrique\/wp-json\/wp\/v2\/posts\/201045","targetHints":{"allow":["GET"]}}],"collection":[{"href":"https:\/\/www.europesays.com\/afrique\/wp-json\/wp\/v2\/posts"}],"about":[{"href":"https:\/\/www.europesays.com\/afrique\/wp-json\/wp\/v2\/types\/post"}],"author":[{"embeddable":true,"href":"https:\/\/www.europesays.com\/afrique\/wp-json\/wp\/v2\/users\/2"}],"replies":[{"embeddable":true,"href":"https:\/\/www.europesays.com\/afrique\/wp-json\/wp\/v2\/comments?post=201045"}],"version-history":[{"count":0,"href":"https:\/\/www.europesays.com\/afrique\/wp-json\/wp\/v2\/posts\/201045\/revisions"}],"wp:featuredmedia":[{"embeddable":true,"href":"https:\/\/www.europesays.com\/afrique\/wp-json\/wp\/v2\/media\/201046"}],"wp:attachment":[{"href":"https:\/\/www.europesays.com\/afrique\/wp-json\/wp\/v2\/media?parent=201045"}],"wp:term":[{"taxonomy":"category","embeddable":true,"href":"https:\/\/www.europesays.com\/afrique\/wp-json\/wp\/v2\/categories?post=201045"},{"taxonomy":"post_tag","embeddable":true,"href":"https:\/\/www.europesays.com\/afrique\/wp-json\/wp\/v2\/tags?post=201045"}],"curies":[{"name":"wp","href":"https:\/\/api.w.org\/{rel}","templated":true}]}}