{"id":201109,"date":"2026-09-05T14:24:07","date_gmt":"2026-09-05T14:24:07","guid":{"rendered":"https:\/\/www.europesays.com\/afrique\/201109\/"},"modified":"2026-09-05T14:24:07","modified_gmt":"2026-09-05T14:24:07","slug":"nigeria-plus-de-40-agents-de-lefcc-limoges-pour-corruption","status":"publish","type":"post","link":"https:\/\/www.europesays.com\/afrique\/201109\/","title":{"rendered":"Nigeria : Plus de 40 agents de l\u2019EFCC limog\u00e9s pour corruption"},"content":{"rendered":"<p style=\"text-align: justify;\">Le pr\u00e9sident de la Commission des crimes \u00e9conomiques et financiers (EFCC), Ola Olukoyede, affirme avoir demand\u00e9 le licenciement de plus de 40 agents de l\u2019institution pour des faits de corruption et de malversations financi\u00e8res depuis sa prise de fonctions. Plus de cinq d\u2019entre eux font d\u00e9sormais l\u2019objet de poursuites judiciaires, rapporte le journal Punch.<\/p>\n<p style=\"text-align: justify;\">L\u2019EFCC veut faire le m\u00e9nage dans ses propres rangs. Son pr\u00e9sident, Ola Olukoyede, a r\u00e9v\u00e9l\u00e9 que plus de 40 membres du personnel avaient \u00e9t\u00e9 licenci\u00e9s pour corruption et malversations financi\u00e8res au cours de son mandat. L\u2019annonce a \u00e9t\u00e9 faite lundi 31 ao\u00fbt 2026 lors d\u2019un point de presse organis\u00e9 au si\u00e8ge de la commission, \u00e0 Abuja, consacr\u00e9 aux activit\u00e9s men\u00e9es sous sa direction.<\/p>\n<p style=\"text-align: justify;\">\u00ab Au cours des deux ou trois derni\u00e8res ann\u00e9es de mon mandat, j\u2019ai demand\u00e9 le licenciement de plus de 40 employ\u00e9s pour corruption et malversations financi\u00e8res. Plus de cinq d\u2019entre eux font actuellement l\u2019objet de poursuites judiciaires \u00bb, a d\u00e9clar\u00e9 Ola Olukoyede.<\/p>\n<p>L\u2019EFCC promet de ne pas prot\u00e9ger ses propres agents<\/p>\n<p style=\"text-align: justify;\">Le patron de la commission anticorruption assure que les agents de l\u2019EFCC ne b\u00e9n\u00e9ficieront d\u2019aucune protection particuli\u00e8re lorsqu\u2019ils sont soup\u00e7onn\u00e9s des m\u00eames pratiques que celles pour lesquelles l\u2019institution poursuit les citoyens. \u00ab Pourquoi devrais-je simplement vous licencier si vous faites la m\u00eame chose au sein de notre propre syst\u00e8me et que je ne vous poursuis pas ? \u00bb, a-t-il notamment d\u00e9clar\u00e9.<\/p>\n<p>Lire \u00e9galement \ud83d\udc49<a href=\"https:\/\/burkina24.com\/2026\/05\/17\/nigeria-lex-ministre-saleh-mamman-condamne-a-75-ans-de-prison-pour-fraude\/\" target=\"_blank\" rel=\"noopener nofollow\">Nig\u00e9ria : L\u2019ex-ministre Saleh Mamman condamn\u00e9 \u00e0 75 ans de prison pour fraude<\/a><\/p>\n<p style=\"text-align: justify;\">Selon lui, certains dossiers sont d\u00e9j\u00e0 devant les tribunaux, tandis que d\u2019autres proc\u00e9dures sont en cours de pr\u00e9paration. \u00ab Vous pouvez suivre ces affaires devant les tribunaux ; elles sont publiques \u00bb, a-t-il ajout\u00e9.<\/p>\n<p>Un \u00ab nettoyage interne \u00bb au sein de la commission<\/p>\n<p style=\"text-align: justify;\">Ola Olukoyede a \u00e9galement annonc\u00e9 plusieurs mesures destin\u00e9es \u00e0 renforcer l\u2019\u00e9thique et la responsabilit\u00e9 au sein de l\u2019EFCC. L\u2019ancien minist\u00e8re des Affaires int\u00e9rieures de la commission a notamment \u00e9t\u00e9 rebaptis\u00e9 \u00ab minist\u00e8re de l\u2019\u00c9thique et de l\u2019Int\u00e9grit\u00e9 \u00bb, une nouvelle appellation qui, selon le responsable, traduit la volont\u00e9 de proc\u00e9der \u00e0 un v\u00e9ritable \u00ab nettoyage interne \u00bb.<\/p>\n<p style=\"text-align: justify;\">La commission a \u00e9galement \u00e9labor\u00e9 une nouvelle politique encadrant les cadeaux re\u00e7us par ses agents. Les membres du personnel devront notamment d\u00e9clarer certains biens ou cadeaux d\u00e9passant un seuil d\u00e9termin\u00e9, y compris ceux re\u00e7us de proches vivant \u00e0 l\u2019\u00e9tranger.<\/p>\n<p style=\"text-align: justify;\">L\u2019EFCC entend ainsi mieux contr\u00f4ler les avantages dont b\u00e9n\u00e9ficient ses agents et v\u00e9rifier que leur train de vie reste compatible avec leurs revenus d\u00e9clar\u00e9s.<\/p>\n<p>\u00ab On ne peut pas lutter contre la corruption avec les mains souill\u00e9es \u00bb<\/p>\n<p style=\"text-align: justify;\">Pour Ola Olukoyede, la cr\u00e9dibilit\u00e9 de l\u2019EFCC passe d\u2019abord par l\u2019exemplarit\u00e9 de ses propres agents. \u00ab Vous devez \u00eatre s\u00fbr d\u2019avoir les mains propres. On ne peut pas lutter contre la corruption quand on a les mains souill\u00e9es par des pratiques corrompues \u00bb, a-t-il d\u00e9clar\u00e9. Cette politique de fermet\u00e9 vise \u00e0 renforcer la confiance dans l\u2019une des principales institutions nig\u00e9rianes charg\u00e9es de lutter contre la corruption et les crimes financiers.<\/p>\n","protected":false},"excerpt":{"rendered":"Le pr\u00e9sident de la Commission des crimes \u00e9conomiques et financiers (EFCC), Ola Olukoyede, affirme avoir demand\u00e9 le licenciement&hellip;\n","protected":false},"author":2,"featured_media":201110,"comment_status":"","ping_status":"","sticky":false,"template":"","format":"standard","meta":{"footnotes":"","_share_on_mastodon":"0"},"categories":[176],"tags":[242,243,245,250,249,7,252,251,127,133,248,192,126,28,244,115,46,246,247],"class_list":["post-201109","post","type-post","status-publish","format-standard","has-post-thumbnail","category-nigeria","tag-actualites","tag-burkina","tag-culture","tag-direct","tag-divertissement","tag-economie","tag-ibrahim-traore","tag-info","tag-international","tag-monde","tag-mondial-foot","tag-nigeria","tag-politique","tag-reportages","tag-securite","tag-societe","tag-sport","tag-terrorisme","tag-world-cup"],"share_on_mastodon":{"url":"https:\/\/pubeurope.com\/@afrique\/117218893261076191","error":""},"_links":{"self":[{"href":"https:\/\/www.europesays.com\/afrique\/wp-json\/wp\/v2\/posts\/201109","targetHints":{"allow":["GET"]}}],"collection":[{"href":"https:\/\/www.europesays.com\/afrique\/wp-json\/wp\/v2\/posts"}],"about":[{"href":"https:\/\/www.europesays.com\/afrique\/wp-json\/wp\/v2\/types\/post"}],"author":[{"embeddable":true,"href":"https:\/\/www.europesays.com\/afrique\/wp-json\/wp\/v2\/users\/2"}],"replies":[{"embeddable":true,"href":"https:\/\/www.europesays.com\/afrique\/wp-json\/wp\/v2\/comments?post=201109"}],"version-history":[{"count":0,"href":"https:\/\/www.europesays.com\/afrique\/wp-json\/wp\/v2\/posts\/201109\/revisions"}],"wp:featuredmedia":[{"embeddable":true,"href":"https:\/\/www.europesays.com\/afrique\/wp-json\/wp\/v2\/media\/201110"}],"wp:attachment":[{"href":"https:\/\/www.europesays.com\/afrique\/wp-json\/wp\/v2\/media?parent=201109"}],"wp:term":[{"taxonomy":"category","embeddable":true,"href":"https:\/\/www.europesays.com\/afrique\/wp-json\/wp\/v2\/categories?post=201109"},{"taxonomy":"post_tag","embeddable":true,"href":"https:\/\/www.europesays.com\/afrique\/wp-json\/wp\/v2\/tags?post=201109"}],"curies":[{"name":"wp","href":"https:\/\/api.w.org\/{rel}","templated":true}]}}