{"id":201150,"date":"2026-09-05T15:18:09","date_gmt":"2026-09-05T15:18:09","guid":{"rendered":"https:\/\/www.europesays.com\/afrique\/201150\/"},"modified":"2026-09-05T15:18:09","modified_gmt":"2026-09-05T15:18:09","slug":"lalgerie-fait-appel-a-lauteur-de-lexploit-historique-apres-le-depart-de-petkovic","status":"publish","type":"post","link":"https:\/\/www.europesays.com\/afrique\/201150\/","title":{"rendered":"L&rsquo;Alg\u00e9rie fait appel \u00e0 l&rsquo;auteur de l&rsquo;exploit historique apr\u00e8s le d\u00e9part de Petkovic"},"content":{"rendered":"<p>La F\u00e9d\u00e9ration alg\u00e9rienne de football a annonc\u00e9 ce samedi la nomination de Brahim Hemdani comme nouveau s\u00e9lectionneur de l&rsquo;\u00e9quipe premi\u00e8re, en remplacement du Suisse Vladimir Petkovi\u0107, qui a quitt\u00e9 ses fonctions \u00e0 la suite de l&rsquo;\u00e9limination de l&rsquo;Alg\u00e9rie d\u00e8s les 32es de finale de la derni\u00e8re Coupe du monde, battue par la Suisse (2-0).\n<\/p>\n<p>La nomination de Hemdani intervient apr\u00e8s les succ\u00e8s qu&rsquo;il a r\u00e9cemment obtenus avec la s\u00e9lection des moins de 21 ans, puisqu&rsquo;il a d\u00e9croch\u00e9 la m\u00e9daille d&rsquo;or aux Jeux m\u00e9diterran\u00e9ens disput\u00e9s en Italie, une performance absente du palmar\u00e8s du football alg\u00e9rien depuis 51 ans. Ce parcours sans d\u00e9faite dans cette comp\u00e9tition a contribu\u00e9 \u00e0 faire grimper la cote de Hemdani, qui sera assist\u00e9 au sein du staff technique par deux autres anciens internationaux, Antar Yahia et Moussa Sa\u00efb.<\/p>\n<p>Vous pouvez discuter des sujets et des actualit\u00e9s plus en profondeur sur les forums de Kooora\n<\/p>\n<p>L&rsquo;ancien milieu de terrain de Caen, Strasbourg, Marseille et des Glasgow Rangers, \u00e2g\u00e9 de 48 ans, poss\u00e8de un riche parcours de joueur qui d\u00e9passe son exp\u00e9rience d&rsquo;entra\u00eeneur, comme l&rsquo;a rappel\u00e9 le quotidien fran\u00e7ais \u00ab <a href=\"https:\/\/www.lequipe.fr\/Football\/Actualites\/Brahim-hemdani-nomme-a-la-tete-de-la-selection-algerienne\/1716329\" target=\"_blank\" rel=\"nofollow noopener\">L&rsquo;\u00c9quipe<\/a> \u00bb : il a en effet d\u00e9but\u00e9 sa carri\u00e8re d&rsquo;entra\u00eeneur dans les divisions inf\u00e9rieures avec des clubs fran\u00e7ais comme Courbevoie, puis Marignane, loin des projecteurs qui l&rsquo;attendent aujourd&rsquo;hui. Ses exp\u00e9riences pass\u00e9es avec les cat\u00e9gories de jeunes lui ont toutefois permis de mettre le pied dans la maison de la s\u00e9lection nationale, et il lui appartient d\u00e9sormais de prouver sa valeur au plus haut niveau, en assumant les pressions sportives et populaires qu&rsquo;impose la direction de la s\u00e9lection.\n<\/p>\n<p>Le nouveau s\u00e9lectionneur n&rsquo;aura pas beaucoup de temps pour appliquer ses id\u00e9es tactiques, puisque l&rsquo;\u00e9quipe d&rsquo;Alg\u00e9rie affrontera la Zambie \u00e0 domicile le 25 septembre courant, avant de se d\u00e9placer pour affronter le Burundi le 29 du m\u00eame mois, dans le cadre des premi\u00e8re et deuxi\u00e8me journ\u00e9es des \u00e9liminatoires de la Coupe d&rsquo;Afrique des nations 2027, pr\u00e9vue au Kenya, en Tanzanie et en Ouganda.<\/p>\n","protected":false},"excerpt":{"rendered":"La F\u00e9d\u00e9ration alg\u00e9rienne de football a annonc\u00e9 ce samedi la nomination de Brahim Hemdani comme nouveau s\u00e9lectionneur de&hellip;\n","protected":false},"author":2,"featured_media":201151,"comment_status":"","ping_status":"","sticky":false,"template":"","format":"standard","meta":{"footnotes":"","_share_on_mastodon":"0"},"categories":[85],"tags":[22407,61237,4620,116,61236,295,247],"class_list":["post-201150","post","type-post","status-publish","format-standard","has-post-thumbnail","category-algerie","tag-african-nations-championship","tag-african-nations-championship-qualification","tag-algeria","tag-algerie","tag-b-hemdani","tag-coupe-du-monde","tag-world-cup"],"share_on_mastodon":{"url":"https:\/\/pubeurope.com\/@afrique\/117219105556193346","error":""},"_links":{"self":[{"href":"https:\/\/www.europesays.com\/afrique\/wp-json\/wp\/v2\/posts\/201150","targetHints":{"allow":["GET"]}}],"collection":[{"href":"https:\/\/www.europesays.com\/afrique\/wp-json\/wp\/v2\/posts"}],"about":[{"href":"https:\/\/www.europesays.com\/afrique\/wp-json\/wp\/v2\/types\/post"}],"author":[{"embeddable":true,"href":"https:\/\/www.europesays.com\/afrique\/wp-json\/wp\/v2\/users\/2"}],"replies":[{"embeddable":true,"href":"https:\/\/www.europesays.com\/afrique\/wp-json\/wp\/v2\/comments?post=201150"}],"version-history":[{"count":0,"href":"https:\/\/www.europesays.com\/afrique\/wp-json\/wp\/v2\/posts\/201150\/revisions"}],"wp:featuredmedia":[{"embeddable":true,"href":"https:\/\/www.europesays.com\/afrique\/wp-json\/wp\/v2\/media\/201151"}],"wp:attachment":[{"href":"https:\/\/www.europesays.com\/afrique\/wp-json\/wp\/v2\/media?parent=201150"}],"wp:term":[{"taxonomy":"category","embeddable":true,"href":"https:\/\/www.europesays.com\/afrique\/wp-json\/wp\/v2\/categories?post=201150"},{"taxonomy":"post_tag","embeddable":true,"href":"https:\/\/www.europesays.com\/afrique\/wp-json\/wp\/v2\/tags?post=201150"}],"curies":[{"name":"wp","href":"https:\/\/api.w.org\/{rel}","templated":true}]}}