{"id":201205,"date":"2026-09-05T16:47:08","date_gmt":"2026-09-05T16:47:08","guid":{"rendered":"https:\/\/www.europesays.com\/afrique\/201205\/"},"modified":"2026-09-05T16:47:08","modified_gmt":"2026-09-05T16:47:08","slug":"joj-dakar-2026-la-flamme-olympique-arrive-au-senegal-et-traversera-les-14-regions","status":"publish","type":"post","link":"https:\/\/www.europesays.com\/afrique\/201205\/","title":{"rendered":"JOJ Dakar 2026 : la flamme olympique arrive au S\u00e9n\u00e9gal et traversera les 14 r\u00e9gions"},"content":{"rendered":"<p>De Dakar aux diff\u00e9rentes localit\u00e9s travers\u00e9es, la flamme portera les valeurs de paix, d\u2019unit\u00e9 et de fraternit\u00e9 associ\u00e9es \u00e0 l\u2019olympisme.<\/p>\n<p class=\"firstp\">\u00c0 quelques semaines des Jeux olympiques de la jeunesse (JOJ) Dakar 2026, le S\u00e9n\u00e9gal s\u2019appr\u00eate \u00e0 vivre une s\u00e9quence hautement symbolique. Allum\u00e9e officiellement le 10 septembre \u00e0 Ath\u00e8nes, la flamme olympique arrivera sur le sol s\u00e9n\u00e9galais le 12 septembre, avant d\u2019entamer un p\u00e9riple \u00e0 travers les 14 r\u00e9gions du pays, avec plus de 30 \u00e9tapes pr\u00e9vues.<\/p>\n<p>Au-del\u00e0 du traditionnel rituel olympique, ce relais entend \u00eatre un v\u00e9ritable moment de communion nationale. De Dakar aux diff\u00e9rentes localit\u00e9s travers\u00e9es, la flamme portera les valeurs de paix, d\u2019unit\u00e9 et de fraternit\u00e9 associ\u00e9es \u00e0 l\u2019olympisme.        <\/p>\n<p>            <a class=\"snw-inpost-recirc__link\" href=\"https:\/\/www.senenews.com\/actualites\/transfert-de-nouvelles-precisions-autour-du-dossier-krepin-diatta-en-italie_598893.html\" aria-label=\"Sur le m\u00eame sujet : Transfert : De nouvelles pr\u00e9cisions autour du dossier Kr\u00e9pin Diatta en Italie\" rel=\"nofollow noopener\" target=\"_blank\"><br \/>\n                                <img data-  width=\"800\" height=\"370\" src=\"https:\/\/www.europesays.com\/afrique\/wp-content\/uploads\/2026\/09\/krepin-diatta-800x370.jpg\" class=\"attachment-senenews-single-md size-senenews-single-md wp-post-image lazy\" alt=\"Transfert : De nouvelles pr\u00e9cisions autour du dossier Kr\u00e9pin Diatta en Italie\" loading=\"lazy\" decoding=\"async\" style=\"width:100%;height:100%;object-fit:cover;object-position:center\" title=\"Transfert : De nouvelles pr\u00e9cisions autour du dossier Kr\u00e9pin Diatta en Italie 2\"\/>Transfert : De nouvelles pr\u00e9cisions autour du dossier Kr\u00e9pin Diatta en Italie<\/p>\n<p>                                        Transfert : De nouvelles pr\u00e9cisions autour du dossier Kr\u00e9pin Diatta en Italie<\/p>\n<p>            <\/a><\/p>\n<p>Cette \u00e9dition rev\u00eat une dimension historique particuli\u00e8re : pour la premi\u00e8re fois, les Jeux olympiques se d\u00e9rouleront sur le continent africain, avec le S\u00e9n\u00e9gal comme pays h\u00f4te.\n<\/p>\n<p>Lancement du programme \u00ab Dundal JOJ \u00bb<\/p>\n<p>En pr\u00e9lude \u00e0 cette grande tourn\u00e9e de la flamme, le pr\u00e9sident de la R\u00e9publique, Bassirou Diomaye Faye, pr\u00e9sidera ce samedi 5 septembre, au stade Iba Mar Diop, la c\u00e9r\u00e9monie officielle de lancement du programme \u00ab Dundal JOJ \u00bb..        <\/p>\n<p>            <a class=\"snw-inpost-recirc__link\" href=\"https:\/\/www.senenews.com\/actualites\/detenu-lors-des-manifestations-de-2024-il-tombe-pour-une-fausse-grace-presidentielle-le-juge-sans-pitie_598892.html\" aria-label=\"Sur le m\u00eame sujet : D\u00e9tenu lors des manifestations de 2024, il tombe pour une fausse gr\u00e2ce pr\u00e9sidentielle, le juge sans piti\u00e9\" rel=\"nofollow noopener\" target=\"_blank\"><br \/>\n                                <img data-  width=\"800\" height=\"389\" src=\"https:\/\/www.europesays.com\/afrique\/wp-content\/uploads\/2026\/09\/whatsapp-image-2026-08-08-at-08.16.04-800x389.jpeg\" class=\"attachment-senenews-single-md size-senenews-single-md wp-post-image lazy\" alt=\"D\u00e9tenu lors des manifestations de 2024, il tombe pour une fausse gr\u00e2ce pr\u00e9sidentielle, le juge sans piti\u00e9\" loading=\"lazy\" decoding=\"async\" style=\"width:100%;height:100%;object-fit:cover;object-position:center\" title=\"D\u00e9tenu lors des manifestations de 2024, il tombe pour une fausse gr\u00e2ce pr\u00e9sidentielle, le juge sans piti\u00e9 3\"\/>D\u00e9tenu lors des manifestations de 2024, il tombe pour une fausse gr\u00e2ce pr\u00e9sidentielle, le juge sans piti\u00e9<\/p>\n<p>                                        D\u00e9tenu lors des manifestations de 2024, il tombe pour une fausse gr\u00e2ce pr\u00e9sidentielle, le juge sans piti\u00e9<\/p>\n<p>            <\/a><\/p>\n<p>Pr\u00e9vue \u00e0 partir de 18 heures, cette c\u00e9r\u00e9monie constitue, selon la Direction de la communication du minist\u00e8re de la Communication et des Relations avec les institutions, un \u00ab \u00e9v\u00e9nement institutionnel majeur \u00bb.\n<\/p>\n<p>\u00c0 travers cette initiative, les autorit\u00e9s souhaitent renforcer la mobilisation autour des JOJ et favoriser leur appropriation par les populations, \u00e0 l\u2019approche de l\u2019ouverture officielle pr\u00e9vue du 31 octobre. au 13 novembre 2026.\n<\/p>\n<p>L\u2019organisation des <a href=\"https:\/\/www.senenews.com\/actualites\/joj-dakar-2026-le-chantier-du-terrain-synthetique-du-terminus-54-stoppe-keur-massar-nord-hausse-le-ton_598172.html\" rel=\"nofollow noopener\" target=\"_blank\">JOJ<\/a> repr\u00e9sente \u00e9galement une vitrine internationale pour le S\u00e9n\u00e9gal. Au-del\u00e0 des comp\u00e9titions, le pays entend mettre en avant son hospitalit\u00e9, sa culture, son patrimoine et son dynamisme.\n<\/p>\n<p>Le passage de la flamme dans les diff\u00e9rentes r\u00e9gions devrait ainsi permettre aux populations de participer pleinement \u00e0 cette aventure olympique et de faire des JOJ un \u00e9v\u00e9nement v\u00e9ritablement national.\n<\/p>\n<p>Cette mobilisation intervient alors que les autorit\u00e9s poursuivent les pr\u00e9paratifs li\u00e9s aux infrastructures sportives et d\u2019accueil.\n<\/p>\n<p>Visite des infrastructures sportives<\/p>\n<p>En mars dernier, le pr\u00e9sident de la R\u00e9publique avait effectu\u00e9 une tourn\u00e9e de plusieurs sites destin\u00e9s aux JOJ, notamment entre Dakar et Diamniadio. Il avait visit\u00e9 le village olympique, le centre \u00e9questre, le stade Iba Mar Diop ainsi que la piscine olympique afin de s\u2019enqu\u00e9rir de l\u2019\u00e9tat d\u2019avancement des travaux.\n<\/p>\n<p>\u00c0 moins de deux mois de l\u2019ouverture des Jeux, l\u2019arriv\u00e9e de la flamme constituera donc un nouveau temps fort du compte \u00e0 rebours..<\/p>\n<p>Du 12 septembre au 31 octobre, date du coup d\u2019envoi des JOJ, le S\u00e9n\u00e9gal devrait progressivement se mettre \u00e0 l\u2019heure olympique, avant d\u2019accueillir \u00e0 Dakar la jeunesse sportive mondiale pour une premi\u00e8re historique en Afrique.\n                    <\/p>\n","protected":false},"excerpt":{"rendered":"De Dakar aux diff\u00e9rentes localit\u00e9s travers\u00e9es, la flamme portera les valeurs de paix, d\u2019unit\u00e9 et de fraternit\u00e9 associ\u00e9es&hellip;\n","protected":false},"author":2,"featured_media":201206,"comment_status":"","ping_status":"","sticky":false,"template":"","format":"standard","meta":{"footnotes":"","_share_on_mastodon":"0"},"categories":[84],"tags":[20765,11],"class_list":["post-201205","post","type-post","status-publish","format-standard","has-post-thumbnail","category-senegal","tag-dakar-2026","tag-senegal"],"share_on_mastodon":{"url":"https:\/\/pubeurope.com\/@afrique\/117219455604558965","error":""},"_links":{"self":[{"href":"https:\/\/www.europesays.com\/afrique\/wp-json\/wp\/v2\/posts\/201205","targetHints":{"allow":["GET"]}}],"collection":[{"href":"https:\/\/www.europesays.com\/afrique\/wp-json\/wp\/v2\/posts"}],"about":[{"href":"https:\/\/www.europesays.com\/afrique\/wp-json\/wp\/v2\/types\/post"}],"author":[{"embeddable":true,"href":"https:\/\/www.europesays.com\/afrique\/wp-json\/wp\/v2\/users\/2"}],"replies":[{"embeddable":true,"href":"https:\/\/www.europesays.com\/afrique\/wp-json\/wp\/v2\/comments?post=201205"}],"version-history":[{"count":0,"href":"https:\/\/www.europesays.com\/afrique\/wp-json\/wp\/v2\/posts\/201205\/revisions"}],"wp:featuredmedia":[{"embeddable":true,"href":"https:\/\/www.europesays.com\/afrique\/wp-json\/wp\/v2\/media\/201206"}],"wp:attachment":[{"href":"https:\/\/www.europesays.com\/afrique\/wp-json\/wp\/v2\/media?parent=201205"}],"wp:term":[{"taxonomy":"category","embeddable":true,"href":"https:\/\/www.europesays.com\/afrique\/wp-json\/wp\/v2\/categories?post=201205"},{"taxonomy":"post_tag","embeddable":true,"href":"https:\/\/www.europesays.com\/afrique\/wp-json\/wp\/v2\/tags?post=201205"}],"curies":[{"name":"wp","href":"https:\/\/api.w.org\/{rel}","templated":true}]}}