{"id":201236,"date":"2026-09-05T17:32:11","date_gmt":"2026-09-05T17:32:11","guid":{"rendered":"https:\/\/www.europesays.com\/afrique\/201236\/"},"modified":"2026-09-05T17:32:11","modified_gmt":"2026-09-05T17:32:11","slug":"airbnb-bruxelles-veut-faciliter-les-interdictions-dans-les-zones-ou-le-logement-manque-en-europe","status":"publish","type":"post","link":"https:\/\/www.europesays.com\/afrique\/201236\/","title":{"rendered":"Airbnb : Bruxelles veut faciliter les interdictions dans les zones o\u00f9 le logement manque en Europe"},"content":{"rendered":"<p>Il va probablement \u00eatre plus difficile de d\u00e9dier un appartement \u00e0 la location courte dur\u00e9e. La <a href=\"https:\/\/www.capital.fr\/economie-politique\/commission-europeenne-role-commissaires-et-president-1496288\" rel=\"nofollow noopener\" target=\"_blank\">Commission europ\u00e9enne<\/a> va proposer une loi pour faciliter la restriction des locations de courte dur\u00e9e. Il faut dire que la <a href=\"https:\/\/www.capital.fr\/immobilier\/la-crise-du-logement-est-une-bombe-sociale-le-plan-de-vincent-jeanbrun-pour-la-relance-1529508\" rel=\"nofollow noopener\" target=\"_blank\">crise du logement<\/a> touche tous les pays membres, qui ont les plateformes comme <a href=\"https:\/\/www.capital.fr\/conso\/airbnb-propose-desormais-location-de-voitures-transferts-et-consignes-a-bagages-en-france-1529374\" rel=\"nofollow noopener\" target=\"_blank\">Airbnb<\/a> dans le collimateur. Les zones touristiques sont remplies de biens immobiliers utilis\u00e9s toute l\u2019ann\u00e9e pour ces locations. L\u2019offre de biens immobiliers diminue donc, ce qui fait augmenter les prix et les habitants de ces villes ont du mal \u00e0 se loger. Comme le rapporte <a href=\"https:\/\/www.bfmtv.com\/immobilier\/vers-davantage-d-interdictions-pour-les-airbnb-face-a-la-crise-du-logement-en-europe-bruxelles-veut-faciliter-les-mesures-contre-les-locations-de-courte-duree-dans-les-zones-touristiques_AD-202609050203.html?at_brand=BFMTV&amp;at_compte=bfmbusiness&amp;at_plateforme=twitter&amp;at_campaign=Fan_pages&amp;at_medium=Community_Management\" rel=\"nofollow noopener\" target=\"_blank\">BFMTV<\/a>, plusieurs municipalit\u00e9s ont d\u00e9j\u00e0 tent\u00e9 de limiter ces locations courte dur\u00e9e, mais elles ont \u00e9t\u00e9 attaqu\u00e9es devant les tribunaux, ce qui dissuade les autres collectivit\u00e9s de faire de m\u00eame.<\/p>\n<p>Le projet de loi europ\u00e9enne viendrait donc simplifier les choses pour les municipalit\u00e9s. Celle-ci donnerait des bases juridiques solides pour restreindre les plateformes de location de courte dur\u00e9e. Une version du texte pr\u00e9voit notamment que les villes, r\u00e9gions et collectivit\u00e9s locales puissent r\u00e9duire l\u2019acc\u00e8s aux locations de courte dur\u00e9e, et l\u2019achat de biens en vue de les mettre en location de courte dur\u00e9e, dans les zones \u00absous tension immobili\u00e8re\u00bb. En revanche, les personnes qui habitent dans ces zones tendues et qui d\u00e9cident de louer leur bien quelques semaines par an ne seraient pas concern\u00e9es par les restrictions.<\/p>\n<p>Airbnb se d\u00e9fend d\u2019\u00eatre responsable de la crise europ\u00e9enne du logement<\/p>\n<p>Cette proposition de loi intervient alors que la crise du logement touche toute l\u2019Union europ\u00e9enne. Le prix des logements a augment\u00e9 de 60% et celui des locations de 30% en 15 ans, selon l\u2019institut europ\u00e9en des statistiques. Les locations de courte dur\u00e9e seraient en partie responsables de cette situation, ainsi que la construction insuffisante de nouveaux logements. Une seconde hypoth\u00e8se privil\u00e9gi\u00e9e par Airbnb, qui se d\u00e9fend d\u2019\u00eatre responsable de cette crise du logement : \u00abLa crise du logement en Europe requiert des solutions structurelles, et cette loi devrait se concentrer sur l\u2019augmentation de l\u2019offre de logements.\u00bb<\/p>\n","protected":false},"excerpt":{"rendered":"Il va probablement \u00eatre plus difficile de d\u00e9dier un appartement \u00e0 la location courte dur\u00e9e. La Commission europ\u00e9enne&hellip;\n","protected":false},"author":2,"featured_media":201237,"comment_status":"","ping_status":"","sticky":false,"template":"","format":"standard","meta":{"footnotes":"","_share_on_mastodon":"0"},"categories":[2],"tags":[61257,18,3884,3697,71,512],"class_list":["post-201236","post","type-post","status-publish","format-standard","has-post-thumbnail","category-europe","tag-airbnb","tag-europe","tag-location","tag-logement","tag-tourisme","tag-union-europu00e9enne"],"share_on_mastodon":{"url":"https:\/\/pubeurope.com\/@afrique\/117219632224244688","error":""},"_links":{"self":[{"href":"https:\/\/www.europesays.com\/afrique\/wp-json\/wp\/v2\/posts\/201236","targetHints":{"allow":["GET"]}}],"collection":[{"href":"https:\/\/www.europesays.com\/afrique\/wp-json\/wp\/v2\/posts"}],"about":[{"href":"https:\/\/www.europesays.com\/afrique\/wp-json\/wp\/v2\/types\/post"}],"author":[{"embeddable":true,"href":"https:\/\/www.europesays.com\/afrique\/wp-json\/wp\/v2\/users\/2"}],"replies":[{"embeddable":true,"href":"https:\/\/www.europesays.com\/afrique\/wp-json\/wp\/v2\/comments?post=201236"}],"version-history":[{"count":0,"href":"https:\/\/www.europesays.com\/afrique\/wp-json\/wp\/v2\/posts\/201236\/revisions"}],"wp:featuredmedia":[{"embeddable":true,"href":"https:\/\/www.europesays.com\/afrique\/wp-json\/wp\/v2\/media\/201237"}],"wp:attachment":[{"href":"https:\/\/www.europesays.com\/afrique\/wp-json\/wp\/v2\/media?parent=201236"}],"wp:term":[{"taxonomy":"category","embeddable":true,"href":"https:\/\/www.europesays.com\/afrique\/wp-json\/wp\/v2\/categories?post=201236"},{"taxonomy":"post_tag","embeddable":true,"href":"https:\/\/www.europesays.com\/afrique\/wp-json\/wp\/v2\/tags?post=201236"}],"curies":[{"name":"wp","href":"https:\/\/api.w.org\/{rel}","templated":true}]}}