{"id":201326,"date":"2026-09-05T19:33:09","date_gmt":"2026-09-05T19:33:09","guid":{"rendered":"https:\/\/www.europesays.com\/afrique\/201326\/"},"modified":"2026-09-05T19:33:09","modified_gmt":"2026-09-05T19:33:09","slug":"zoom-sur-le-kenya-une-puissance-africaine-aux-multiples-visages","status":"publish","type":"post","link":"https:\/\/www.europesays.com\/afrique\/201326\/","title":{"rendered":"Zoom sur le Kenya &#8211; Une puissance africaine aux multiples visages"},"content":{"rendered":"<p>Longtemps associ\u00e9 aux safaris, aux vastes r\u00e9serves naturelles et \u00e0 ses paysages embl\u00e9matiques, le Kenya s&rsquo;affirme aujourd&rsquo;hui comme l&rsquo;un des acteurs les plus dynamiques du continent. Situ\u00e9 au coeur de l&rsquo;Afrique de l&rsquo;Est, le pays attire de plus en plus l&rsquo;attention pour son poids \u00e9conomique croissant, son \u00e9cosyst\u00e8me entrepreneurial en pleine expansion et son rayonnement sportif international.<\/p>\n<p>R\u00e9publique multipartite dot\u00e9e d&rsquo;une constitution progressiste, r\u00e9seau ferroviaire en pleine expansion, d\u00e9centralisation qui redistribue le pouvoir jusqu&rsquo;aux territoires les plus recul\u00e9s : le Kenya construit, loi apr\u00e8s loi et route apr\u00e8s route, un mod\u00e8le de gouvernance et de d\u00e9veloppement qui force le respect \u00e0 l&rsquo;\u00e9chelle du continent.<\/p>\n<p>Pendant longtemps, le Kenya a \u00e9t\u00e9 racont\u00e9 au monde \u00e0 travers ses safaris majestueux, ses r\u00e9serves animali\u00e8res et les cartes postales de l&rsquo;oc\u00e9an Indien. Mais en 2026, le pays d&rsquo;Afrique de l&rsquo;Est cherche \u00e0 imposer une narration plus humaine, plus urbaine et plus cr\u00e9ative.<\/p>\n<p>\u00a0<\/p>\n<p>              <img loading=\"lazy\" decoding=\"async\" src=\"https:\/\/www.europesays.com\/afrique\/wp-content\/uploads\/2026\/09\/00681710:17afe36c00ed29bca924046859ae2b95:arc614x376:w614:us1.jpg\" width=\"614\" height=\"376\"\/><\/p>\n<p>Une vue a\u00e9rienne de Mombasa, au Kenya, une ville c\u00f4ti\u00e8re connue pour sa vieille ville historique et son important port maritime.<\/p>\n","protected":false},"excerpt":{"rendered":"Longtemps associ\u00e9 aux safaris, aux vastes r\u00e9serves naturelles et \u00e0 ses paysages embl\u00e9matiques, le Kenya s&rsquo;affirme aujourd&rsquo;hui comme&hellip;\n","protected":false},"author":2,"featured_media":201327,"comment_status":"","ping_status":"","sticky":false,"template":"","format":"standard","meta":{"footnotes":"","_share_on_mastodon":"0"},"categories":[165],"tags":[263,267,898,269,749,265,272,899,230,80,264,46,268,266,270,7723],"class_list":["post-201326","post","type-post","status-publish","format-standard","has-post-thumbnail","category-kenya","tag-africa","tag-business","tag-business-and-finance","tag-current-events","tag-east-africa","tag-economy","tag-governance","tag-industry-and-infrastructure","tag-kenya","tag-news","tag-politics","tag-sport","tag-sports","tag-trade","tag-travel","tag-travel-and-tourism"],"share_on_mastodon":{"url":"https:\/\/pubeurope.com\/@afrique\/117220108369985326","error":""},"_links":{"self":[{"href":"https:\/\/www.europesays.com\/afrique\/wp-json\/wp\/v2\/posts\/201326","targetHints":{"allow":["GET"]}}],"collection":[{"href":"https:\/\/www.europesays.com\/afrique\/wp-json\/wp\/v2\/posts"}],"about":[{"href":"https:\/\/www.europesays.com\/afrique\/wp-json\/wp\/v2\/types\/post"}],"author":[{"embeddable":true,"href":"https:\/\/www.europesays.com\/afrique\/wp-json\/wp\/v2\/users\/2"}],"replies":[{"embeddable":true,"href":"https:\/\/www.europesays.com\/afrique\/wp-json\/wp\/v2\/comments?post=201326"}],"version-history":[{"count":0,"href":"https:\/\/www.europesays.com\/afrique\/wp-json\/wp\/v2\/posts\/201326\/revisions"}],"wp:featuredmedia":[{"embeddable":true,"href":"https:\/\/www.europesays.com\/afrique\/wp-json\/wp\/v2\/media\/201327"}],"wp:attachment":[{"href":"https:\/\/www.europesays.com\/afrique\/wp-json\/wp\/v2\/media?parent=201326"}],"wp:term":[{"taxonomy":"category","embeddable":true,"href":"https:\/\/www.europesays.com\/afrique\/wp-json\/wp\/v2\/categories?post=201326"},{"taxonomy":"post_tag","embeddable":true,"href":"https:\/\/www.europesays.com\/afrique\/wp-json\/wp\/v2\/tags?post=201326"}],"curies":[{"name":"wp","href":"https:\/\/api.w.org\/{rel}","templated":true}]}}