{"id":201340,"date":"2026-09-05T19:44:55","date_gmt":"2026-09-05T19:44:55","guid":{"rendered":"https:\/\/www.europesays.com\/afrique\/201340\/"},"modified":"2026-09-05T19:44:55","modified_gmt":"2026-09-05T19:44:55","slug":"pres-de-7-francais-sur-10-favorables-au-retablissement-du-delit-de-sejour-illegal","status":"publish","type":"post","link":"https:\/\/www.europesays.com\/afrique\/201340\/","title":{"rendered":"Pr\u00e8s de 7 Fran\u00e7ais sur 10 favorables au r\u00e9tablissement du d\u00e9lit de s\u00e9jour ill\u00e9gal"},"content":{"rendered":"<p class=\"dm_article-chapeau\">Selon les r\u00e9sultats d&rsquo;un sondage CSA pour Europe 1, CNews et le \u00ab\u00a0Journal du dimanche\u00a0\u00bb, 69% des Fran\u00e7ais sont pour le r\u00e9tablissement du d\u00e9lit de s\u00e9jour ill\u00e9gal en France. Si cette id\u00e9e rassemble les \u00e9lecteurs de droite et du centre, elle divise n\u00e9anmoins les sympathisants de gauche.<\/p>\n<p>En vue de l&rsquo;<a href=\"https:\/\/www.europe1.fr\/dossiers\/election-presidentielle-2027\" rel=\"nofollow noopener\" target=\"_blank\">\u00e9lection pr\u00e9sidentielle de 2027<\/a>, le candidat de Nouvelle \u00c9nergie, David Lisnard, veut r\u00e9tablir le d\u00e9lit de s\u00e9jour ill\u00e9gal en France. Pour rappel, une personne \u00e9trang\u00e8re peut aujourd&rsquo;hui \u00eatre en situation irr\u00e9guli\u00e8re sans que cela ne constitue automatiquement un d\u00e9lit p\u00e9nal.<\/p>\n<p>L&rsquo;id\u00e9e de l&rsquo;actuel maire de Cannes serait de faire d&rsquo;un s\u00e9jour irr\u00e9gulier, une infraction p\u00e9nale. Et \u00e0 cela, 69% des Fran\u00e7ais sont d&rsquo;accord, selon les r\u00e9sultats d&rsquo;un <a href=\"https:\/\/www.europe1.fr\/dossiers\/sondage\" rel=\"nofollow noopener\" target=\"_blank\">sondage<\/a> CSA pour Europe 1, CNews et le Journal du dimanche*. Aussi, 30% sont contre cette proposition, et 1% ne se prononce pas.<\/p>\n<p>73% des hommes et 66% des femmes sont pour<\/p>\n<p>Pr\u00e8s de 7 Fran\u00e7ais sur 10 sont donc pour le r\u00e9tablissement du d\u00e9lit de s\u00e9jour ill\u00e9gal en France. Si l&rsquo;on compare les r\u00e9sultats selon le profil des sond\u00e9s, une majorit\u00e9 de \u00ab\u00a0pour\u00a0\u00bb se d\u00e9gage dans tous les cas de figure. Ainsi, 73% des hommes et 66% des femmes partagent cette id\u00e9e.<\/p>\n<p>Selon les tranches d&rsquo;\u00e2ge, cela va de 62% pour les 18-24 ans \u00e0 75% pour les 50-64 ans. Le \u00ab\u00a0pour\u00a0\u00bb l&#8217;emporte \u00e9galement confortablement en comparant la situation socioprofessionnelle des participants : 68% des CSP-, 69% des CSP+ et 70% des inactifs valident la proposition de David Lisnard.<\/p>\n<p>Les \u00e9lecteurs de gauche divis\u00e9s<\/p>\n<p>En revanche, le barom\u00e8tre de CSA montre des r\u00e9sultats divergents selon la proximit\u00e9 politique des sond\u00e9s. Les \u00e9lecteurs du Rassemblement national et de Reconqu\u00eate sont 90% \u00e0 \u00eatre d&rsquo;accord avec le pr\u00e9sident de l&rsquo;Association des maires de France, tout comme les \u00e9lecteurs de droite (91% pour Les R\u00e9publicains).<\/p>\n<p>Au centre, on partage aussi cette proposition. Plus de trois personnes sur quatre (76%) votant pour le parti pr\u00e9sidentiel Renaissance accordent le point au candidat Nouvelle \u00c9nergie.<\/p>\n<p>\u00c0 gauche n\u00e9anmoins, les \u00e9lecteurs apparaissent divis\u00e9s. Si les sympathisants du Parti socialiste sont plut\u00f4t d&rsquo;accord (58%) avec David Lisnard, les sond\u00e9s se r\u00e9clamant proches des \u00c9cologistes se partagent en deux camps (49% de pour, 48% de contre) quand les \u00e9lecteurs de La France insoumise sont globalement contre, \u00e0 66%.<\/p>\n<p>*\u00c9chantillon national repr\u00e9sentatif de 1.010 personnes \u00e2g\u00e9es de 18 ans et plus M\u00e9thode des quotas bas\u00e9e sur les crit\u00e8res de sexe, d\u2019\u00e2ge et de profession du r\u00e9pondant apr\u00e8s stratification par r\u00e9gion et cat\u00e9gorie d\u2019agglom\u00e9ration. Afin d\u2019assurer la repr\u00e9sentativit\u00e9 des r\u00e9sultats, les donn\u00e9es ont \u00e9t\u00e9 redress\u00e9es sur les variables de sexe, \u00e2ge, profession, r\u00e9gion, cat\u00e9gorie d\u2019agglom\u00e9ration et vote au premier tour de l\u2019\u00e9lection pr\u00e9sidentielle 2022.<\/p>\n","protected":false},"excerpt":{"rendered":"Selon les r\u00e9sultats d&rsquo;un sondage CSA pour Europe 1, CNews et le \u00ab\u00a0Journal du dimanche\u00a0\u00bb, 69% des Fran\u00e7ais&hellip;\n","protected":false},"author":2,"featured_media":201341,"comment_status":"","ping_status":"","sticky":false,"template":"","format":"standard","meta":{"footnotes":"","_share_on_mastodon":"0"},"categories":[2],"tags":[18,911,35320],"class_list":["post-201340","post","type-post","status-publish","format-standard","has-post-thumbnail","category-europe","tag-europe","tag-immigration","tag-sondage"],"share_on_mastodon":{"url":"https:\/\/pubeurope.com\/@afrique\/117220155482590996","error":""},"_links":{"self":[{"href":"https:\/\/www.europesays.com\/afrique\/wp-json\/wp\/v2\/posts\/201340","targetHints":{"allow":["GET"]}}],"collection":[{"href":"https:\/\/www.europesays.com\/afrique\/wp-json\/wp\/v2\/posts"}],"about":[{"href":"https:\/\/www.europesays.com\/afrique\/wp-json\/wp\/v2\/types\/post"}],"author":[{"embeddable":true,"href":"https:\/\/www.europesays.com\/afrique\/wp-json\/wp\/v2\/users\/2"}],"replies":[{"embeddable":true,"href":"https:\/\/www.europesays.com\/afrique\/wp-json\/wp\/v2\/comments?post=201340"}],"version-history":[{"count":0,"href":"https:\/\/www.europesays.com\/afrique\/wp-json\/wp\/v2\/posts\/201340\/revisions"}],"wp:featuredmedia":[{"embeddable":true,"href":"https:\/\/www.europesays.com\/afrique\/wp-json\/wp\/v2\/media\/201341"}],"wp:attachment":[{"href":"https:\/\/www.europesays.com\/afrique\/wp-json\/wp\/v2\/media?parent=201340"}],"wp:term":[{"taxonomy":"category","embeddable":true,"href":"https:\/\/www.europesays.com\/afrique\/wp-json\/wp\/v2\/categories?post=201340"},{"taxonomy":"post_tag","embeddable":true,"href":"https:\/\/www.europesays.com\/afrique\/wp-json\/wp\/v2\/tags?post=201340"}],"curies":[{"name":"wp","href":"https:\/\/api.w.org\/{rel}","templated":true}]}}