{"id":201346,"date":"2026-09-05T19:56:07","date_gmt":"2026-09-05T19:56:07","guid":{"rendered":"https:\/\/www.europesays.com\/afrique\/201346\/"},"modified":"2026-09-05T19:56:07","modified_gmt":"2026-09-05T19:56:07","slug":"une-presentatrice-tv-et-11-autres-personnes-condamnees-a-mort-par-pendaison-pour-trafic-de-drogue-en-egypte","status":"publish","type":"post","link":"https:\/\/www.europesays.com\/afrique\/201346\/","title":{"rendered":"Une pr\u00e9sentatrice TV et 11\u00a0autres personnes condamn\u00e9es \u00e0 mort par pendaison pour trafic de drogue en\u00a0\u00c9gypte"},"content":{"rendered":"<p data-ofstats-scroll=\"read_depth_20\">Selon le journal al-Ahram, le tribunal p\u00e9nal du Caire \u00ab\u00a0a condamn\u00e9 la productrice Sarah Khalifa et 11\u00a0autres accus\u00e9s \u00e0 la peine de mort par pendaison, pour avoir form\u00e9 une organisation criminelle sp\u00e9cialis\u00e9e dans l\u2019importation de substances utilis\u00e9es dans la fabrication de drogues, en vue de les vendre\u00a0\u00bb.<\/p>\n<p data-ofstats-scroll=\"read_depth_30\">Ils ont \u00e9galement \u00e9t\u00e9 condamn\u00e9s pour \u00ab\u00a0possession et d\u00e9tention ill\u00e9gales d\u2019armes \u00e0 feu et de munitions\u00a0\u00bb, selon cette source et plusieurs autres m\u00e9dias gouvernementaux, dont Akhbar al-Youm.<\/p>\n<p>        Plus de 750\u00a0kg de drogues saisis<\/p>\n<p data-ofstats-scroll=\"read_depth_30\">Les autorit\u00e9s ont saisi plus de 750\u00a0kg de drogues et de mati\u00e8res premi\u00e8res utilis\u00e9es dans leur fabrication, ainsi que des outils et des machines dans deux appartements qui servaient de laboratoire, selon al-Ahram.<\/p>\n<p data-ofstats-scroll=\"read_depth_40\">Le verdict a \u00e9t\u00e9 prononc\u00e9 apr\u00e8s que le tribunal a transmis le dossier au grand mufti pour consulter son avis religieux, tel que pr\u00e9vu par la loi.<\/p>\n<p data-ofstats-scroll=\"read_depth_40\">Les condamn\u00e9s peuvent encore faire appel.<\/p>\n<p data-ofstats-scroll=\"read_depth_50\">Lire aussi\u00a0: <a href=\"https:\/\/www.ouest-france.fr\/monde\/egypte\/en-egypte-un-accident-de-bus-fait-16-morts-dans-la-peninsule-du-sinai-ee783a7e-a691-11f1-95a1-d7cb1b3759ac\" target=\"_blank\" rel=\"nofollow noopener\"> En \u00c9gypte, un accident de bus fait 22\u00a0morts dans la p\u00e9ninsule du Sina\u00ef<\/a><\/p>\n<p>        Une pr\u00e9sentatrice c\u00e9l\u00e8bre parmi les condamn\u00e9s<\/p>\n<p data-ofstats-scroll=\"read_depth_60\">Sarah Khalifa, 39\u00a0ans, \u00e9galement cheffe d\u2019entreprise, est connue pour son \u00e9mission Mission difficile sur la cha\u00eene priv\u00e9e al-Mehwar, consacr\u00e9e aux affaires de s\u00e9curit\u00e9 et de criminalit\u00e9. Elle a \u00e9galement pr\u00e9sent\u00e9 des \u00e9missions sur des plateformes en ligne et compte deux millions d\u2019abonn\u00e9s sur Instagram.<\/p>\n<p data-ofstats-scroll=\"read_depth_70\">Les poursuites ont d\u00e9but\u00e9 l\u2019ann\u00e9e derni\u00e8re et ont vis\u00e9 la pr\u00e9sentatrice et 27\u00a0personnes, dont son fr\u00e8re.<\/p>\n<p data-ofstats-scroll=\"read_depth_70\">Lire aussi\u00a0: <a href=\"https:\/\/www.ouest-france.fr\/monde\/arabie-saoudite\/menace-de-mort-battu-prive-de-nourriture-un-francais-dans-lenfer-des-prisons-saoudiennes-de-mbs-f5640f94-9fce-11f1-b6b2-5710555c207e\" target=\"_blank\" rel=\"nofollow noopener\">\u00ab\u00a0Menac\u00e9 de mort, battu, priv\u00e9 de nourriture\u00a0\u00bb\u00a0: un Fran\u00e7ais dans l\u2019enfer des prisons saoudiennes de MBS<\/a><\/p>\n<p>        541\u00a0condamnations \u00e0 mort prononc\u00e9es en 2025<\/p>\n<p data-ofstats-scroll=\"read_depth_80\">Elle a \u00e9galement \u00e9t\u00e9 condamn\u00e9e \u00e0 cinq ans de prison pour implication dans une autre affaire, relative \u00e0 la s\u00e9questration et \u00e0 l\u2019agression d\u2019un jeune homme.<\/p>\n<p data-ofstats-scroll=\"read_depth_90\">L\u2019\u00c9gypte applique la peine de mort pour plusieurs crimes, notamment le meurtre avec pr\u00e9m\u00e9ditation, le terrorisme, certains viols et le trafic de drogue.<\/p>\n<p data-ofstats-scroll=\"read_depth_100\">Selon la Commission \u00e9gyptienne pour les droits et les libert\u00e9s, une ONG, 541\u00a0condamnations \u00e0 mort ont \u00e9t\u00e9 prononc\u00e9es en 2025 dans le pays.<\/p>\n","protected":false},"excerpt":{"rendered":"Selon le journal al-Ahram, le tribunal p\u00e9nal du Caire \u00ab\u00a0a condamn\u00e9 la productrice Sarah Khalifa et 11\u00a0autres accus\u00e9s&hellip;\n","protected":false},"author":2,"featured_media":201347,"comment_status":"","ping_status":"","sticky":false,"template":"","format":"standard","meta":{"footnotes":"","_share_on_mastodon":"0"},"categories":[122],"tags":[1012,1555,412,139,441,1925,225],"class_list":["post-201346","post","type-post","status-publish","format-standard","has-post-thumbnail","category-egypte","tag-actualite-en-continu","tag-drogue","tag-droits-de-lhomme","tag-egypte","tag-justice","tag-peine-de-mort","tag-une"],"share_on_mastodon":{"url":"https:\/\/pubeurope.com\/@afrique\/117220198505780117","error":""},"_links":{"self":[{"href":"https:\/\/www.europesays.com\/afrique\/wp-json\/wp\/v2\/posts\/201346","targetHints":{"allow":["GET"]}}],"collection":[{"href":"https:\/\/www.europesays.com\/afrique\/wp-json\/wp\/v2\/posts"}],"about":[{"href":"https:\/\/www.europesays.com\/afrique\/wp-json\/wp\/v2\/types\/post"}],"author":[{"embeddable":true,"href":"https:\/\/www.europesays.com\/afrique\/wp-json\/wp\/v2\/users\/2"}],"replies":[{"embeddable":true,"href":"https:\/\/www.europesays.com\/afrique\/wp-json\/wp\/v2\/comments?post=201346"}],"version-history":[{"count":0,"href":"https:\/\/www.europesays.com\/afrique\/wp-json\/wp\/v2\/posts\/201346\/revisions"}],"wp:featuredmedia":[{"embeddable":true,"href":"https:\/\/www.europesays.com\/afrique\/wp-json\/wp\/v2\/media\/201347"}],"wp:attachment":[{"href":"https:\/\/www.europesays.com\/afrique\/wp-json\/wp\/v2\/media?parent=201346"}],"wp:term":[{"taxonomy":"category","embeddable":true,"href":"https:\/\/www.europesays.com\/afrique\/wp-json\/wp\/v2\/categories?post=201346"},{"taxonomy":"post_tag","embeddable":true,"href":"https:\/\/www.europesays.com\/afrique\/wp-json\/wp\/v2\/tags?post=201346"}],"curies":[{"name":"wp","href":"https:\/\/api.w.org\/{rel}","templated":true}]}}