{"id":201383,"date":"2026-09-05T20:45:55","date_gmt":"2026-09-05T20:45:55","guid":{"rendered":"https:\/\/www.europesays.com\/afrique\/201383\/"},"modified":"2026-09-05T20:45:55","modified_gmt":"2026-09-05T20:45:55","slug":"char-a-voile-possible-detre-une-femme-et-devoluer-a-haut-niveau-marie-clouet-veut-reussir-ses-europe-a-asnelles","status":"publish","type":"post","link":"https:\/\/www.europesays.com\/afrique\/201383\/","title":{"rendered":"Char \u00e0 voile. \u00ab\u00a0Possible d\u2019\u00eatre une femme et d\u2019\u00e9voluer \u00e0 haut niveau\u00a0\u00bb, Marie Clouet veut r\u00e9ussir ses Europe \u00e0 Asnelles"},"content":{"rendered":"<p data-ofstats-scroll=\"read_depth_20\">10\u00a0n\u0153uds, soit 14\u00a0km\/h, c\u2019est la vitesse minimum du vent pour d\u00e9placer un char \u00e0 voile. En de\u00e7\u00e0, les choses se compliquent. Combien de fois avons-nous pu voir des pilotes qui, faute de brise suffisante, pompent sur leur voile en esp\u00e9rant cr\u00e9er un peu d\u2019air\u00a0?<\/p>\n<p data-ofstats-scroll=\"read_depth_30\">  \u00ab\u00a0Les pr\u00e9visions restent impr\u00e9cises,explique Fran\u00e7ois Garnavault, directeur de course des championnats d\u2019Europe \u00e0 Asnelles\u00a0(5-8 septembre 2026). Samedi (5\u00a0septembre), le vent pourrait \u00eatre un peu juste. Dimanche, \u00e7a devrait \u00eatre plus favorable. Quant \u00e0 lundi et \u00e0 mardi, les pr\u00e9visions ne sont pas tr\u00e8s optimistes mais d\u2019ici l\u00e0, elles peuvent \u00e9voluer de fa\u00e7on favorable.<\/p>\n<p>        Deux classes pr\u00e9sentes\u00a0: les Standards et les NSF<\/p>\n<p data-ofstats-scroll=\"read_depth_60\">En Manche, le vent reste versatile et al\u00e9atoire. Il peut se lever soudainement et permettre aux pilotes de disputer des manches. Deux classes seront repr\u00e9sent\u00e9es sur la plage d\u2019Asnelles\u00a0: les Standards et les NSF. \u00a0Les Standards disputent un championnat d\u2019Europe quant aux NSF, ils s\u2019alignent sur une Coupe d\u2019Europe, confie Fran\u00e7ois Garnavault. Cette derni\u00e8re coupe est tr\u00e8s int\u00e9ressante dans la mesure o\u00f9 elle met aux prises des chars plus petits, beaucoup plus accessibles, des chars qu\u2019on utilise dans les \u00e9coles. C\u2019est un vrai pari, afin de d\u00e9mocratiser la pratique du char.<\/p>\n<p data-ofstats-scroll=\"read_depth_60\">Lire aussi.  <a href=\"https:\/\/www.ouest-france.fr\/normandie\/asnelles-14960\/a-asnelles-trois-bonnes-raisons-daller-voir-les-championnats-deurope-de-char-a-voile-ec048fde-a6d4-11f1-b1e9-efa0fbfcae5d\" target=\"_self\" rel=\"nofollow noopener\">\u00c0 Asnelles, trois bonnes raisons d\u2019aller voir les championnats d\u2019Europe de char \u00e0 voile<\/a> <\/p>\n<p data-ofstats-scroll=\"read_depth_90\">Marie Clouet, du club d\u2019Asnelles, arrive sur le sable de la station du Bessin sur la pointe de ses chaussons\u00a0: \u00ab\u00a0Ce sera ma premi\u00e8re comp\u00e9tition de l\u2019ann\u00e9e.\u00a0\u00bb Mais, celle qui fut championne du monde de mini-char en 2012, esp\u00e8re tirer son \u00e9pingle du jeu. \u00a0Il est certain que je ne devrais pas \u00eatre tr\u00e8s loin mais de l\u00e0 \u00e0 remporter le titre, la marche reste haute. Petit avantage me concernant\u00a0: je connais \u00e9videmment la plage par c\u0153ur et m\u00eame si elle change, selon les conditions de mar\u00e9es et de vent, je sais o\u00f9 sont les endroits strat\u00e9giques.<\/p>\n<p data-ofstats-scroll=\"read_depth_100\">La jeune femme de 42\u00a0ans ne vient pas que pour le seul r\u00e9sultat\u00a0: \u00ab\u00a0Je veux aussi t\u00e9moigner qu\u2019il est possible de pratiquer une activit\u00e9 sportive f\u00e9minine \u00e0 haut niveau.<\/p>\n","protected":false},"excerpt":{"rendered":"10\u00a0n\u0153uds, soit 14\u00a0km\/h, c\u2019est la vitesse minimum du vent pour d\u00e9placer un char \u00e0 voile. En de\u00e7\u00e0, les&hellip;\n","protected":false},"author":2,"featured_media":201384,"comment_status":"","ping_status":"","sticky":false,"template":"","format":"standard","meta":{"footnotes":"","_share_on_mastodon":"0"},"categories":[2],"tags":[58185,18,3791,46],"class_list":["post-201383","post","type-post","status-publish","format-standard","has-post-thumbnail","category-europe","tag-asnelles","tag-europe","tag-normandie","tag-sport"],"share_on_mastodon":{"url":"https:\/\/pubeurope.com\/@afrique\/117220395194690772","error":""},"_links":{"self":[{"href":"https:\/\/www.europesays.com\/afrique\/wp-json\/wp\/v2\/posts\/201383","targetHints":{"allow":["GET"]}}],"collection":[{"href":"https:\/\/www.europesays.com\/afrique\/wp-json\/wp\/v2\/posts"}],"about":[{"href":"https:\/\/www.europesays.com\/afrique\/wp-json\/wp\/v2\/types\/post"}],"author":[{"embeddable":true,"href":"https:\/\/www.europesays.com\/afrique\/wp-json\/wp\/v2\/users\/2"}],"replies":[{"embeddable":true,"href":"https:\/\/www.europesays.com\/afrique\/wp-json\/wp\/v2\/comments?post=201383"}],"version-history":[{"count":0,"href":"https:\/\/www.europesays.com\/afrique\/wp-json\/wp\/v2\/posts\/201383\/revisions"}],"wp:featuredmedia":[{"embeddable":true,"href":"https:\/\/www.europesays.com\/afrique\/wp-json\/wp\/v2\/media\/201384"}],"wp:attachment":[{"href":"https:\/\/www.europesays.com\/afrique\/wp-json\/wp\/v2\/media?parent=201383"}],"wp:term":[{"taxonomy":"category","embeddable":true,"href":"https:\/\/www.europesays.com\/afrique\/wp-json\/wp\/v2\/categories?post=201383"},{"taxonomy":"post_tag","embeddable":true,"href":"https:\/\/www.europesays.com\/afrique\/wp-json\/wp\/v2\/tags?post=201383"}],"curies":[{"name":"wp","href":"https:\/\/api.w.org\/{rel}","templated":true}]}}