{"id":201398,"date":"2026-09-05T21:14:17","date_gmt":"2026-09-05T21:14:17","guid":{"rendered":"https:\/\/www.europesays.com\/afrique\/201398\/"},"modified":"2026-09-05T21:14:17","modified_gmt":"2026-09-05T21:14:17","slug":"le-safari-tourne-mal-la-jeep-des-touristes-se-retrouve-coincee-au-bord-dune-riviere-remplie-de-crocodiles","status":"publish","type":"post","link":"https:\/\/www.europesays.com\/afrique\/201398\/","title":{"rendered":"Le safari tourne mal\u00a0: la Jeep des touristes se retrouve coinc\u00e9e au bord d\u2019une rivi\u00e8re remplie de crocodiles"},"content":{"rendered":"<p>\n                                                                Les faits se sont d\u00e9roul\u00e9s le 30\u00a0ao\u00fbt dernier en Tanzanie dans le parc national du Serengeti. Le conducteur d\u2019une Jeep a failli embarquer les touristes \u00e0 la catastrophe.\n                            <\/p>\n<p>Pas loin du drame. Le 30\u00a0ao\u00fbt dernier, un groupe de touristes du parc national du Serengeti, en <a href=\"https:\/\/www.midilibre.fr\/2025\/11\/02\/apres-un-safari-le-retour-tres-complique-dune-famille-depuis-la-tanzanie-en-proie-aux-violences-et-coupee-du-monde-13029151.php\" target=\"_blank\" rel=\"nofollow noopener\">Tanzanie<\/a>, a v\u00e9cu un moment inoubliable pour les bonnes et les mauvaises raisons.<\/p>\n<p>Comme le rapporte le <a href=\"https:\/\/tanzaniatimes.net\/tag\/swiss-accident-in-serengeti-national-park-2026\/\" target=\"_blank\" rel=\"nofollow noopener\">Tanzania Times<\/a>, les touristes d\u2019origine suisses \u00e9taient venus profiter d\u2019une excursion Safari. Malheureusement pour eux, tout ne s\u2019est pas pass\u00e9 comme pr\u00e9vu. Alors que le groupe, \u00e0 bord d\u2019une Jeep, se trouvait \u00e0 proximit\u00e9 d\u2019une rivi\u00e8re de crocodiles pour observer des gnous et des z\u00e8bres, le v\u00e9hicule a failli finir\u2026. dans l\u2019eau.<\/p>\n<p>Les passagers ont pu s\u2019extirper \u00e0 temps<\/p>\n<p>Une vid\u00e9o publi\u00e9e sur le r\u00e9seau social X montre le v\u00e9hicule s\u2019approcher tr\u00e8s dangereusement de l\u2019eau.<\/p>\n<p>On y voit les passagers s\u2019extirper \u00e0 temps. Par chance, la Jeep a finalement \u00e9t\u00e9 coinc\u00e9e au niveau de l\u2019avant dans le cours d\u2019eau sans \u00eatre totalement immerg\u00e9e. Personne n\u2019a \u00e9t\u00e9 bless\u00e9, a confirm\u00e9 un porte-parole du parc.<\/p>\n<p><a href=\"https:\/\/www.7sur7.be\/monde\/un-safari-tourne-mal-en-tanzanie-une-jeep-transportant-des-touristes-finit-dans-une-riviere-pleine-de-crocodiles~a4bc0e43\/?referrer=https%3A%2F%2Fwww.google.com%2F\" target=\"_blank\" rel=\"nofollow noopener\">7 Sur 7<\/a> rappelle que dans cette r\u00e9gion du monde, les crocodiles peuvent atteindre jusqu\u2019\u00e0 quatre m\u00e8tres de long. De plus, en raison des gnous et z\u00e8bres venus s\u2019abreuver, les reptiles \u00e9taient pr\u00e9sents dans la rivi\u00e8re.<\/p>\n","protected":false},"excerpt":{"rendered":"Les faits se sont d\u00e9roul\u00e9s le 30\u00a0ao\u00fbt dernier en Tanzanie dans le parc national du Serengeti. Le conducteur&hellip;\n","protected":false},"author":2,"featured_media":201399,"comment_status":"","ping_status":"","sticky":false,"template":"","format":"standard","meta":{"footnotes":"","_share_on_mastodon":"0"},"categories":[185],"tags":[526,304],"class_list":["post-201398","post","type-post","status-publish","format-standard","has-post-thumbnail","category-tanzanie","tag-faits-divers","tag-tanzanie"],"share_on_mastodon":{"url":"https:\/\/pubeurope.com\/@afrique\/117220505346629511","error":""},"_links":{"self":[{"href":"https:\/\/www.europesays.com\/afrique\/wp-json\/wp\/v2\/posts\/201398","targetHints":{"allow":["GET"]}}],"collection":[{"href":"https:\/\/www.europesays.com\/afrique\/wp-json\/wp\/v2\/posts"}],"about":[{"href":"https:\/\/www.europesays.com\/afrique\/wp-json\/wp\/v2\/types\/post"}],"author":[{"embeddable":true,"href":"https:\/\/www.europesays.com\/afrique\/wp-json\/wp\/v2\/users\/2"}],"replies":[{"embeddable":true,"href":"https:\/\/www.europesays.com\/afrique\/wp-json\/wp\/v2\/comments?post=201398"}],"version-history":[{"count":0,"href":"https:\/\/www.europesays.com\/afrique\/wp-json\/wp\/v2\/posts\/201398\/revisions"}],"wp:featuredmedia":[{"embeddable":true,"href":"https:\/\/www.europesays.com\/afrique\/wp-json\/wp\/v2\/media\/201399"}],"wp:attachment":[{"href":"https:\/\/www.europesays.com\/afrique\/wp-json\/wp\/v2\/media?parent=201398"}],"wp:term":[{"taxonomy":"category","embeddable":true,"href":"https:\/\/www.europesays.com\/afrique\/wp-json\/wp\/v2\/categories?post=201398"},{"taxonomy":"post_tag","embeddable":true,"href":"https:\/\/www.europesays.com\/afrique\/wp-json\/wp\/v2\/tags?post=201398"}],"curies":[{"name":"wp","href":"https:\/\/api.w.org\/{rel}","templated":true}]}}