{"id":201445,"date":"2026-09-05T23:04:14","date_gmt":"2026-09-05T23:04:14","guid":{"rendered":"https:\/\/www.europesays.com\/afrique\/201445\/"},"modified":"2026-09-05T23:04:14","modified_gmt":"2026-09-05T23:04:14","slug":"une-fusee-allemande-atteint-lespace-alors-que-leurope-se-lance-dans-la-course-aux-lancements-de-satellites-06-09-2026-a-0020","status":"publish","type":"post","link":"https:\/\/www.europesays.com\/afrique\/201445\/","title":{"rendered":"Une fus\u00e9e allemande atteint l&rsquo;espace alors que l&rsquo;Europe se lance dans la course aux lancements de satellites &#8211; 06\/09\/2026 \u00e0 00:20"},"content":{"rendered":"<p>\n ((Traduction automatis\u00e9e par Reuters \u00e0 l&rsquo;aide de l&rsquo;apprentissage<br \/>\nautomatique et de l&rsquo;IA g\u00e9n\u00e9rative, veuillez vous r\u00e9f\u00e9rer \u00e0<br \/>\nl&rsquo;avertissement suivant: https:\/\/bit.ly\/rtrsauto))\n<\/p>\n<p>\n (Correction du titre du ministre au paragraphe 4)\n<\/p>\n<p>\n * Isar Aerospace lance une fus\u00e9e depuis le port spatial<br \/>\nnorv\u00e9gien\n<\/p>\n<p>\n * L&rsquo;entreprise proposera un service commercial de lancement<br \/>\nde satellites\n<\/p>\n<p>\n * La fus\u00e9e pr\u00e9c\u00e9dente, en 2025, avait explos\u00e9 apr\u00e8s le<br \/>\nd\u00e9collage\n<\/p>\n<p>\n par Terje Solsvik\n<\/p>\n<p>\n La start-up allemande Isar<br \/>\nAerospace a lanc\u00e9 samedi sa premi\u00e8re fus\u00e9e dans l&rsquo;espace depuis<br \/>\nun site situ\u00e9 dans l&rsquo;Arctique norv\u00e9gien, permettant ainsi \u00e0<br \/>\nl&rsquo;Europe de se rapprocher de son objectif: proposer des vols de<br \/>\nsatellites depuis son propre territoire.\n<\/p>\n<p>\n La fus\u00e9e Spectrum, sans \u00e9quipage, a effectu\u00e9 le premier vol<br \/>\ncommercial \u00e0 atteindre l\u2019orbite depuis l\u2019Europe continentale, o\u00f9<br \/>\nplusieurs pays ont fait part de leur volont\u00e9 de se tailler une<br \/>\npart d\u2019un march\u00e9 en pleine expansion pour les missions<br \/>\nspatiales.\n<\/p>\n<p>\n \u00ab Nous sommes en orbite! Et nous venons d&rsquo;\u00e9crire une page de<br \/>\nl&rsquo;histoire europ\u00e9enne \u00bb, a d\u00e9clar\u00e9 Isar dans un message publi\u00e9<br \/>\nsur la plateforme de r\u00e9seaux sociaux X.\n<\/p>\n<p>\n Cet \u00e9v\u00e9nement constitue une avanc\u00e9e majeure pour le secteur<br \/>\neurop\u00e9en des lancements, offrant au continent un meilleur acc\u00e8s<br \/>\n\u00e0 l&rsquo;espace, a d\u00e9clar\u00e9 dans un communiqu\u00e9 la ministre norv\u00e9gienne<br \/>\nde l&rsquo;Industrie et du Commerce, Cecilie Myrseth.\n<\/p>\n<p>\n \u00ab Le fait que nous puissions d\u00e9sormais lancer des satellites<br \/>\ndepuis And\u00f8ya renforce la s\u00e9curit\u00e9 de la Norv\u00e8ge et de l&rsquo;Europe<br \/>\nen ces temps troubl\u00e9s \u00bb, a ajout\u00e9 Mme Myrseth.\n<\/p>\n<p>\n L\u2019EUROPE EN QU\u00caTE D\u2019AUTONOMIE\n<\/p>\n<p>\n Le chancelier allemand Friedrich Merz  s\u2019est rendu sur<br \/>\nle site de lancement d\u2019Isar en mars, soulignant ainsi les<br \/>\nefforts de l\u2019Europe pour asseoir une plus grande autonomie<br \/>\n alors que l\u2019ordre mondial autrefois d\u00e9fendu par les<br \/>\n\u00c9tats-Unis est en pleine mutation sous la pr\u00e9sidence de Donald<br \/>\nTrump.\n<\/p>\n<p>\n Lanc\u00e9e depuis le port spatial d\u2019And\u00f8ya, dans l\u2019Arctique<br \/>\nnorv\u00e9gien, la fus\u00e9e Spectrum sans \u00e9quipage, con\u00e7ue pour des<br \/>\ncharges utiles de petite et moyenne taille, transportait cinq<br \/>\npetits satellites ainsi qu\u2019une exp\u00e9rience technologique en vol,<br \/>\nselon Isar.\n<\/p>\n<p>\n Il s\u2019agissait du deuxi\u00e8me lancement d\u2019Isar, intervenant 18<br \/>\nmois apr\u00e8s que la premi\u00e8re fus\u00e9e de la soci\u00e9t\u00e9 s\u2019\u00e9tait ab\u00eem\u00e9e en<br \/>\nmer et avait explos\u00e9 dans un spectacle de flammes peu apr\u00e8s son<br \/>\nd\u00e9collage depuis le m\u00eame site. Personne n\u2019avait \u00e9t\u00e9 bless\u00e9 \u00e0<br \/>\nl\u2019\u00e9poque.\n<\/p>\n<p>\n Le lancement de mars 2025 avait n\u00e9anmoins \u00e9t\u00e9 consid\u00e9r\u00e9<br \/>\ncomme un succ\u00e8s par l\u2019entreprise, car il avait g\u00e9n\u00e9r\u00e9 de grandes<br \/>\nquantit\u00e9s de donn\u00e9es pour ses d\u00e9veloppeurs, avait-elle alors<br \/>\nd\u00e9clar\u00e9.\n<\/p>\n<p>\n Le lancement de samedi \u00e9tait destin\u00e9 \u00e0 servir \u00ab\u00e0 la fois de<br \/>\nmission de qualification du v\u00e9hicule et de premier vol avec<br \/>\ncharge utile\u00bb, a d\u00e9clar\u00e9 l\u2019entreprise bavaroise.\n<\/p>\n<p>\n Parmi les acteurs mondiaux du march\u00e9 du lancement de<br \/>\nsatellites figurent  SpaceX<br \/>\n <a href=\"https:\/\/www.boursorama.com\/cours\/SPCX\/\" title=\"SPACEX\" rel=\"nofollow noopener\" target=\"_blank\"><br \/>\n  SPCX.O<br \/>\n <\/a><br \/>\n d\u2019Elon Musk, qui<br \/>\neffectue ses lancements depuis les \u00c9tats-Unis, et le groupe<br \/>\nfran\u00e7ais ArianeGroup, une coentreprise entre Airbus<br \/>\n <a href=\"https:\/\/www.boursorama.com\/cours\/1rPAIR\/\" title=\"AIRBUS\" rel=\"nofollow noopener\" target=\"_blank\"><br \/>\n  AIR.PA<br \/>\n <\/a><br \/>\n et<br \/>\nSafran<br \/>\n <a href=\"https:\/\/www.boursorama.com\/cours\/1rPSAF\/\" title=\"SAFRAN\" rel=\"nofollow noopener\" target=\"_blank\"><br \/>\n  SAF.PA<br \/>\n <\/a><br \/>\n qui utilise un port spatial en Guyane fran\u00e7aise,<br \/>\nen Am\u00e9rique du Sud.\n<\/p>\n<p>\n SpaceX, une entreprise active dans les domaines des fus\u00e9es,<br \/>\ndes satellites et de l\u2019intelligence artificielle, a \u00e9t\u00e9 cot\u00e9e en<br \/>\njuin sur le Nasdaq  \u00e0 l\u2019issue d\u2019une introduction en bourse<br \/>\nrecord.\n<\/p>\n<p>\n La Su\u00e8de, avec son site de lancement d\u2019Esrange, et la<br \/>\nGrande-Bretagne, avec son port spatial de SaxaVord situ\u00e9 dans<br \/>\nles \u00eeles Shetland, en \u00c9cosse, sont les concurrents les plus<br \/>\nproches du site norv\u00e9gien; tous visent \u00e0 donner \u00e0 l\u2019Europe une<br \/>\nplus grande autonomie en mati\u00e8re de vols spatiaux.\n<\/p>\n<p>\n Isar a annonc\u00e9 la semaine derni\u00e8re  avoir obtenu<br \/>\nenviron 200 millions d\u2019euros (232 millions de dollars) de<br \/>\nl\u2019Agence spatiale europ\u00e9enne pour contribuer au financement du<br \/>\nd\u00e9veloppement de nouvelles fus\u00e9es et \u00e0 l\u2019extension de ses<br \/>\ninfrastructures d\u2019essais et de lancement.\n<\/p>\n<p>\n L\u2019entreprise allemande d\u00e9veloppe \u00e9galement un deuxi\u00e8me site<br \/>\nde lancement au Canada.\n<\/p>\n<p>\n (1 dollar = 0,8611 euro)<\/p>\n","protected":false},"excerpt":{"rendered":"((Traduction automatis\u00e9e par Reuters \u00e0 l&rsquo;aide de l&rsquo;apprentissage automatique et de l&rsquo;IA g\u00e9n\u00e9rative, veuillez vous r\u00e9f\u00e9rer \u00e0 l&rsquo;avertissement&hellip;\n","protected":false},"author":2,"featured_media":10218,"comment_status":"","ping_status":"","sticky":false,"template":"","format":"standard","meta":{"footnotes":"","_share_on_mastodon":"0"},"categories":[2],"tags":[593,591,601,598,18,596,595,592,597,594,599,600],"class_list":["post-201445","post","type-post","status-publish","format-standard","has-post-thumbnail","category-europe","tag-action-cac-40","tag-bourse-de-paris","tag-boursorama","tag-cotations","tag-europe","tag-indices-devises","tag-investir","tag-investissement","tag-marche-boursier","tag-sicav","tag-trackers","tag-warrants"],"share_on_mastodon":{"url":"https:\/\/pubeurope.com\/@afrique\/117220937943391467","error":""},"_links":{"self":[{"href":"https:\/\/www.europesays.com\/afrique\/wp-json\/wp\/v2\/posts\/201445","targetHints":{"allow":["GET"]}}],"collection":[{"href":"https:\/\/www.europesays.com\/afrique\/wp-json\/wp\/v2\/posts"}],"about":[{"href":"https:\/\/www.europesays.com\/afrique\/wp-json\/wp\/v2\/types\/post"}],"author":[{"embeddable":true,"href":"https:\/\/www.europesays.com\/afrique\/wp-json\/wp\/v2\/users\/2"}],"replies":[{"embeddable":true,"href":"https:\/\/www.europesays.com\/afrique\/wp-json\/wp\/v2\/comments?post=201445"}],"version-history":[{"count":0,"href":"https:\/\/www.europesays.com\/afrique\/wp-json\/wp\/v2\/posts\/201445\/revisions"}],"wp:featuredmedia":[{"embeddable":true,"href":"https:\/\/www.europesays.com\/afrique\/wp-json\/wp\/v2\/media\/10218"}],"wp:attachment":[{"href":"https:\/\/www.europesays.com\/afrique\/wp-json\/wp\/v2\/media?parent=201445"}],"wp:term":[{"taxonomy":"category","embeddable":true,"href":"https:\/\/www.europesays.com\/afrique\/wp-json\/wp\/v2\/categories?post=201445"},{"taxonomy":"post_tag","embeddable":true,"href":"https:\/\/www.europesays.com\/afrique\/wp-json\/wp\/v2\/tags?post=201445"}],"curies":[{"name":"wp","href":"https:\/\/api.w.org\/{rel}","templated":true}]}}