{"id":201448,"date":"2026-09-05T23:20:12","date_gmt":"2026-09-05T23:20:12","guid":{"rendered":"https:\/\/www.europesays.com\/afrique\/201448\/"},"modified":"2026-09-05T23:20:12","modified_gmt":"2026-09-05T23:20:12","slug":"necrologie-larmee-nationale-en-deuil-suite-au-rappel-a-dieu-du-colonel-abdou-faboure-une-figure-emblematique-des-commandos","status":"publish","type":"post","link":"https:\/\/www.europesays.com\/afrique\/201448\/","title":{"rendered":"N\u00e9crologie : L\u2019Arm\u00e9e nationale en deuil suite au rappel \u00e0 Dieu du Colonel Abdou Fabour\u00e9, une figure embl\u00e9matique des Commandos"},"content":{"rendered":"<p>\t\t\t\t\t C&rsquo;est avec une profonde affliction et une vive \u00e9motion que nous avons appris le rappel \u00e0 Dieu, survenu le vendredi 4 septembre 2026, du Colonel (cadre de r\u00e9serve) de l&rsquo;Arm\u00e9e nationale, Abdou Fabour\u00e9. <\/p>\n<p>Dakarposte a appris que l&rsquo;officier sup\u00e9rieur s&rsquo;est \u00e9teint \u00e0 Diatang, dans la contr\u00e9e de Sindian, o\u00f9 il s&rsquo;\u00e9tait retir\u00e9 pour un s\u00e9jour familial. &#13;\t\t\t\t\t <br \/>Sa terre natale l&rsquo;a d\u00e9finitivement accueilli ce samedi 5 septembre 2026 lors d&rsquo;une c\u00e9r\u00e9monie d&rsquo;inhumation empreinte de solennit\u00e9 et de recueillement. &#13;\t\t\t\t\t <\/p>\n<p>Le Colonel Fabour\u00e9 laisse derri\u00e8re lui l&rsquo;image d&rsquo;un soldat d&rsquo;\u00e9lite et d&rsquo;un meneur d&rsquo;hommes hors pair, dont la trajectoire d&rsquo;excellence reste grav\u00e9e dans les annales militaires.&#13;\t\t\t\t\t <\/p>\n<p>Grand sp\u00e9cialiste des forces sp\u00e9ciales, il s&rsquo;\u00e9tait brillamment illustr\u00e9 \u00e0 la t\u00eate de la prestigieuse 2\u1d49 Compagnie du Bataillon des Commandos, avant de fa\u00e7onner des g\u00e9n\u00e9rations de soldats en prenant le commandement du 12\u1d49 Bataillon du Centre d\u2019instruction de Bango. &#13;\t\t\t\t\t <\/p>\n<p>Son sens \u00e9lev\u00e9 de la transmission l&rsquo;avait \u00e9galement conduit \u00e0 officier comme chef de section de la 4\u1d49 promotion de l\u2019\u00c9cole nationale des officiers d\u2019active (ENOA).&#13;\t\t\t\t\t <\/p>\n<p>Ancien stagiaire de l&rsquo;\u00c9cole d&rsquo;application de l&rsquo;infanterie (EAI) de Montpellier en France, de 1981 \u00e0 1982, il y fut le brillant compagnon d&rsquo;armes des regrett\u00e9s officiers Balla Ke\u00efta et Malamine Badiane. &#13;\t\t\t\t\t <\/p>\n<p>Une fois ses obligations r\u00e9publicaines accomplies sous le drapeau national, ce digne fils du S\u00e9n\u00e9gal avait mis son expertise strat\u00e9gique au service de la paix internationale, notamment en R\u00e9publique d\u00e9mocratique du Congo (RDC), o\u00f9 sa contribution majeure au programme des Nations Unies pour le D\u00e9sarmement, la D\u00e9mobilisation et la R\u00e9insertion (DDR) fut unanimement salu\u00e9e. &#13;\t\t\t\t\t <\/p>\n<p>En cette douloureuse circonstance, la direction et l&rsquo;ensemble de la r\u00e9daction de Dakarposte s&rsquo;inclinent avec respect devant la m\u00e9moire de ce grand serviteur de la Nation et adressent leurs condol\u00e9ances les plus \u00e9mues et attrist\u00e9es \u00e0 sa famille \u00e9plor\u00e9e, \u00e0 ses anciens fr\u00e8res d&rsquo;armes ainsi qu&rsquo;aux forces arm\u00e9es s\u00e9n\u00e9galaises. &#13;\t\t\t\t\t <\/p>\n<p>Que son \u00e2me repose en paix !&#13;\t\t\t\t\t <\/p>\n","protected":false},"excerpt":{"rendered":"C&rsquo;est avec une profonde affliction et une vive \u00e9motion que nous avons appris le rappel \u00e0 Dieu, survenu&hellip;\n","protected":false},"author":2,"featured_media":201449,"comment_status":"","ping_status":"","sticky":false,"template":"","format":"standard","meta":{"footnotes":"","_share_on_mastodon":"0"},"categories":[84],"tags":[4142,4152,4156,4147,4148,3519,4157,4144,4154,4146,4138,4150,4153,4140,4151,199,2058,1875,4155,4139,4143,11,4149,4145,4141,1936],"class_list":["post-201448","post","type-post","status-publish","format-standard","has-post-thumbnail","category-senegal","tag-adji","tag-ale","tag-bassiroudiomaye-faye","tag-dakaractu","tag-dakarmatin","tag-depute","tag-diagne","tag-gendarmerie","tag-guy","tag-leral","tag-macky","tag-mariemefaye","tag-niang","tag-ousmane","tag-papa","tag-pastef","tag-police","tag-prison","tag-sagna","tag-sall","tag-sarr","tag-senegal","tag-senenews","tag-seneweb","tag-sonko","tag-tribunal"],"share_on_mastodon":{"url":"https:\/\/pubeurope.com\/@afrique\/117221000654864174","error":""},"_links":{"self":[{"href":"https:\/\/www.europesays.com\/afrique\/wp-json\/wp\/v2\/posts\/201448","targetHints":{"allow":["GET"]}}],"collection":[{"href":"https:\/\/www.europesays.com\/afrique\/wp-json\/wp\/v2\/posts"}],"about":[{"href":"https:\/\/www.europesays.com\/afrique\/wp-json\/wp\/v2\/types\/post"}],"author":[{"embeddable":true,"href":"https:\/\/www.europesays.com\/afrique\/wp-json\/wp\/v2\/users\/2"}],"replies":[{"embeddable":true,"href":"https:\/\/www.europesays.com\/afrique\/wp-json\/wp\/v2\/comments?post=201448"}],"version-history":[{"count":0,"href":"https:\/\/www.europesays.com\/afrique\/wp-json\/wp\/v2\/posts\/201448\/revisions"}],"wp:featuredmedia":[{"embeddable":true,"href":"https:\/\/www.europesays.com\/afrique\/wp-json\/wp\/v2\/media\/201449"}],"wp:attachment":[{"href":"https:\/\/www.europesays.com\/afrique\/wp-json\/wp\/v2\/media?parent=201448"}],"wp:term":[{"taxonomy":"category","embeddable":true,"href":"https:\/\/www.europesays.com\/afrique\/wp-json\/wp\/v2\/categories?post=201448"},{"taxonomy":"post_tag","embeddable":true,"href":"https:\/\/www.europesays.com\/afrique\/wp-json\/wp\/v2\/tags?post=201448"}],"curies":[{"name":"wp","href":"https:\/\/api.w.org\/{rel}","templated":true}]}}