{"id":201493,"date":"2026-09-06T00:41:33","date_gmt":"2026-09-06T00:41:33","guid":{"rendered":"https:\/\/www.europesays.com\/afrique\/201493\/"},"modified":"2026-09-06T00:41:33","modified_gmt":"2026-09-06T00:41:33","slug":"sebikotane-une-guineenne-interpellee-pour-usurpation-didentite","status":"publish","type":"post","link":"https:\/\/www.europesays.com\/afrique\/201493\/","title":{"rendered":"S\u00e9bikotane : une Guin\u00e9enne interpell\u00e9e pour usurpation d&rsquo;identit\u00e9"},"content":{"rendered":"<p>\t\t\t\t\t Alert\u00e9e par des circonstances jug\u00e9es suspectes entourant une souscription, la Sonatel a transmis ses observations \u00e0 la Brigade de recherches de Faidherbe, d\u00e9clenchant une enqu\u00eate qui allait rapidement aboutir.<\/p>\n<p>L&rsquo;arrestation est intervenue le 4 septembre 2026, vers 23 h 20, \u00e0 S\u00e9bikotane, dans le cadre de cette enqu\u00eate portant sur une possible fraude documentaire. Selon les \u00e9l\u00e9ments communiqu\u00e9s aux enqu\u00eateurs, la mise en cause, une ressortissante guin\u00e9enne, aurait utilis\u00e9 la carte nationale d&rsquo;identit\u00e9 d&rsquo;une citoyenne s\u00e9n\u00e9galaise pour souscrire \u00e0 un abonnement internet, avant que les investigations engag\u00e9es \u00e0 la suite de cette d\u00e9nonciation ne permettent de la localiser puis de l&rsquo;interpeller.&#13;<br \/>\n&#13;\n<\/p>\n<p>Entendue par les enqu\u00eateurs, la suspecte aurait reconnu \u00eatre en possession de la carte nationale d&rsquo;identit\u00e9 appartenant \u00e0 la citoyenne s\u00e9n\u00e9galaise, un document qu&rsquo;elle d\u00e9tiendrait depuis plusieurs ann\u00e9es. Elle aurait expliqu\u00e9 l&rsquo;avoir trouv\u00e9 dans une bo\u00eete de nuit situ\u00e9e au quartier Point E, \u00e0 Dakar, avant de reconna\u00eetre l&rsquo;avoir utilis\u00e9 pour souscrire, en octobre 2025, un abonnement wifi aupr\u00e8s d&rsquo;Orange S\u00e9n\u00e9gal.&#13;<br \/>\n&#13;\n<\/p>\n<p>L&rsquo;enqu\u00eate devra d\u00e9sormais d\u00e9terminer les circonstances exactes dans lesquelles la carte nationale d&rsquo;identit\u00e9 a \u00e9t\u00e9 obtenue, les conditions de son utilisation, ainsi que les \u00e9ventuelles cons\u00e9quences li\u00e9es \u00e0 cette souscription effectu\u00e9e sous une autre identit\u00e9.&#13;<br \/>\n&#13;\n<\/p>\n<p>Plac\u00e9e en garde \u00e0 vue dans les locaux de la Brigade de recherches de Faidherbe, la mise en cause reste \u00e0 la disposition des enqu\u00eateurs. Les investigations se poursuivent avant la transmission du dossier aux autorit\u00e9s judiciaires comp\u00e9tentes, qui d\u00e9cideront des suites \u00e0 donner \u00e0 cette affaire.&#13;<br \/>\n&#13;\n<\/p>\n<p>Cette affaire illustre la vigilance croissante des op\u00e9rateurs t\u00e9l\u00e9coms face \u00e0 la fraude documentaire, un ph\u00e9nom\u00e8ne r\u00e9guli\u00e8rement combattu par les unit\u00e9s de gendarmerie de la r\u00e9gion dakaroise, \u00e0 l&rsquo;image de <a href=\"https:\/\/www.ndarinfo.com\/Affaire-Ahmed-Ndoye-le-proprietaire-du-numero-de-permis-inscrit-sur-l-attestation-depose-une-plainte-contre-le_a39456.html\" class=\"underline underline-offset-2 decoration-1 decoration-current\/40 hover:decoration-current focus:decoration-current\" rel=\"nofollow noopener\" target=\"_blank\">d&rsquo;autres affaires de faux documents trait\u00e9es par la brigade de S\u00e9bikotane<\/a>.&#13;<br \/>\n&#13;<\/p>\n","protected":false},"excerpt":{"rendered":"Alert\u00e9e par des circonstances jug\u00e9es suspectes entourant une souscription, la Sonatel a transmis ses observations \u00e0 la Brigade&hellip;\n","protected":false},"author":2,"featured_media":201494,"comment_status":"","ping_status":"","sticky":false,"template":"","format":"standard","meta":{"footnotes":"","_share_on_mastodon":"0"},"categories":[84],"tags":[51295,32341,27909,11,8224,43605],"class_list":["post-201493","post","type-post","status-publish","format-standard","has-post-thumbnail","category-senegal","tag-brigade-de-recherches-de-faidherbe","tag-fraude-documentaire","tag-sebikotane","tag-senegal","tag-sonatel","tag-usurpation-d"],"share_on_mastodon":{"url":"https:\/\/pubeurope.com\/@afrique\/117221319518299118","error":""},"_links":{"self":[{"href":"https:\/\/www.europesays.com\/afrique\/wp-json\/wp\/v2\/posts\/201493","targetHints":{"allow":["GET"]}}],"collection":[{"href":"https:\/\/www.europesays.com\/afrique\/wp-json\/wp\/v2\/posts"}],"about":[{"href":"https:\/\/www.europesays.com\/afrique\/wp-json\/wp\/v2\/types\/post"}],"author":[{"embeddable":true,"href":"https:\/\/www.europesays.com\/afrique\/wp-json\/wp\/v2\/users\/2"}],"replies":[{"embeddable":true,"href":"https:\/\/www.europesays.com\/afrique\/wp-json\/wp\/v2\/comments?post=201493"}],"version-history":[{"count":0,"href":"https:\/\/www.europesays.com\/afrique\/wp-json\/wp\/v2\/posts\/201493\/revisions"}],"wp:featuredmedia":[{"embeddable":true,"href":"https:\/\/www.europesays.com\/afrique\/wp-json\/wp\/v2\/media\/201494"}],"wp:attachment":[{"href":"https:\/\/www.europesays.com\/afrique\/wp-json\/wp\/v2\/media?parent=201493"}],"wp:term":[{"taxonomy":"category","embeddable":true,"href":"https:\/\/www.europesays.com\/afrique\/wp-json\/wp\/v2\/categories?post=201493"},{"taxonomy":"post_tag","embeddable":true,"href":"https:\/\/www.europesays.com\/afrique\/wp-json\/wp\/v2\/tags?post=201493"}],"curies":[{"name":"wp","href":"https:\/\/api.w.org\/{rel}","templated":true}]}}