{"id":201503,"date":"2026-09-06T01:03:54","date_gmt":"2026-09-06T01:03:54","guid":{"rendered":"https:\/\/www.europesays.com\/afrique\/201503\/"},"modified":"2026-09-06T01:03:54","modified_gmt":"2026-09-06T01:03:54","slug":"traque-par-la-foule-et-cueilli-par-les-gendarmes-le-double-visage-du-predateur-de-ngor-demasque","status":"publish","type":"post","link":"https:\/\/www.europesays.com\/afrique\/201503\/","title":{"rendered":"Traqu\u00e9 par la foule et cueilli par les gendarmes : Le double visage du pr\u00e9dateur de Ngor d\u00e9masqu\u00e9"},"content":{"rendered":"<p>\t\t\t\t\t Une double affaire d&rsquo;agressions sexuelles d&rsquo;une gravit\u00e9 exceptionnelle secoue la commune de Ngor, mettant en lumi\u00e8re le sang-froid et la r\u00e9activit\u00e9 des forces de l&rsquo;ordre face \u00e0 la d\u00e9linquance sexuelle.<\/p>\n<p>Le 2 septembre 2026, vers 7 heures du matin, une citoyenne identifi\u00e9e sous les initiales d&rsquo;A. Diallo, qui cheminait vers son lieu de travail en compagnie de sa ni\u00e8ce, a \u00e9t\u00e9 prise en filature par un individu nomm\u00e9 Mamadou Oury Diallo dans une zone champ\u00eatre situ\u00e9e \u00e0 l&rsquo;arri\u00e8re d&rsquo;un \u00e9tablissement scolaire bilingue. &#13;\t\t\t\t\t <\/p>\n<p>Dissimulant \u00e0 peine ses intentions criminelles, l&rsquo;agresseur s&rsquo;est approch\u00e9 de sa victime pour prof\u00e9rer des menaces explicites quant \u00e0 sa soumission forc\u00e9e, avant de lui ass\u00e9ner un violent coup physique. En d\u00e9pit d&rsquo;une r\u00e9sistance d\u00e9sesp\u00e9r\u00e9e de la victime, le pr\u00e9dateur est parvenu \u00e0 la d\u00e9v\u00eatir partiellement \u00e0 la suite d&rsquo;un corps-\u00e0-corps violent. &#13;\t\t\t\t\t <\/p>\n<p>Le sort de la malheureuse a heureusement bascul\u00e9 gr\u00e2ce \u00e0 l&rsquo;intervention providentielle d&rsquo;un passant, T. Bah, dont les alertes sonores ont imm\u00e9diatement mobilis\u00e9 le voisinage. &#13;\t\t\t\t\t <\/p>\n<p>Ma\u00eetris\u00e9 par la clameur publique, le suspect n&rsquo;a d\u00fb son salut qu&rsquo;\u00e0 l&rsquo;arriv\u00e9e diligente des \u00e9l\u00e9ments de la gendarmerie nationale. &#13;\t\t\t\t\t <\/p>\n<p>L&rsquo;ouverture imm\u00e9diate des investigations par la brigade de proximit\u00e9 de Ngor a rapidement permis de lever le voile sur un profil de pr\u00e9dateur r\u00e9current dans la zone. &#13;\t\t\t\t\t <\/p>\n<p>Les limiers ont en effet identifi\u00e9 une seconde victime pr\u00e9sum\u00e9e, O. Bah, r\u00e9sidant dans la zone de recasement, qui a formellement accus\u00e9 Mamadou Oury Diallo d&rsquo;avoir d&rsquo;ores et d\u00e9j\u00e0 consomm\u00e9 un viol \u00e0 son encontre selon un mode op\u00e9ratoire similaire. &#13;\t\t\t\t\t <\/p>\n<p>Face \u00e0 la convergence de ces t\u00e9moignages accablants et aux \u00e9l\u00e9ments mat\u00e9riels r\u00e9unis par les enqu\u00eateurs, le ressortissant guin\u00e9en a \u00e9t\u00e9 formellement arr\u00eat\u00e9 et d\u00e9f\u00e9r\u00e9 au parquet de Dakar. &#13;\t\t\t\t\t <\/p>\n<p>L&rsquo;instruction judiciaire d\u00e9sormais ouverte sous la supervision du procureur de la R\u00e9publique devra d\u00e9terminer l&rsquo;\u00e9tendue exacte des agissements criminels du pr\u00e9venu, qui encourt une lourde peine criminelle pour des faits de viol et de tentative de viol aggrav\u00e9.\n\t\t\t\t <\/p>\n","protected":false},"excerpt":{"rendered":"Une double affaire d&rsquo;agressions sexuelles d&rsquo;une gravit\u00e9 exceptionnelle secoue la commune de Ngor, mettant en lumi\u00e8re le sang-froid&hellip;\n","protected":false},"author":2,"featured_media":201504,"comment_status":"","ping_status":"","sticky":false,"template":"","format":"standard","meta":{"footnotes":"","_share_on_mastodon":"0"},"categories":[84],"tags":[4142,4152,4156,4147,4148,3519,4157,4144,4154,4146,4138,4150,4153,4140,4151,199,2058,1875,4155,4139,4143,11,4149,4145,4141,1936],"class_list":["post-201503","post","type-post","status-publish","format-standard","has-post-thumbnail","category-senegal","tag-adji","tag-ale","tag-bassiroudiomaye-faye","tag-dakaractu","tag-dakarmatin","tag-depute","tag-diagne","tag-gendarmerie","tag-guy","tag-leral","tag-macky","tag-mariemefaye","tag-niang","tag-ousmane","tag-papa","tag-pastef","tag-police","tag-prison","tag-sagna","tag-sall","tag-sarr","tag-senegal","tag-senenews","tag-seneweb","tag-sonko","tag-tribunal"],"share_on_mastodon":{"url":"https:\/\/pubeurope.com\/@afrique\/117221409614301968","error":""},"_links":{"self":[{"href":"https:\/\/www.europesays.com\/afrique\/wp-json\/wp\/v2\/posts\/201503","targetHints":{"allow":["GET"]}}],"collection":[{"href":"https:\/\/www.europesays.com\/afrique\/wp-json\/wp\/v2\/posts"}],"about":[{"href":"https:\/\/www.europesays.com\/afrique\/wp-json\/wp\/v2\/types\/post"}],"author":[{"embeddable":true,"href":"https:\/\/www.europesays.com\/afrique\/wp-json\/wp\/v2\/users\/2"}],"replies":[{"embeddable":true,"href":"https:\/\/www.europesays.com\/afrique\/wp-json\/wp\/v2\/comments?post=201503"}],"version-history":[{"count":0,"href":"https:\/\/www.europesays.com\/afrique\/wp-json\/wp\/v2\/posts\/201503\/revisions"}],"wp:featuredmedia":[{"embeddable":true,"href":"https:\/\/www.europesays.com\/afrique\/wp-json\/wp\/v2\/media\/201504"}],"wp:attachment":[{"href":"https:\/\/www.europesays.com\/afrique\/wp-json\/wp\/v2\/media?parent=201503"}],"wp:term":[{"taxonomy":"category","embeddable":true,"href":"https:\/\/www.europesays.com\/afrique\/wp-json\/wp\/v2\/categories?post=201503"},{"taxonomy":"post_tag","embeddable":true,"href":"https:\/\/www.europesays.com\/afrique\/wp-json\/wp\/v2\/tags?post=201503"}],"curies":[{"name":"wp","href":"https:\/\/api.w.org\/{rel}","templated":true}]}}