{"id":201547,"date":"2026-09-06T03:16:10","date_gmt":"2026-09-06T03:16:10","guid":{"rendered":"https:\/\/www.europesays.com\/afrique\/201547\/"},"modified":"2026-09-06T03:16:10","modified_gmt":"2026-09-06T03:16:10","slug":"senegal-le-president-de-la-republique-a-recu-cheikh-ndiguel-sene","status":"publish","type":"post","link":"https:\/\/www.europesays.com\/afrique\/201547\/","title":{"rendered":"S\u00e9n\u00e9gal: Le pr\u00e9sident de la R\u00e9publique a re\u00e7u Cheikh Ndiguel S\u00e8ne"},"content":{"rendered":"<p class=\"story-body-text\" data-para-word-count=\"31\">Le Pr\u00e9sident de la R\u00e9publique, Son Excellence Monsieur Bassirou Diomaye Faye, a re\u00e7u ce samedi 5 septembre, Cheikh Ndiguel S\u00e8ne, informe les services de communication de la pr\u00e9sidence de la R\u00e9publique.<\/p>\n<p class=\"story-body-text\" data-para-word-count=\"53\">\u00ab Le Pr\u00e9sident de la R\u00e9publique a rappel\u00e9 que l&rsquo;\u00c9tat entend s&rsquo;appuyer sur ces relais dans sa politique en direction de la jeunesse. Les guides religieux touchent des enfants et des jeunes que les dispositifs publics n&rsquo;atteignent pas toujours, et leur contribution \u00e0 la coh\u00e9sion nationale reste d\u00e9terminante \u00bb, rapporte la m\u00eame source.<\/p>\n<p class=\"story-body-text\" data-para-word-count=\"37\">Le guide religieux Cheikh Ndiguel S\u00e8ne consacre son action \u00e0 l&rsquo;\u00e9ducation spirituelle et morale des \u00e2mes, avec une attention particuli\u00e8re port\u00e9e \u00e0 la jeunesse. Sa notori\u00e9t\u00e9 et son influence en font une figure largement \u00e9cout\u00e9e et suivie.<\/p>\n<p class=\"story-body-text\" data-para-word-count=\"60\">\u00c0 travers ses enseignements, son engagement et sa d\u00e9marche, il constitue une v\u00e9ritable source d&rsquo;inspiration et de guidance pour de nombreux disciples qui se reconnaissent dans sa philosophie et adh\u00e8rent \u00e0 sa vision. Il constitue d\u00e8s lors un v\u00e9ritable vecteur d&rsquo;\u00e9ducation, d&rsquo;encadrement et d&rsquo;orientation de la jeunesse, particuli\u00e8rement dans un monde marqu\u00e9 par la multiplication des tentations et des d\u00e9rives.<\/p>\n","protected":false},"excerpt":{"rendered":"Le Pr\u00e9sident de la R\u00e9publique, Son Excellence Monsieur Bassirou Diomaye Faye, a re\u00e7u ce samedi 5 septembre, Cheikh&hellip;\n","protected":false},"author":2,"featured_media":68736,"comment_status":"","ping_status":"","sticky":false,"template":"","format":"standard","meta":{"footnotes":"","_share_on_mastodon":"0"},"categories":[84],"tags":[263,267,269,265,272,80,264,11,268,266,270,756],"class_list":["post-201547","post","type-post","status-publish","format-standard","has-post-thumbnail","category-senegal","tag-africa","tag-business","tag-current-events","tag-economy","tag-governance","tag-news","tag-politics","tag-senegal","tag-sports","tag-trade","tag-travel","tag-west-africa"],"share_on_mastodon":{"url":"https:\/\/pubeurope.com\/@afrique\/117221928896046543","error":""},"_links":{"self":[{"href":"https:\/\/www.europesays.com\/afrique\/wp-json\/wp\/v2\/posts\/201547","targetHints":{"allow":["GET"]}}],"collection":[{"href":"https:\/\/www.europesays.com\/afrique\/wp-json\/wp\/v2\/posts"}],"about":[{"href":"https:\/\/www.europesays.com\/afrique\/wp-json\/wp\/v2\/types\/post"}],"author":[{"embeddable":true,"href":"https:\/\/www.europesays.com\/afrique\/wp-json\/wp\/v2\/users\/2"}],"replies":[{"embeddable":true,"href":"https:\/\/www.europesays.com\/afrique\/wp-json\/wp\/v2\/comments?post=201547"}],"version-history":[{"count":0,"href":"https:\/\/www.europesays.com\/afrique\/wp-json\/wp\/v2\/posts\/201547\/revisions"}],"wp:featuredmedia":[{"embeddable":true,"href":"https:\/\/www.europesays.com\/afrique\/wp-json\/wp\/v2\/media\/68736"}],"wp:attachment":[{"href":"https:\/\/www.europesays.com\/afrique\/wp-json\/wp\/v2\/media?parent=201547"}],"wp:term":[{"taxonomy":"category","embeddable":true,"href":"https:\/\/www.europesays.com\/afrique\/wp-json\/wp\/v2\/categories?post=201547"},{"taxonomy":"post_tag","embeddable":true,"href":"https:\/\/www.europesays.com\/afrique\/wp-json\/wp\/v2\/tags?post=201547"}],"curies":[{"name":"wp","href":"https:\/\/api.w.org\/{rel}","templated":true}]}}