{"id":201581,"date":"2026-09-06T05:10:15","date_gmt":"2026-09-06T05:10:15","guid":{"rendered":"https:\/\/www.europesays.com\/afrique\/201581\/"},"modified":"2026-09-06T05:10:15","modified_gmt":"2026-09-06T05:10:15","slug":"cartographie-a-lonu-le-togo-gagne-une-bataille-pour-une-afrique-a-sa-vraie-taille","status":"publish","type":"post","link":"https:\/\/www.europesays.com\/afrique\/201581\/","title":{"rendered":"Cartographie : \u00e0 l\u2019ONU, le Togo gagne une bataille pour une Afrique \u00e0 sa vraie taille"},"content":{"rendered":"<p class=\"texte\" style=\"text-align: justify;\">(Togo First) &#8211; L\u2019Assembl\u00e9e g\u00e9n\u00e9rale des Nations unies a adopt\u00e9, vendredi 4 septembre 2026, une r\u00e9solution encourageant l\u2019utilisation de cartes du monde repr\u00e9sentant plus fid\u00e8lement la taille r\u00e9elle des continents. Port\u00e9 par le Togo au nom du Groupe africain et soutenu par l\u2019Union africaine (UA), le texte a recueilli 164 voix pour, une voix contre, celle des \u00c9tats-Unis, et six abstentions.<\/p>\n<p class=\"texte\" style=\"text-align: justify;\">La <a href=\"https:\/\/news.un.org\/en\/story\/2026\/09\/1168284\" rel=\"nofollow noopener\" target=\"_blank\">r\u00e9solution \u00ab\u00a0Correct the Map\u00a0\u00bb<\/a> encourage les \u00c9tats, les organisations internationales (OI), les syst\u00e8mes \u00e9ducatifs et les entreprises technologiques \u00e0 privil\u00e9gier des projections \u00e0 surfaces \u00e9quivalentes, comme Equal Earth, lorsque la repr\u00e9sentation des superficies constitue un enjeu.<\/p>\n<p class=\"texte\" style=\"text-align: justify;\">Mettre fin \u00e0 une distorsion vieille de plusieurs si\u00e8cles<\/p>\n<p class=\"texte\" style=\"text-align: justify;\">La projection de Mercator, con\u00e7ue en 1569 pour la navigation maritime et aujourd\u2019hui la plus r\u00e9pandue, conserve les directions mais d\u00e9forme les superficies. Les territoires situ\u00e9s aux hautes latitudes apparaissent ainsi plus grands qu\u2019ils ne le sont r\u00e9ellement.<\/p>\n<p><img decoding=\"async\" style=\"display: block; margin-left: auto; margin-right: auto;\" src=\"https:\/\/www.europesays.com\/afrique\/wp-content\/uploads\/2026\/09\/CARTE.jpg\" alt=\"CARTE\"\/><\/p>\n<p class=\"texte\" style=\"text-align: justify;\">Le continent africain, proche de l\u2019\u00e9quateur, en est particuli\u00e8rement affect\u00e9. Alors qu\u2019il couvre environ 30,3 millions de km\u00b2, il peut para\u00eetre comparable au Groenland sur certaines cartes, bien qu\u2019il soit pr\u00e8s de 14 fois plus vaste. C\u2019est cette distorsion qui constitue le point de d\u00e9part de l\u2019initiative d\u00e9fendue par le Togo.<\/p>\n<p class=\"texte\" style=\"text-align: justify;\">\u00c0 la tribune de l\u2019ONU, le ministre togolais des Affaires \u00e9trang\u00e8res, Robert Dussey, a rappel\u00e9 que \u00ab\u00a0les cartes fa\u00e7onnent notre compr\u00e9hension du monde\u00a0\u00bb. Selon lui, elles \u00ab\u00a0orientent l\u2019\u00e9ducation, nourrissent l\u2019imaginaire et influencent les perceptions collectives\u00a0\u00bb.<\/p>\n<p class=\"texte\" style=\"text-align: justify;\">Une victoire diplomatique pour Lom\u00e9<\/p>\n<p class=\"texte\" style=\"text-align: justify;\">Le Togo a conduit les n\u00e9gociations au nom du Groupe africain, dans le prolongement de la campagne soutenue par l\u2019Union africaine. Le pr\u00e9sident de la Commission de l\u2019UA, Mahmoud Ali Youssouf, a salu\u00e9 le r\u00f4le jou\u00e9 par le pays d\u2019Afrique de l\u2019Ouest dans la mobilisation internationale autour de cette initiative.<\/p>\n<p><img decoding=\"async\" style=\"display: block; margin-left: auto; margin-right: auto;\" src=\"https:\/\/www.europesays.com\/afrique\/wp-content\/uploads\/2026\/09\/IM2.jpg\" alt=\"IM2\"\/><\/p>\n<p class=\"texte\" style=\"text-align: justify;\">Pour Robert Dussey, l\u2019enjeu va au-del\u00e0 de la technique cartographique. \u00ab\u00a0Cette question d\u00e9passe le champ strict de la cartographie. Elle concerne la justice cognitive, l&rsquo;acc\u00e8s \u00e0 une connaissance g\u00e9ographique exacte, la dignit\u00e9 des peuples, la m\u00e9moire historique et la lutte contre les repr\u00e9sentations h\u00e9rit\u00e9es\u00a0\u00bb, a-t-il d\u00e9clar\u00e9.<\/p>\n<p class=\"texte\" style=\"text-align: justify;\">Cette adoption marque une victoire importante pour la diplomatie togolaise sur la sc\u00e8ne internationale. La r\u00e9solution n\u2019interdit toutefois pas l\u2019usage de Mercator, qui conserve son utilit\u00e9 pour la navigation maritime et a\u00e9rienne. Elle n\u2019est pas non plus juridiquement contraignante. Son application d\u00e9pendra donc des choix des \u00c9tats, des \u00e9coles, des institutions et des entreprises technologiques.<\/p>\n<p class=\"texte\" style=\"text-align: justify;\">Ayi Renaud Dossavi<\/p>\n","protected":false},"excerpt":{"rendered":"(Togo First) &#8211; L\u2019Assembl\u00e9e g\u00e9n\u00e9rale des Nations unies a adopt\u00e9, vendredi 4 septembre 2026, une r\u00e9solution encourageant l\u2019utilisation&hellip;\n","protected":false},"author":2,"featured_media":201582,"comment_status":"","ping_status":"","sticky":false,"template":"","format":"standard","meta":{"footnotes":"","_share_on_mastodon":"0"},"categories":[2],"tags":[21264,90,18,51,223,545,315,19837,667,67,68,225,69,70],"class_list":["post-201581","post","type-post","status-publish","format-standard","has-post-thumbnail","category-europe","tag-nbsp","tag-des","tag-europe","tag-europe-afrique","tag-les","tag-par","tag-pour","tag-resolution","tag-togo","tag-ue","tag-ue-afrique","tag-une","tag-union-europeenne","tag-union-europeenne-afrique"],"share_on_mastodon":{"url":"https:\/\/pubeurope.com\/@afrique\/117222377136984690","error":""},"_links":{"self":[{"href":"https:\/\/www.europesays.com\/afrique\/wp-json\/wp\/v2\/posts\/201581","targetHints":{"allow":["GET"]}}],"collection":[{"href":"https:\/\/www.europesays.com\/afrique\/wp-json\/wp\/v2\/posts"}],"about":[{"href":"https:\/\/www.europesays.com\/afrique\/wp-json\/wp\/v2\/types\/post"}],"author":[{"embeddable":true,"href":"https:\/\/www.europesays.com\/afrique\/wp-json\/wp\/v2\/users\/2"}],"replies":[{"embeddable":true,"href":"https:\/\/www.europesays.com\/afrique\/wp-json\/wp\/v2\/comments?post=201581"}],"version-history":[{"count":0,"href":"https:\/\/www.europesays.com\/afrique\/wp-json\/wp\/v2\/posts\/201581\/revisions"}],"wp:featuredmedia":[{"embeddable":true,"href":"https:\/\/www.europesays.com\/afrique\/wp-json\/wp\/v2\/media\/201582"}],"wp:attachment":[{"href":"https:\/\/www.europesays.com\/afrique\/wp-json\/wp\/v2\/media?parent=201581"}],"wp:term":[{"taxonomy":"category","embeddable":true,"href":"https:\/\/www.europesays.com\/afrique\/wp-json\/wp\/v2\/categories?post=201581"},{"taxonomy":"post_tag","embeddable":true,"href":"https:\/\/www.europesays.com\/afrique\/wp-json\/wp\/v2\/tags?post=201581"}],"curies":[{"name":"wp","href":"https:\/\/api.w.org\/{rel}","templated":true}]}}