{"id":201589,"date":"2026-09-06T05:32:15","date_gmt":"2026-09-06T05:32:15","guid":{"rendered":"https:\/\/www.europesays.com\/afrique\/201589\/"},"modified":"2026-09-06T05:32:15","modified_gmt":"2026-09-06T05:32:15","slug":"lutte-contre-limmigration-illegale-en-quoi-consiste-le-projet-de-hubs-de-retour-sur-le-point-detre-cree-par-cinq-pays-europeens","status":"publish","type":"post","link":"https:\/\/www.europesays.com\/afrique\/201589\/","title":{"rendered":"Lutte contre l&rsquo;immigration ill\u00e9gale : en quoi consiste le projet de \u00abhubs de retour\u00bb sur le point d&rsquo;\u00eatre cr\u00e9\u00e9 par cinq pays europ\u00e9ens ?"},"content":{"rendered":"<p class=\"dm_article-chapeau\">La lutte contre l&rsquo;immigration ill\u00e9gale est au c\u0153ur des pr\u00e9occupations europ\u00e9ennes. Cinq pays europ\u00e9ens s&rsquo;entendent sur la mise en place de centres de retour pour les demandeurs d&rsquo;asile d\u00e9bout\u00e9s. Ils esp\u00e8rent trouver un accord de principe avec un pays tiers hors de l&rsquo;UE pour accueillir ces demandeurs d&rsquo;asile. Mais quel est donc ce projet europ\u00e9en autour de ces hubs de retour ?\u00a0<\/p>\n<p>Cinq pays europ\u00e9ens (Allemagne, Pays-Bas, Danemark, Gr\u00e8ce et Autriche) sont d&rsquo;accord sur la mise en place de \u00ab\u00a0<a href=\"https:\/\/www.europe1.fr\/international\/reforme-sur-les-hubs-de-retour-adoptee-par-lue-les-republicains-veulent-recolter-les-fruits-de-cette-victoire-en-france-955595\" rel=\"nofollow noopener\" target=\"_blank\">hubs de retour<\/a>\u00a0\u00bb pour les demandeurs d&rsquo;asile d\u00e9bout\u00e9s. R\u00e9unis \u00e0 Copenhague, ils comptent bien passer des accords avec un ou plusieurs pays tiers dans le d\u00e9but de l&rsquo;ann\u00e9e prochaine.\u00a0<\/p>\n<p>L&rsquo;objectif est simple, sur le papier du moins : installer des \u00ab\u00a0hubs de retour\u00a0\u00bb, des centres d&rsquo;accueil donc, dans des pays en dehors de l&rsquo;<a href=\"https:\/\/www.europe1.fr\/dossiers\/union-europeenne\" rel=\"nofollow noopener\" target=\"_blank\">Union europ\u00e9enne<\/a> pour les demandeurs d&rsquo;asile d\u00e9bout\u00e9s qui ne peuvent pas rentrer dans leur pays d&rsquo;origine.\u00a0<\/p>\n<p>Des hubs de retour loin de faire l&rsquo;unanimit\u00e9 en Europe<\/p>\n<p>Si aucun n&rsquo;a \u00e9t\u00e9 mentionn\u00e9, plusieurs pays semblent int\u00e9ress\u00e9s par un tel accord. L&rsquo;Ouganda, mais surtout le Rwanda qui a confirm\u00e9 le mois dernier avoir entam\u00e9 des discussions avec plusieurs pays europ\u00e9ens.\u00a0<\/p>\n<p>Le Royaume-Uni avait, pendant un temps, envisag\u00e9 une entente similaire avec Kigali lorsque <a href=\"https:\/\/www.europe1.fr\/international\/qui-est-rishi-sunak-le-plus-jeune-premier-ministre-de-lhistoire-du-royaume-uni-4143071\" rel=\"nofollow noopener\" target=\"_blank\">Rishi Sunak<\/a> \u00e9tait le Premier ministre britannique. Le Danemark pr\u00e9f\u00e8re finalement une solution europ\u00e9enne. Ce projet vient donc de ces cinq pays et cela intervient apr\u00e8s l&rsquo;adoption controvers\u00e9e, il y a deux mois, d&rsquo;un r\u00e8glement europ\u00e9en destin\u00e9 \u00e0 acc\u00e9l\u00e9rer les expulsions.\u00a0<\/p>\n<p>Face aux inqui\u00e9tudes des d\u00e9fenseurs des droits humains, le ministre danois des Migrations assure que les centres de retour ne sont pas des camps et que ce mod\u00e8le contribuera \u00e0 rendre le syst\u00e8me migratoire plus humain en brisant le mod\u00e8le \u00e9conomique des passeurs. Reste que ces hubs de retour sont loin de faire l&rsquo;unanimit\u00e9 en Europe. Emmanuel Macron les juge inefficaces et non conformes aux valeurs de l&rsquo;Union europ\u00e9enne.\u00a0<\/p>\n","protected":false},"excerpt":{"rendered":"La lutte contre l&rsquo;immigration ill\u00e9gale est au c\u0153ur des pr\u00e9occupations europ\u00e9ennes. Cinq pays europ\u00e9ens s&rsquo;entendent sur la mise&hellip;\n","protected":false},"author":2,"featured_media":201590,"comment_status":"","ping_status":"","sticky":false,"template":"","format":"standard","meta":{"footnotes":"","_share_on_mastodon":"0"},"categories":[2],"tags":[18,911,69],"class_list":["post-201589","post","type-post","status-publish","format-standard","has-post-thumbnail","category-europe","tag-europe","tag-immigration","tag-union-europeenne"],"share_on_mastodon":{"url":"https:\/\/pubeurope.com\/@afrique\/117222463410829898","error":""},"_links":{"self":[{"href":"https:\/\/www.europesays.com\/afrique\/wp-json\/wp\/v2\/posts\/201589","targetHints":{"allow":["GET"]}}],"collection":[{"href":"https:\/\/www.europesays.com\/afrique\/wp-json\/wp\/v2\/posts"}],"about":[{"href":"https:\/\/www.europesays.com\/afrique\/wp-json\/wp\/v2\/types\/post"}],"author":[{"embeddable":true,"href":"https:\/\/www.europesays.com\/afrique\/wp-json\/wp\/v2\/users\/2"}],"replies":[{"embeddable":true,"href":"https:\/\/www.europesays.com\/afrique\/wp-json\/wp\/v2\/comments?post=201589"}],"version-history":[{"count":0,"href":"https:\/\/www.europesays.com\/afrique\/wp-json\/wp\/v2\/posts\/201589\/revisions"}],"wp:featuredmedia":[{"embeddable":true,"href":"https:\/\/www.europesays.com\/afrique\/wp-json\/wp\/v2\/media\/201590"}],"wp:attachment":[{"href":"https:\/\/www.europesays.com\/afrique\/wp-json\/wp\/v2\/media?parent=201589"}],"wp:term":[{"taxonomy":"category","embeddable":true,"href":"https:\/\/www.europesays.com\/afrique\/wp-json\/wp\/v2\/categories?post=201589"},{"taxonomy":"post_tag","embeddable":true,"href":"https:\/\/www.europesays.com\/afrique\/wp-json\/wp\/v2\/tags?post=201589"}],"curies":[{"name":"wp","href":"https:\/\/api.w.org\/{rel}","templated":true}]}}