{"id":201630,"date":"2026-09-06T07:25:07","date_gmt":"2026-09-06T07:25:07","guid":{"rendered":"https:\/\/www.europesays.com\/afrique\/201630\/"},"modified":"2026-09-06T07:25:07","modified_gmt":"2026-09-06T07:25:07","slug":"meteo-du-senegal-une-nuit-sous-la-pluie-ce-samedi-voici-toutes-les-localites-concernees","status":"publish","type":"post","link":"https:\/\/www.europesays.com\/afrique\/201630\/","title":{"rendered":"M\u00e9t\u00e9o du S\u00e9n\u00e9gal : Une nuit sous la pluie ce samedi, voici toutes les localit\u00e9s concern\u00e9es"},"content":{"rendered":"<p>Les pr\u00e9visions consult\u00e9es font \u00e9tat d\u2019un risque de pluie de 69 % samedi, avec des orages possibles, et encore de 61 % dimanche.<\/p>\n<p class=\"firstp\">Des risques de pluie persistent dans plusieurs localit\u00e9s du sud du S\u00e9n\u00e9gal dans la nuit du samedi 5 au dimanche 6 septembre. \u00c0 partir de 20 heures et jusqu\u2019au petit matin, la Casamance appara\u00eet comme la principale zone \u00e0 surveiller, m\u00eame si l\u2019intensit\u00e9 du risque varie fortement d\u2019une localit\u00e9 \u00e0 l\u2019autre.<\/p>\n<p>Cap Skirring pr\u00e9sente le signal le plus marqu\u00e9. Les pr\u00e9visions consult\u00e9es font \u00e9tat d\u2019un risque de pluie de 69 % samedi, avec des orages possibles, et encore de 61 % dimanche. Kolda et ses environs restent \u00e9galement concern\u00e9s, avec un risque global estim\u00e9 \u00e0 41 % sur le week-end et la possibilit\u00e9 d\u2019averses localement fortes. \u00c0 Marsassoum, le risque est plus mod\u00e9r\u00e9 en soir\u00e9e, autour de 27 %, apr\u00e8s des orages annonc\u00e9s dans l\u2019apr\u00e8s-midi. Kampoto pr\u00e9sente pour sa part un risque faible, mais non nul, avec des pr\u00e9cipitations possibles en soir\u00e9e. S\u00e9dhiou demeure \u00e0 surveiller, tandis que le risque nocturne est estim\u00e9 \u00e0 environ 20 % \u00e0 Koubanao.        <\/p>\n<p>            <a class=\"snw-inpost-recirc__link\" href=\"https:\/\/www.senenews.com\/meteo\/meteo-du-senegal-voici-la-liste-de-toutes-les-localites-qui-vont-enregistrer-de-la-pluie-ce-samedi_598897.html\" aria-label=\"Sur le m\u00eame sujet : M\u00e9t\u00e9o du S\u00e9n\u00e9gal : Voici la liste de toutes les localit\u00e9s qui vont enregistrer de la pluie, ce samedi\" rel=\"nofollow noopener\" target=\"_blank\"><br \/>\n                                <img data-  width=\"800\" height=\"400\" src=\"https:\/\/www.europesays.com\/afrique\/wp-content\/uploads\/2026\/09\/hivernage-2019-pluie-et-orages-arrosent-le-senegal-1330844-800x400.jpg\" class=\"attachment-senenews-single-md size-senenews-single-md wp-post-image lazy\" alt=\"M\u00e9t\u00e9o du S\u00e9n\u00e9gal : Voici la liste de toutes les localit\u00e9s qui vont enregistrer de la pluie, ce samedi\" loading=\"lazy\" decoding=\"async\" style=\"width:100%;height:100%;object-fit:cover;object-position:center\" title=\"M\u00e9t\u00e9o du S\u00e9n\u00e9gal : Voici la liste de toutes les localit\u00e9s qui vont enregistrer de la pluie, ce samedi 2\"\/>M\u00e9t\u00e9o du S\u00e9n\u00e9gal : Voici la liste de toutes les localit\u00e9s qui vont enregistrer de la pluie, ce samedi<\/p>\n<p>                                        M\u00e9t\u00e9o du S\u00e9n\u00e9gal : Voici la liste de toutes les localit\u00e9s qui vont enregistrer de la pluie, ce samedi<\/p>\n<p>            <\/a><\/p>\n<p>\u00c0 l\u2019inverse, les <a href=\"https:\/\/www.senenews.com\/meteo\/meteo-du-senegal-voici-la-liste-de-toutes-les-localites-qui-vont-enregistrer-de-la-pluie-ce-samedi_598897.html\" rel=\"nofollow noopener\" target=\"_blank\">signaux<\/a> apparaissent faibles ou nuls dans plusieurs autres zones du pays. Dakar, Pikine, Keur Massar, Diamniadio, Thi\u00e8s, Mbour, Kaolack, Fatick, Kaffrine, Saint-Louis, Matam et Tambacounda devraient conna\u00eetre une nuit globalement s\u00e8che. \u00c0 Ziguinchor, malgr\u00e9 un risque plus important dans l\u2019apr\u00e8s-midi, les probabilit\u00e9s diminuent nettement en soir\u00e9e et durant la nuit. La situation demeure toutefois \u00e9volutive et localis\u00e9e, notamment dans le sud du pays.<\/p>\n<p>            <a class=\"snw-inpost-recirc__link\" href=\"https:\/\/www.senenews.com\/meteo\/meteo-du-senegal-ces-17-localites-vont-enregistrer-de-la-pluie-dans-les-prochaines-heures_598858.html\" aria-label=\"Sur le m\u00eame sujet : M\u00e9t\u00e9o du S\u00e9n\u00e9gal : Ces 17 localit\u00e9s vont enregistrer de la pluie dans les prochaines heures\" rel=\"nofollow noopener\" target=\"_blank\"><br \/>\n                                <img data-  width=\"800\" height=\"533\" src=\"https:\/\/www.europesays.com\/afrique\/wp-content\/uploads\/2026\/07\/8900319-pluie-la-nuit-fond-sombre-coup-de-pluie-tombant-gratuit-photo-scaled-800x533.jpeg\" class=\"attachment-senenews-single-md size-senenews-single-md wp-post-image lazy\" alt=\"M\u00e9t\u00e9o du S\u00e9n\u00e9gal : Ces 17 localit\u00e9s vont enregistrer de la pluie dans les prochaines heures\" loading=\"lazy\" decoding=\"async\" style=\"width:100%;height:100%;object-fit:cover;object-position:center\" title=\"M\u00e9t\u00e9o du S\u00e9n\u00e9gal : Ces 17 localit\u00e9s vont enregistrer de la pluie dans les prochaines heures 3\"\/>M\u00e9t\u00e9o du S\u00e9n\u00e9gal : Ces 17 localit\u00e9s vont enregistrer de la pluie dans les prochaines heures<\/p>\n<p>                                        M\u00e9t\u00e9o du S\u00e9n\u00e9gal : Ces 17 localit\u00e9s vont enregistrer de la pluie dans les prochaines heures<\/p>\n<p>            <\/a><\/p>\n","protected":false},"excerpt":{"rendered":"Les pr\u00e9visions consult\u00e9es font \u00e9tat d\u2019un risque de pluie de 69 % samedi, avec des orages possibles, et&hellip;\n","protected":false},"author":2,"featured_media":167131,"comment_status":"","ping_status":"","sticky":false,"template":"","format":"standard","meta":{"footnotes":"","_share_on_mastodon":"0"},"categories":[84],"tags":[628,11],"class_list":["post-201630","post","type-post","status-publish","format-standard","has-post-thumbnail","category-senegal","tag-pluie","tag-senegal"],"share_on_mastodon":{"url":"https:\/\/pubeurope.com\/@afrique\/117222908099893782","error":""},"_links":{"self":[{"href":"https:\/\/www.europesays.com\/afrique\/wp-json\/wp\/v2\/posts\/201630","targetHints":{"allow":["GET"]}}],"collection":[{"href":"https:\/\/www.europesays.com\/afrique\/wp-json\/wp\/v2\/posts"}],"about":[{"href":"https:\/\/www.europesays.com\/afrique\/wp-json\/wp\/v2\/types\/post"}],"author":[{"embeddable":true,"href":"https:\/\/www.europesays.com\/afrique\/wp-json\/wp\/v2\/users\/2"}],"replies":[{"embeddable":true,"href":"https:\/\/www.europesays.com\/afrique\/wp-json\/wp\/v2\/comments?post=201630"}],"version-history":[{"count":0,"href":"https:\/\/www.europesays.com\/afrique\/wp-json\/wp\/v2\/posts\/201630\/revisions"}],"wp:featuredmedia":[{"embeddable":true,"href":"https:\/\/www.europesays.com\/afrique\/wp-json\/wp\/v2\/media\/167131"}],"wp:attachment":[{"href":"https:\/\/www.europesays.com\/afrique\/wp-json\/wp\/v2\/media?parent=201630"}],"wp:term":[{"taxonomy":"category","embeddable":true,"href":"https:\/\/www.europesays.com\/afrique\/wp-json\/wp\/v2\/categories?post=201630"},{"taxonomy":"post_tag","embeddable":true,"href":"https:\/\/www.europesays.com\/afrique\/wp-json\/wp\/v2\/tags?post=201630"}],"curies":[{"name":"wp","href":"https:\/\/api.w.org\/{rel}","templated":true}]}}