{"id":201633,"date":"2026-09-06T07:29:21","date_gmt":"2026-09-06T07:29:21","guid":{"rendered":"https:\/\/www.europesays.com\/afrique\/201633\/"},"modified":"2026-09-06T07:29:21","modified_gmt":"2026-09-06T07:29:21","slug":"energie-lhiver-de-verite-de-leurope-otage-dormuz-et-de-ses-propres-renoncements","status":"publish","type":"post","link":"https:\/\/www.europesays.com\/afrique\/201633\/","title":{"rendered":"\u00c9nergie : l&rsquo;hiver de v\u00e9rit\u00e9 de l&rsquo;Europe, otage d&rsquo;Ormuz et de ses propres renoncements"},"content":{"rendered":"<p>L\u2019Europe aborde l\u2019automne 2026 dans une position \u00e9nerg\u00e9tique qu\u2019elle croyait appartenir au pass\u00e9. Le gaz europ\u00e9en a franchi 75 \u20ac\/MWh sur le march\u00e9 de r\u00e9f\u00e9rence TTF, au plus haut depuis 2023, tandis que le Brent atteint 95 dollars le baril. En cause : la guerre entre les \u00c9tats-Unis et l\u2019Iran et ses r\u00e9pliques sur le d\u00e9troit d\u2019Ormuz, par o\u00f9 transite une part consid\u00e9rable du p\u00e9trole mondial et du gaz naturel liqu\u00e9fi\u00e9 qatarien. Apr\u00e8s une accalmie au d\u00e9but de l\u2019\u00e9t\u00e9 \u2014 le TTF \u00e9tait retomb\u00e9 \u00e0 40,66 \u20ac\/MWh fin juin avec la normalisation du transit \u2014, la reprise des combats au Moyen-Orient a fait rebondir les prix au-dessus de 70 \u20ac\/MWh fin ao\u00fbt, l\u2019incertitude sur les livraisons de GNL du Golfe poussant les cours \u00e0 la hausse.<\/p>\n<p>Des stocks au plus bas, des prix appel\u00e9s \u00e0 monter<\/p>\n<p>Le vrai probl\u00e8me est ailleurs, et il est structurel : l\u2019Europe aborde l\u2019hiver avec des r\u00e9serves d\u00e9garnies. Le taux de remplissage des stockages europ\u00e9ens est historiquement bas, \u00e0 63,3 %, soit un d\u00e9ficit de 12,7 points par rapport \u00e0 2025 \u2014 loin de l\u2019objectif r\u00e9glementaire de remplissage fix\u00e9 pour l\u2019hiver. Priv\u00e9e du gaz russe par pipeline depuis 2022, l\u2019Europe d\u00e9pend d\u00e9sormais du GNL achemin\u00e9 par m\u00e9thaniers, plus cher, et se retrouve en concurrence directe avec l\u2019Asie pour chaque cargaison. Selon Goldman Sachs, une guerre des ench\u00e8res avec les acheteurs asiatiques pourrait rapprocher les prix de gros de 100 \u20ac\/MWh ; dans un sc\u00e9nario o\u00f9 les exportations du Moyen-Orient ne se normaliseraient que progressivement d\u2019ici 2027, la banque estime que le contrat TTF de d\u00e9cembre 2026 devrait probablement d\u00e9passer ce seuil.<\/p>\n<p>Les m\u00e9nages n\u2019ont pas attendu l\u2019hiver pour sentir passer la facture. En France, le prix rep\u00e8re de vente du gaz a augment\u00e9 de 5,6 % au 1er septembre pour 6 millions de m\u00e9nages, apr\u00e8s une premi\u00e8re hausse de 7,4 % en juillet. Et la m\u00e9canique inflationniste repart : la Banque centrale europ\u00e9enne, qui rend sa d\u00e9cision le 10 septembre, voit ses projections percut\u00e9es par la flamb\u00e9e \u2014 un rench\u00e9rissement durable de l\u2019\u00e9nergie qui se diffuse dans les prix, p\u00e8se sur l\u2019industrie et rogne le pouvoir d\u2019achat, en Bretagne comme ailleurs.<\/p>\n<p>L\u2019addition de 20 ans de renoncements<\/p>\n<p>Car cette crise n\u2019est pas une fatalit\u00e9 m\u00e9t\u00e9orologique : elle est le produit de choix. Ceux d\u2019un continent qui a ferm\u00e9 des centrales nucl\u00e9aires pilotables \u2014 l\u2019Allemagne en t\u00eate \u2014 au nom d\u2019une id\u00e9ologie verte, s\u2019est rendu d\u00e9pendant du gaz russe, puis, l\u2019ayant perdu, s\u2019est jet\u00e9 dans les bras du GNL am\u00e9ricain et qatarien sans jamais reconstruire de souverainet\u00e9 \u00e9nerg\u00e9tique. Un continent qui empile les objectifs climatiques et les taxes carbone pendant que ses concurrents am\u00e9ricains et asiatiques paient leur \u00e9nergie 2 \u00e0 4 fois moins cher. Mario Draghi l\u2019\u00e9crivait d\u00e9j\u00e0 dans son rapport sur la comp\u00e9titivit\u00e9 europ\u00e9enne : sans action radicale, l\u2019Europe est condamn\u00e9e \u00e0 une \u00ab lente agonie \u00bb \u00e9conomique, min\u00e9e par des co\u00fbts \u00e9nerg\u00e9tiques structurellement sup\u00e9rieurs \u00e0 ceux de ses rivaux.<\/p>\n<p>Deux \u00e9t\u00e9s apr\u00e8s cet avertissement, rien n\u2019a fondamentalement chang\u00e9 \u2014 sinon que la g\u00e9opolitique, elle, n\u2019attend pas. Chaque fr\u00e9gate d\u00e9ploy\u00e9e dans le Golfe, chaque m\u00e9thanier d\u00e9rout\u00e9 rappelle une \u00e9vidence que Bruxelles s\u2019obstine \u00e0 ne pas voir : un continent qui ne produit pas son \u00e9nergie ne d\u00e9cide ni de ses prix, ni de son industrie, ni, au bout du compte, de son destin. Les peuples europ\u00e9ens, eux, r\u00e9gleront la note cet hiver, chauffage baiss\u00e9 et facture en hausse. Prochaines \u00e9ch\u00e9ances concr\u00e8tes : la d\u00e9cision de la BCE le 10 septembre, les chiffres d\u00e9finitifs de l\u2019inflation d\u2019ao\u00fbt le 17, et le 1er octobre, l\u2019ouverture de la fen\u00eatre r\u00e9glementaire de remplissage des stockages \u2014 que l\u2019Europe abordera avec ses cuves aux deux tiers pleines.<\/p>\n<p>[cc] Article r\u00e9dig\u00e9 par la r\u00e9daction de\u00a0<a href=\"http:\/\/breizh-info.com\/\" target=\"_blank\" rel=\"noreferrer nofollow noopener\" data-saferedirecturl=\"https:\/\/www.google.com\/url?q=http:\/\/breizh-info.com&amp;source=gmail&amp;ust=1788588891438000&amp;usg=AOvVaw3wRb2iBNxYrRD_TJhrHGIc\">breizh-info.com<\/a>\u00a0et relu et corrig\u00e9 (orthographe, syntaxe) par une intelligence artificielle.<\/p>\n<p>Breizh-info.com, 2026, d\u00e9p\u00eaches libres de copie et de diffusion sous r\u00e9serve de mention obligatoire et de lien do follow vers la source d\u2019origine.<\/p>\n<p>\n        Publicit\u00e9<\/p>\n","protected":false},"excerpt":{"rendered":"L\u2019Europe aborde l\u2019automne 2026 dans une position \u00e9nerg\u00e9tique qu\u2019elle croyait appartenir au pass\u00e9. Le gaz europ\u00e9en a franchi&hellip;\n","protected":false},"author":2,"featured_media":201634,"comment_status":"","ping_status":"","sticky":false,"template":"","format":"standard","meta":{"footnotes":"","_share_on_mastodon":"0"},"categories":[2],"tags":[9778,3488,16255,14055,61407,910,18,7393,766,210,801,2928,1214,32949,61408,61409],"class_list":["post-201633","post","type-post","status-publish","format-standard","has-post-thumbnail","category-europe","tag-bce","tag-bretagne","tag-crise-energetique","tag-detroit-dormuz","tag-draghi","tag-energie","tag-europe","tag-facture-energetique","tag-gaz","tag-gnl","tag-inflation","tag-iran","tag-nucleaire","tag-souverainete-energetique","tag-stockage-gazier","tag-ttf"],"share_on_mastodon":{"url":"https:\/\/pubeurope.com\/@afrique\/117222923477184679","error":""},"_links":{"self":[{"href":"https:\/\/www.europesays.com\/afrique\/wp-json\/wp\/v2\/posts\/201633","targetHints":{"allow":["GET"]}}],"collection":[{"href":"https:\/\/www.europesays.com\/afrique\/wp-json\/wp\/v2\/posts"}],"about":[{"href":"https:\/\/www.europesays.com\/afrique\/wp-json\/wp\/v2\/types\/post"}],"author":[{"embeddable":true,"href":"https:\/\/www.europesays.com\/afrique\/wp-json\/wp\/v2\/users\/2"}],"replies":[{"embeddable":true,"href":"https:\/\/www.europesays.com\/afrique\/wp-json\/wp\/v2\/comments?post=201633"}],"version-history":[{"count":0,"href":"https:\/\/www.europesays.com\/afrique\/wp-json\/wp\/v2\/posts\/201633\/revisions"}],"wp:featuredmedia":[{"embeddable":true,"href":"https:\/\/www.europesays.com\/afrique\/wp-json\/wp\/v2\/media\/201634"}],"wp:attachment":[{"href":"https:\/\/www.europesays.com\/afrique\/wp-json\/wp\/v2\/media?parent=201633"}],"wp:term":[{"taxonomy":"category","embeddable":true,"href":"https:\/\/www.europesays.com\/afrique\/wp-json\/wp\/v2\/categories?post=201633"},{"taxonomy":"post_tag","embeddable":true,"href":"https:\/\/www.europesays.com\/afrique\/wp-json\/wp\/v2\/tags?post=201633"}],"curies":[{"name":"wp","href":"https:\/\/api.w.org\/{rel}","templated":true}]}}